{"id":68613,"date":"2026-04-23T18:14:26","date_gmt":"2026-04-23T21:14:26","guid":{"rendered":"https:\/\/crajubaremacao.com.br\/?p=68613"},"modified":"2026-04-23T18:14:26","modified_gmt":"2026-04-23T21:14:26","slug":"moraes-da-15-dias-para-apresentacao-das-alegacoes-finais-de-acao-penal-contra-eduardo-bolsonaro","status":"publish","type":"post","link":"https:\/\/crajubaremacao.com.br\/?p=68613","title":{"rendered":"Moraes d\u00e1 15 dias para apresenta\u00e7\u00e3o das alega\u00e7\u00f5es finais de a\u00e7\u00e3o penal contra Eduardo Bolsonaro\u00a0"},"content":{"rendered":"<div>\n<div style=\"margin-bottom: 15px;\"><img decoding=\"async\" class=\"type:primaryImage\" src=\"https:\/\/jpimg.com.br\/uploads\/2026\/01\/eduardo-bolsonaro-750x450.jpg\"><\/div>\n<p><?xml encoding=\"UTF-8\"><\/p>\n<p>O ministro do Supremo Tribunal Federal (STF) Alexandre de Moraes determinou nesta quinta-feira (23) o<strong> prazo de 15 dias para as alega\u00e7\u00f5es finais na a\u00e7\u00e3o penal<\/strong> contra o ex-deputado Eduardo Bolsonaro (PL-SP). Ele responde por coa\u00e7\u00e3o no curso do processo. De acordo com a PGR, ele atuou nos Estados Unidos para pressionar autoridades brasileiras e interferir no andamento da a\u00e7\u00e3o contra seu pai, Jair Bolsonaro (PL), que, posteriormente, foi condenado por envolvimento na trama golpista.<\/p>\n<p>De acordo com as alega\u00e7\u00f5es, Eduardo Bolsonaro buscou apoio do governo americano para impor medidas como san\u00e7\u00f5es e tarifas ao Brasil em rea\u00e7\u00e3o ao julgamento.<\/p>\n<p>A fase de alega\u00e7\u00f5es finais corresponde \u00e0s \u00faltimas manifesta\u00e7\u00f5es das partes antes do julgamento. A Procuradoria-Geral da Rep\u00fablica (PGR), respons\u00e1vel pela acusa\u00e7\u00e3o, e a Defensoria P\u00fablica da Uni\u00e3o (DPU), encarregada da defesa, foram intimadas a se manifestarem. Conclu\u00edda a etapa de alega\u00e7\u00f5es finais, a Primeira Turma pode definir a data do julgamento, quando os ministros analisam o m\u00e9rito da a\u00e7\u00e3o e decidem se o ex-parlamentar ser\u00e1 absolvido ou condenado.<\/p>\n<h3><strong>Relembre o processo<\/strong><\/h3>\n<p>Morando nos EUA h\u00e1 pouco mais de um ano, Eduardo Bolsonaro foi citado no processo por edital, ou seja, comunicado da a\u00e7\u00e3o penal por meio de uma publica\u00e7\u00e3o oficial.\u00a0Como ele n\u00e3o apresentou advogado no caso nem defesa pr\u00e9via, a Defensoria foi acionada e uma audi\u00eancia de instru\u00e7\u00e3o, com interrogat\u00f3rio realizado por videoconfer\u00eancia, marcada.<\/p>\n<p>Eduardo n\u00e3o compareceu ao depoimento, considerado um ato de defesa. A presen\u00e7a n\u00e3o \u00e9 obrigat\u00f3ria, mas o r\u00e9u se ausenta de momento destinado \u00e0 apresenta\u00e7\u00e3o de sua vers\u00e3o dos fatos.\u00a0Realizada a audi\u00eancia no \u00faltimo dia 14, o juiz auxiliar abriu prazo de cinco dias para vista conjunta, quando acusa\u00e7\u00e3o e defesa podem acessar os autos para pedir novas provas ou dilig\u00eancias para esclarecer fatos que surgiram em depoimento.<\/p>\n<p>Tanto a PGR quanto a Defensoria n\u00e3o fizeram requerimentos. O processo avan\u00e7ou e foi para a fase das alega\u00e7\u00f5es finais.<\/p>\n<\/div>\n","protected":false},"excerpt":{"rendered":"<p>O ministro do Supremo Tribunal Federal (STF) Alexandre de Moraes determinou nesta quinta-feira (23) o prazo de 15 dias para as alega\u00e7\u00f5es finais na a\u00e7\u00e3o penal contra o ex-deputado Eduardo Bolsonaro (PL-SP). Ele responde por coa\u00e7\u00e3o no curso do processo. De acordo com a PGR, ele atuou nos Estados Unidos para pressionar autoridades brasileiras e [&hellip;]<\/p>\n","protected":false},"author":117,"featured_media":68614,"comment_status":"closed","ping_status":"closed","sticky":false,"template":"","format":"standard","meta":{"_themeisle_gutenberg_block_has_review":false,"_jetpack_memberships_contains_paid_content":false,"footnotes":""},"categories":[9],"tags":[129],"class_list":{"0":"post-68613","1":"post","2":"type-post","3":"status-publish","4":"format-standard","5":"has-post-thumbnail","7":"category-politica","8":"tag-politica"},"jetpack_featured_media_url":"https:\/\/crajubaremacao.com.br\/wp-content\/uploads\/2026\/04\/eduardo-bolsonaro-750x450-1.jpg","jetpack_sharing_enabled":true,"_links":{"self":[{"href":"https:\/\/crajubaremacao.com.br\/index.php?rest_route=\/wp\/v2\/posts\/68613","targetHints":{"allow":["GET"]}}],"collection":[{"href":"https:\/\/crajubaremacao.com.br\/index.php?rest_route=\/wp\/v2\/posts"}],"about":[{"href":"https:\/\/crajubaremacao.com.br\/index.php?rest_route=\/wp\/v2\/types\/post"}],"author":[{"embeddable":true,"href":"https:\/\/crajubaremacao.com.br\/index.php?rest_route=\/wp\/v2\/users\/117"}],"replies":[{"embeddable":true,"href":"https:\/\/crajubaremacao.com.br\/index.php?rest_route=%2Fwp%2Fv2%2Fcomments&post=68613"}],"version-history":[{"count":0,"href":"https:\/\/crajubaremacao.com.br\/index.php?rest_route=\/wp\/v2\/posts\/68613\/revisions"}],"wp:featuredmedia":[{"embeddable":true,"href":"https:\/\/crajubaremacao.com.br\/index.php?rest_route=\/wp\/v2\/media\/68614"}],"wp:attachment":[{"href":"https:\/\/crajubaremacao.com.br\/index.php?rest_route=%2Fwp%2Fv2%2Fmedia&parent=68613"}],"wp:term":[{"taxonomy":"category","embeddable":true,"href":"https:\/\/crajubaremacao.com.br\/index.php?rest_route=%2Fwp%2Fv2%2Fcategories&post=68613"},{"taxonomy":"post_tag","embeddable":true,"href":"https:\/\/crajubaremacao.com.br\/index.php?rest_route=%2Fwp%2Fv2%2Ftags&post=68613"}],"curies":[{"name":"wp","href":"https:\/\/api.w.org\/{rel}","templated":true}]}}