{"id":68615,"date":"2026-04-23T18:14:30","date_gmt":"2026-04-23T21:14:30","guid":{"rendered":"https:\/\/crajubaremacao.com.br\/?p=68615"},"modified":"2026-04-23T18:14:30","modified_gmt":"2026-04-23T21:14:30","slug":"papa-leao-xiv-diz-que-imigrantes-sao-tratados-pior-do-que-pets","status":"publish","type":"post","link":"https:\/\/crajubaremacao.com.br\/?p=68615","title":{"rendered":"Papa Le\u00e3o XIV diz que imigrantes s\u00e3o tratados &#8216;pior do que pets&#8217;"},"content":{"rendered":"<div><img decoding=\"async\" src=\"https:\/\/s2-g1.glbimg.com\/rZTOWVAA39T8sYLkCJRyuomgD30=\/i.s3.glbimg.com\/v1\/AUTH_59edd422c0c84a879bd37670ae4f538a\/internal_photos\/bs\/2026\/N\/J\/7jwtYBRkWQyX4UQwOaYA\/2026-04-23t174545z-451931351-rc20vkatvj2h-rtrmadp-3-iran-crisis-pope.jpg\"><br \/>     O Papa Le\u00e3o XIV fala com jornalistas a bordo do voo papal de Malabo para Roma, em 23 de abril de 2026, ap\u00f3s visita pastoral de 11 dias \u00e0 \u00c1frica<br \/>\nAndrew Medichini\/Pool via Reuters<br \/>\nO papa Le\u00e3o XIV criticou nesta quinta-feira (23) o tratamento dispensado no mundo aos imigrantes, dizendo que muitas vezes migrantes e refugiados que buscam escapar da viol\u00eancia ou da pobreza s\u00e3o considerados &#8220;piores do que pets ou animais&#8221;, em coment\u00e1rios excepcionalmente fortes sobre o assunto.<br \/>\n&#x2705; Siga o canal de not\u00edcias internacionais do g1 no WhatsApp<br \/>\nLe\u00e3o, que tem sido um cr\u00edtico das pol\u00edticas de imigra\u00e7\u00e3o linha-dura do presidente dos Estados Unidos, Donald Trump, pediu um tratamento humano aos imigrantes durante seu voo de volta a Roma ap\u00f3s uma turn\u00ea por quatro pa\u00edses na \u00c1frica.<br \/>\n&#8220;Eles s\u00e3o seres humanos e temos que tratar os seres humanos de forma humanit\u00e1ria e n\u00e3o pior&#8230; do que pets ou animais&#8221;, disse o papa a jornalistas.<br \/>\nPapa Le\u00e3o XVI visita pris\u00e3o denunciada por abusos na \u00c1frica<br \/>\nPrimeiro papa norte-americano, Le\u00e3o n\u00e3o mencionou especificamente um pa\u00eds em seus coment\u00e1rios desta quinta-feira.<br \/>\nO papa j\u00e1 havia questionado se as pol\u00edticas do governo Trump estariam de acordo com os ensinamentos pr\u00f3-vida da Igreja Cat\u00f3lica, em coment\u00e1rios que atra\u00edram fortes cr\u00edticas de cat\u00f3licos conservadores dos EUA.<br \/>\nLe\u00e3o disse tamb\u00e9m nesta quinta-feira que os pa\u00edses t\u00eam o direito de controlar suas fronteiras e pediu \u00e0s na\u00e7\u00f5es mais ricas que ajudem a desenvolver os pa\u00edses dos quais saem os migrantes, para que n\u00e3o sintam a necessidade de partir.<br \/>\n&#8220;O que os pa\u00edses mais ricos est\u00e3o fazendo para mudar a situa\u00e7\u00e3o dos pa\u00edses mais pobres?&#8221;, perguntou. &#8220;E por que n\u00e3o podemos procurar&#8230; mudar a situa\u00e7\u00e3o nesses pa\u00edses?&#8221;<br \/>\nTamb\u00e9m durante seu voo de volta a Roma, o pont\u00edfice disse que n\u00e3o pretende avan\u00e7ar al\u00e9m das medidas adotadas por Francisco sobre b\u00ean\u00e7\u00e3os a casais do mesmo sexo.<\/div>\n","protected":false},"excerpt":{"rendered":"<p>O Papa Le\u00e3o XIV fala com jornalistas a bordo do voo papal de Malabo para Roma, em 23 de abril de 2026, ap\u00f3s visita pastoral de 11 dias \u00e0 \u00c1frica Andrew Medichini\/Pool via Reuters O papa Le\u00e3o XIV criticou nesta quinta-feira (23) o tratamento dispensado no mundo aos imigrantes, dizendo que muitas vezes migrantes e [&hellip;]<\/p>\n","protected":false},"author":261,"featured_media":0,"comment_status":"closed","ping_status":"closed","sticky":false,"template":"","format":"standard","meta":{"_themeisle_gutenberg_block_has_review":false,"_jetpack_memberships_contains_paid_content":false,"footnotes":""},"categories":[5],"tags":[155],"class_list":{"0":"post-68615","1":"post","2":"type-post","3":"status-publish","4":"format-standard","6":"category-internacionais","7":"tag-mundo"},"jetpack_featured_media_url":"","jetpack_sharing_enabled":true,"_links":{"self":[{"href":"https:\/\/crajubaremacao.com.br\/index.php?rest_route=\/wp\/v2\/posts\/68615","targetHints":{"allow":["GET"]}}],"collection":[{"href":"https:\/\/crajubaremacao.com.br\/index.php?rest_route=\/wp\/v2\/posts"}],"about":[{"href":"https:\/\/crajubaremacao.com.br\/index.php?rest_route=\/wp\/v2\/types\/post"}],"author":[{"embeddable":true,"href":"https:\/\/crajubaremacao.com.br\/index.php?rest_route=\/wp\/v2\/users\/261"}],"replies":[{"embeddable":true,"href":"https:\/\/crajubaremacao.com.br\/index.php?rest_route=%2Fwp%2Fv2%2Fcomments&post=68615"}],"version-history":[{"count":0,"href":"https:\/\/crajubaremacao.com.br\/index.php?rest_route=\/wp\/v2\/posts\/68615\/revisions"}],"wp:attachment":[{"href":"https:\/\/crajubaremacao.com.br\/index.php?rest_route=%2Fwp%2Fv2%2Fmedia&parent=68615"}],"wp:term":[{"taxonomy":"category","embeddable":true,"href":"https:\/\/crajubaremacao.com.br\/index.php?rest_route=%2Fwp%2Fv2%2Fcategories&post=68615"},{"taxonomy":"post_tag","embeddable":true,"href":"https:\/\/crajubaremacao.com.br\/index.php?rest_route=%2Fwp%2Fv2%2Ftags&post=68615"}],"curies":[{"name":"wp","href":"https:\/\/api.w.org\/{rel}","templated":true}]}}