{"id":68618,"date":"2026-04-24T00:09:21","date_gmt":"2026-04-24T03:09:21","guid":{"rendered":"https:\/\/crajubaremacao.com.br\/?p=68618"},"modified":"2026-04-24T00:09:21","modified_gmt":"2026-04-24T03:09:21","slug":"pf-conclui-inquerito-sobre-morte-do-sicario-de-daniel-vorcaro","status":"publish","type":"post","link":"https:\/\/crajubaremacao.com.br\/?p=68618","title":{"rendered":"PF conclui inqu\u00e9rito sobre morte do \u2018Sic\u00e1rio\u2019 de Daniel Vorcaro"},"content":{"rendered":"<div>\n<div style=\"margin-bottom: 15px;\"><img decoding=\"async\" class=\"type:primaryImage\" src=\"https:\/\/crajubaremacao.com.br\/wp-content\/uploads\/2026\/04\/luiz-phillipi-mourao-o-sicario-de-daniel-vorcaro-750x450-1.jpg\"><\/div>\n<p><?xml encoding=\"UTF-8\"><\/p>\n<p>A Pol\u00edcia Federal (PF) divulgou nesta quinta-feira (23) que <strong>concluiu o inqu\u00e9rito policial<\/strong> que apurou as circunst\u00e2ncias do atentado contra a pr\u00f3pria vida de Luiz Philipi Machado de Moraes Mour\u00e3o, o \u201c<strong>Sic\u00e1rio\u201d de Daniel Vorcaro, <\/strong>e encaminhou o relat\u00f3rio final ao Supremo Tribunal Federal (STF).<\/p>\n<p>Mour\u00e3o <strong><a href=\"https:\/\/jovempan.com.br\/noticias\/brasil\/sicario-de-vorcaro-morre-em-bh-apos-ser-preso-em-operacao-contra-banco-master.html\" target=\"_blank\" rel=\"noopener noreferrer\">morreu ap\u00f3s um <\/a>enforcamento que aconteceu quando ele se encontrava nas depend\u00eancias da Superintend\u00eancia Regional da PF<\/strong> em Minas Gerais, e que posteriormente resultou na confirma\u00e7\u00e3o da morte, no Hospital Jo\u00e3o XXIII, em Belo Horizonte.<\/p>\n<h2>PF nega interfer\u00eancia externa na morte<\/h2>\n<p>A Pol\u00edcia Federal (PF) j\u00e1 havia conclu\u00eddo no domingo (19) a <strong><a href=\"https:\/\/jovempan.com.br\/noticias\/politica\/pf-conclui-que-nao-houve-interferencia-externa-na-morte-de-sicario-de-vorcaro.html\" target=\"_blank\" rel=\"noopener noreferrer\">aus\u00eancia de qualquer interfer\u00eancia externa<\/a> <\/strong>na morte de Mour\u00e3o. O enforcamento foi integralmente <strong><a href=\"https:\/\/jovempan.com.br\/noticias\/brasil\/morte-de-sicario-de-vorcaro-foi-filmada-sem-pontos-cegos-diz-pf.html\" target=\"_blank\" rel=\"noopener noreferrer\">filmado pelas c\u00e2meras de seguran\u00e7a<\/a><\/strong> do local, sem pontos cegos. A informa\u00e7\u00e3o foi confirmada pela <strong>Jovem Pan<\/strong>.<\/p>\n<p>O sic\u00e1rio <strong>foi preso preventivamente em 4 de mar\u00e7o durante a terceira fase da Opera\u00e7\u00e3o Compliance Zero,<\/strong> que investiga fraudes envolvendo o Banco Master. Ele era apontado como coordenador operacional de um esquema que teria acessado indevidamente sistemas sigilosos da PF, do Minist\u00e9rio P\u00fablico Federal e da Interpol, al\u00e9m de corromper servidores do Banco Central.<\/p>\n<p>A opera\u00e7\u00e3o resultou tamb\u00e9m na\u00a0<strong>pris\u00e3o de Vorcaro<\/strong>, dono do banco, de\u00a0<strong>seu cunhado Fabiano Zettel<\/strong>\u00a0e do\u00a0<strong>policial federal aposentado Marilson Roseno da Silva<\/strong>, com\u00a0<strong>bloqueio judicial de bens que chega a R$ 22 bilh\u00f5es<\/strong>.<\/p>\n<h2>Ajuda<\/h2>\n<p>Caso voc\u00ea tenha pensamentos suicidas, procure o CVV (Centro de Valoriza\u00e7\u00e3o da Vida) e os Caps (Centros de Aten\u00e7\u00e3o Psicossocial) da sua cidade.<\/p>\n<p>O CVV funciona 24 horas por dia (inclusive aos feriados) pelo telefone 188, e tamb\u00e9m atende por e-mail, chat e pessoalmente.<\/p>\n<\/div>\n","protected":false},"excerpt":{"rendered":"<p>A Pol\u00edcia Federal (PF) divulgou nesta quinta-feira (23) que concluiu o inqu\u00e9rito policial que apurou as circunst\u00e2ncias do atentado contra a pr\u00f3pria vida de Luiz Philipi Machado de Moraes Mour\u00e3o, o \u201cSic\u00e1rio\u201d de Daniel Vorcaro, e encaminhou o relat\u00f3rio final ao Supremo Tribunal Federal (STF). Mour\u00e3o morreu ap\u00f3s um enforcamento que aconteceu quando ele se [&hellip;]<\/p>\n","protected":false},"author":117,"featured_media":68619,"comment_status":"closed","ping_status":"closed","sticky":false,"template":"","format":"standard","meta":{"_themeisle_gutenberg_block_has_review":false,"_jetpack_memberships_contains_paid_content":false,"footnotes":""},"categories":[2],"tags":[150],"class_list":{"0":"post-68618","1":"post","2":"type-post","3":"status-publish","4":"format-standard","5":"has-post-thumbnail","7":"category-brasil","8":"tag-brasil"},"jetpack_featured_media_url":"https:\/\/crajubaremacao.com.br\/wp-content\/uploads\/2026\/04\/luiz-phillipi-mourao-o-sicario-de-daniel-vorcaro-750x450-1.jpg","jetpack_sharing_enabled":true,"_links":{"self":[{"href":"https:\/\/crajubaremacao.com.br\/index.php?rest_route=\/wp\/v2\/posts\/68618","targetHints":{"allow":["GET"]}}],"collection":[{"href":"https:\/\/crajubaremacao.com.br\/index.php?rest_route=\/wp\/v2\/posts"}],"about":[{"href":"https:\/\/crajubaremacao.com.br\/index.php?rest_route=\/wp\/v2\/types\/post"}],"author":[{"embeddable":true,"href":"https:\/\/crajubaremacao.com.br\/index.php?rest_route=\/wp\/v2\/users\/117"}],"replies":[{"embeddable":true,"href":"https:\/\/crajubaremacao.com.br\/index.php?rest_route=%2Fwp%2Fv2%2Fcomments&post=68618"}],"version-history":[{"count":0,"href":"https:\/\/crajubaremacao.com.br\/index.php?rest_route=\/wp\/v2\/posts\/68618\/revisions"}],"wp:featuredmedia":[{"embeddable":true,"href":"https:\/\/crajubaremacao.com.br\/index.php?rest_route=\/wp\/v2\/media\/68619"}],"wp:attachment":[{"href":"https:\/\/crajubaremacao.com.br\/index.php?rest_route=%2Fwp%2Fv2%2Fmedia&parent=68618"}],"wp:term":[{"taxonomy":"category","embeddable":true,"href":"https:\/\/crajubaremacao.com.br\/index.php?rest_route=%2Fwp%2Fv2%2Fcategories&post=68618"},{"taxonomy":"post_tag","embeddable":true,"href":"https:\/\/crajubaremacao.com.br\/index.php?rest_route=%2Fwp%2Fv2%2Ftags&post=68618"}],"curies":[{"name":"wp","href":"https:\/\/api.w.org\/{rel}","templated":true}]}}