{"id":68620,"date":"2026-04-24T00:09:28","date_gmt":"2026-04-24T03:09:28","guid":{"rendered":"https:\/\/crajubaremacao.com.br\/?p=68620"},"modified":"2026-04-24T00:09:28","modified_gmt":"2026-04-24T03:09:28","slug":"lula-passara-por-dois-procedimentos-medicos-em-sao-paulo-nesta-sexta-feira","status":"publish","type":"post","link":"https:\/\/crajubaremacao.com.br\/?p=68620","title":{"rendered":"Lula passar\u00e1 por dois procedimentos m\u00e9dicos em S\u00e3o Paulo nesta sexta-feira"},"content":{"rendered":"<div>\n<div style=\"margin-bottom: 15px;\"><img decoding=\"async\" class=\"type:primaryImage\" src=\"https:\/\/jpimg.com.br\/uploads\/2026\/01\/55063660572_c3a6d298ca_k-750x414.jpg\"><\/div>\n<p><?xml encoding=\"UTF-8\"><\/p>\n<p>O presidente<strong> Luiz In\u00e1cio Lula da Silva (PT)<\/strong> deve passar por dois procedimentos m\u00e9dicos nesta sexta-feira (24): uma cauteriza\u00e7\u00e3o na cabe\u00e7a e uma infiltra\u00e7\u00e3o na m\u00e3o, informou o Pal\u00e1cio do Planalto nesta quinta-feira (23). De acordo com a Presid\u00eancia, os <strong>procedimentos, que s\u00e3o r\u00e1pidos e n\u00e3o necessitam de prepara\u00e7\u00e3o,<\/strong> ser\u00e3o feitos no Hospital S\u00edrio-Liban\u00eas da capital paulista, para onde o presidente viajou na noite de quinta-feira (23).<\/p>\n<p>Ap\u00f3s os procedimentos \u2013 a retirada de queratose (ac\u00famulo de pele) na cabe\u00e7a e a infiltra\u00e7\u00e3o para tratar uma tendinite no polegar direito \u2013\u00a0 Lula deve passar a sexta-feira e o s\u00e1bado em sua casa em S\u00e3o Paulo. <strong>H\u00e1 possibilidade de o presidente participar de congresso do Partido dos Trabalhadores no domingo<\/strong> em Bras\u00edlia, mas ainda n\u00e3o est\u00e1 confirmado.<\/p>\n<p>\u00a0<\/p>\n<\/div>\n","protected":false},"excerpt":{"rendered":"<p>O presidente Luiz In\u00e1cio Lula da Silva (PT) deve passar por dois procedimentos m\u00e9dicos nesta sexta-feira (24): uma cauteriza\u00e7\u00e3o na cabe\u00e7a e uma infiltra\u00e7\u00e3o na m\u00e3o, informou o Pal\u00e1cio do Planalto nesta quinta-feira (23). De acordo com a Presid\u00eancia, os procedimentos, que s\u00e3o r\u00e1pidos e n\u00e3o necessitam de prepara\u00e7\u00e3o, ser\u00e3o feitos no Hospital S\u00edrio-Liban\u00eas da [&hellip;]<\/p>\n","protected":false},"author":117,"featured_media":68621,"comment_status":"closed","ping_status":"closed","sticky":false,"template":"","format":"standard","meta":{"_themeisle_gutenberg_block_has_review":false,"_jetpack_memberships_contains_paid_content":false,"footnotes":""},"categories":[9],"tags":[129],"class_list":{"0":"post-68620","1":"post","2":"type-post","3":"status-publish","4":"format-standard","5":"has-post-thumbnail","7":"category-politica","8":"tag-politica"},"jetpack_featured_media_url":"https:\/\/crajubaremacao.com.br\/wp-content\/uploads\/2026\/04\/55063660572_c3a6d298ca_k-750x414-1.jpg","jetpack_sharing_enabled":true,"_links":{"self":[{"href":"https:\/\/crajubaremacao.com.br\/index.php?rest_route=\/wp\/v2\/posts\/68620","targetHints":{"allow":["GET"]}}],"collection":[{"href":"https:\/\/crajubaremacao.com.br\/index.php?rest_route=\/wp\/v2\/posts"}],"about":[{"href":"https:\/\/crajubaremacao.com.br\/index.php?rest_route=\/wp\/v2\/types\/post"}],"author":[{"embeddable":true,"href":"https:\/\/crajubaremacao.com.br\/index.php?rest_route=\/wp\/v2\/users\/117"}],"replies":[{"embeddable":true,"href":"https:\/\/crajubaremacao.com.br\/index.php?rest_route=%2Fwp%2Fv2%2Fcomments&post=68620"}],"version-history":[{"count":0,"href":"https:\/\/crajubaremacao.com.br\/index.php?rest_route=\/wp\/v2\/posts\/68620\/revisions"}],"wp:featuredmedia":[{"embeddable":true,"href":"https:\/\/crajubaremacao.com.br\/index.php?rest_route=\/wp\/v2\/media\/68621"}],"wp:attachment":[{"href":"https:\/\/crajubaremacao.com.br\/index.php?rest_route=%2Fwp%2Fv2%2Fmedia&parent=68620"}],"wp:term":[{"taxonomy":"category","embeddable":true,"href":"https:\/\/crajubaremacao.com.br\/index.php?rest_route=%2Fwp%2Fv2%2Fcategories&post=68620"},{"taxonomy":"post_tag","embeddable":true,"href":"https:\/\/crajubaremacao.com.br\/index.php?rest_route=%2Fwp%2Fv2%2Ftags&post=68620"}],"curies":[{"name":"wp","href":"https:\/\/api.w.org\/{rel}","templated":true}]}}