{"id":68626,"date":"2026-04-24T03:00:36","date_gmt":"2026-04-24T06:00:36","guid":{"rendered":"https:\/\/crajubaremacao.com.br\/?p=68626"},"modified":"2026-04-24T03:00:36","modified_gmt":"2026-04-24T06:00:36","slug":"academias-de-fortaleza-devem-reforcar-medidas-de-seguranca-apos-morte-de-aluno-recomenda-decon","status":"publish","type":"post","link":"https:\/\/crajubaremacao.com.br\/?p=68626","title":{"rendered":"Academias de Fortaleza devem refor\u00e7ar medidas de seguran\u00e7a ap\u00f3s morte de aluno, recomenda Decon"},"content":{"rendered":"<div><img decoding=\"async\" src=\"https:\/\/s2-g1.glbimg.com\/vQf7YieM9fZbZG4GnFR4rqUU4dE=\/i.s3.glbimg.com\/v1\/AUTH_59edd422c0c84a879bd37670ae4f538a\/internal_photos\/bs\/2026\/2\/o\/kT8oQIQrOtpWuWiLHadA\/morre-academia.jpg\"><br \/>     Aluno morre em academia de Fortaleza durante exerc\u00edcio f\u00edsico<br \/>\nAs academias de Fortaleza receberam recomenda\u00e7\u00e3o para refor\u00e7ar o cumprimento de normas que garantam a seguran\u00e7a dos consumidores. A orienta\u00e7\u00e3o foi repassada pelo Programa Estadual de Prote\u00e7\u00e3o e Defesa do Consumidor (Decon), um dia ap\u00f3s a morte de um aluno enquanto se exercitava em uma academia do bairro Parre\u00e3o.<br \/>\nNa recomenda\u00e7\u00e3o, o Decon orienta que as academias exijam atestado m\u00e9dico no ato da matr\u00edcula, realizem avalia\u00e7\u00e3o pr\u00e9via dos alunos, garantam o acompanhamento por profissionais habilitados e adotem protocolos de emerg\u00eancia.<br \/>\nA recomenda\u00e7\u00e3o do Decon, que integra o Minist\u00e9rio P\u00fablico do Cear\u00e1, tamb\u00e9m vale para as empresas intermediadoras de acesso a esses servi\u00e7os, como as plataformas Gympass, TotalPass e similares.<br \/>\nLEIA TAMB\u00c9M:<br \/>\nSeis alunos morreram em academias na Grande Fortaleza nos \u00faltimos dez meses<br \/>\nSA\u00daDE: Oito postos de sa\u00fade e dois shoppings ter\u00e3o vacina\u00e7\u00e3o contra a gripe no fim de semana em Fortaleza; veja locais<br \/>\nAl\u00e9m disso, 18 estabelecimentos do g\u00eanero foram notificados e possuem o prazo de 10 dias para comunicar ao \u00f3rg\u00e3o as provid\u00eancias adotadas. O Minist\u00e9rio P\u00fablico n\u00e3o divulgou quais academias foram notificadas.<br \/>\nA medida, conforme o MPCE, foi motivada pelo aumento de registros de \u00f3bitos e graves intercorr\u00eancias durante a pr\u00e1tica de exerc\u00edcios f\u00edsicos nesses espa\u00e7os, e objetiva garantir que a atividade ocorra de forma segura para toda a popula\u00e7\u00e3o. Seis alunos morreram em academias na Grande Fortaleza, nos \u00faltimos dez meses.<br \/>\nO Conselho Regional de Educa\u00e7\u00e3o F\u00edsica (CREF5\/CE) e o Sindicato das Empresas de Condicionamento F\u00edsico do Estado do Cear\u00e1 (Sindfit-CE) tamb\u00e9m foram notificados para refor\u00e7ar a orienta\u00e7\u00e3o e fiscaliza\u00e7\u00e3o do setor.<br \/>\nO documento tem como base a legisla\u00e7\u00e3o municipal e o C\u00f3digo de Defesa do Consumidor. Em caso de descumprimento, os estabelecimentos poder\u00e3o ser responsabilizados civil e administrativamente, conforme a legisla\u00e7\u00e3o vigente.<br \/>\nAcademias de Fortaleza devem refor\u00e7ar medidas de seguran\u00e7a ap\u00f3s morte de aluno, recomenda Decon.<br \/>\nImagem ilustrativa\/Freepik<br \/>\nAssista aos v\u00eddeos mais vistos do Cear\u00e1<\/div>\n","protected":false},"excerpt":{"rendered":"<p>Aluno morre em academia de Fortaleza durante exerc\u00edcio f\u00edsico As academias de Fortaleza receberam recomenda\u00e7\u00e3o para refor\u00e7ar o cumprimento de normas que garantam a seguran\u00e7a dos consumidores. A orienta\u00e7\u00e3o foi repassada pelo Programa Estadual de Prote\u00e7\u00e3o e Defesa do Consumidor (Decon), um dia ap\u00f3s a morte de um aluno enquanto se exercitava em uma academia [&hellip;]<\/p>\n","protected":false},"author":264,"featured_media":68627,"comment_status":"closed","ping_status":"closed","sticky":false,"template":"","format":"standard","meta":{"_themeisle_gutenberg_block_has_review":false,"_jetpack_memberships_contains_paid_content":false,"footnotes":""},"categories":[4],"tags":[127,130],"class_list":{"0":"post-68626","1":"post","2":"type-post","3":"status-publish","4":"format-standard","5":"has-post-thumbnail","7":"category-regiao","8":"tag-cariri","9":"tag-ceara"},"jetpack_featured_media_url":"https:\/\/crajubaremacao.com.br\/wp-content\/uploads\/2026\/04\/morre-academia.jpg","jetpack_sharing_enabled":true,"_links":{"self":[{"href":"https:\/\/crajubaremacao.com.br\/index.php?rest_route=\/wp\/v2\/posts\/68626","targetHints":{"allow":["GET"]}}],"collection":[{"href":"https:\/\/crajubaremacao.com.br\/index.php?rest_route=\/wp\/v2\/posts"}],"about":[{"href":"https:\/\/crajubaremacao.com.br\/index.php?rest_route=\/wp\/v2\/types\/post"}],"author":[{"embeddable":true,"href":"https:\/\/crajubaremacao.com.br\/index.php?rest_route=\/wp\/v2\/users\/264"}],"replies":[{"embeddable":true,"href":"https:\/\/crajubaremacao.com.br\/index.php?rest_route=%2Fwp%2Fv2%2Fcomments&post=68626"}],"version-history":[{"count":0,"href":"https:\/\/crajubaremacao.com.br\/index.php?rest_route=\/wp\/v2\/posts\/68626\/revisions"}],"wp:featuredmedia":[{"embeddable":true,"href":"https:\/\/crajubaremacao.com.br\/index.php?rest_route=\/wp\/v2\/media\/68627"}],"wp:attachment":[{"href":"https:\/\/crajubaremacao.com.br\/index.php?rest_route=%2Fwp%2Fv2%2Fmedia&parent=68626"}],"wp:term":[{"taxonomy":"category","embeddable":true,"href":"https:\/\/crajubaremacao.com.br\/index.php?rest_route=%2Fwp%2Fv2%2Fcategories&post=68626"},{"taxonomy":"post_tag","embeddable":true,"href":"https:\/\/crajubaremacao.com.br\/index.php?rest_route=%2Fwp%2Fv2%2Ftags&post=68626"}],"curies":[{"name":"wp","href":"https:\/\/api.w.org\/{rel}","templated":true}]}}