{"id":68638,"date":"2026-04-24T06:02:04","date_gmt":"2026-04-24T09:02:04","guid":{"rendered":"https:\/\/crajubaremacao.com.br\/?p=68638"},"modified":"2026-04-24T06:02:04","modified_gmt":"2026-04-24T09:02:04","slug":"casos-de-gripe-disparam-e-reforcam-alerta-para-a-necessidade-de-se-vacinar","status":"publish","type":"post","link":"https:\/\/crajubaremacao.com.br\/?p=68638","title":{"rendered":"Casos de gripe disparam e refor\u00e7am alerta para a necessidade de se vacinar"},"content":{"rendered":"<div><img decoding=\"async\" src=\"https:\/\/s2-g1.glbimg.com\/SSla-iff99-XYO7a-JNc6n4Vz2E=\/i.s3.glbimg.com\/v1\/AUTH_59edd422c0c84a879bd37670ae4f538a\/internal_photos\/bs\/2026\/6\/t\/anDs8wSqyMaND52F3Piw\/captura-de-tela-2026-04-09-172956.png\"><br \/>     Embora a gripe e os resfriados sejam confundidos pela popula\u00e7\u00e3o devido \u00e0 semelhan\u00e7a dos sintomas, a gripe \u00e9 uma s\u00e9ria preocupa\u00e7\u00e3o em sa\u00fade p\u00fablica.<br \/>\nAlessandra Hoppen\/Ag\u00eancia RBS<br \/>\nEsperada para o per\u00edodo de maio a setembro, a temporada da gripe chegou mais cedo e com mais for\u00e7a ao Brasil em 2026.<br \/>\nDe acordo com o Minist\u00e9rio da Sa\u00fade, at\u00e9 17 de abril, foram contabilizados 4.181 casos de S\u00edndrome Respirat\u00f3ria Aguda Grave (SRAG) associados ao v\u00edrus influenza, dos quais 259 pessoas morreram. Os n\u00fameros s\u00e3o muito superiores aos verificados no mesmo per\u00edodo de 2025.<br \/>\nA tend\u00eancia, avalia a Funda\u00e7\u00e3o Oswaldo Cruz (Fiocruz), \u00e9 de que a alta se mantenha em 14 das 27 Unidades da Federa\u00e7\u00e3o.<br \/>\nO cen\u00e1rio n\u00e3o \u00e9 surpresa. No in\u00edcio de dezembro, a Organiza\u00e7\u00e3o Pan-Americana da Sa\u00fade (OPAS) alertou os estados membros para a possibilidade de a temporada da doen\u00e7a come\u00e7ar antes do habitual e transcorrer de forma mais intensa.<br \/>\nO motivo era o aumento significativo da atividade do v\u00edrus, relacionado ao rec\u00e9m-identificado subclado K (J.2.4.1) do Influenza A(H3N2). N\u00e3o \u00e9 poss\u00edvel afirmar que a situa\u00e7\u00e3o no Brasil esteja relacionada exclusivamente a este subclado, mas a detec\u00e7\u00e3o regional de alguns casos e o fato de a cepa protagonista no pa\u00eds ser a A(H3N2) s\u00e3o indicativos disso.<br \/>\nEmbora a gripe e os resfriados sejam confundidos pela popula\u00e7\u00e3o devido \u00e0 semelhan\u00e7a dos sintomas, a gripe \u00e9 uma s\u00e9ria preocupa\u00e7\u00e3o em sa\u00fade p\u00fablica.<br \/>\nEstimativas da Organiza\u00e7\u00e3o Mundial da Sa\u00fade (OMS) apontam que, anualmente, acontecem cerca de 500 milh\u00f5es de casos de Influenza sazonal, dos quais 3 a 5 milh\u00f5es s\u00e3o graves. O total de mortes varia de 290 mil a 650 mil. Crian\u00e7as pequenas, idosos, gestantes e imunocomprometidos s\u00e3o especialmente vulner\u00e1veis.<br \/>\nVeja os v\u00eddeos que est\u00e3o em alta no g1<br \/>\nVacina reduz interna\u00e7\u00e3o e mortalidade<br \/>\nA literatura cient\u00edfica evidencia que a vacina\u00e7\u00e3o \u00e9 uma das ferramentas mais eficazes para minimizar o impacto da enfermidade.<br \/>\nUm robusto trabalho de metan\u00e1lise e revis\u00e3o sistem\u00e1tica divulgado em 2025, por exemplo, sinalizou que a vacina\u00e7\u00e3o contra o influenza foi capaz de reduzir as hospitaliza\u00e7\u00f5es pelo v\u00edrus em 42%, a mortalidade em 36%, as interna\u00e7\u00f5es em UTI em 52%, a necessidade de ventila\u00e7\u00e3o mec\u00e2nica em 55% e a ocorr\u00eancia de pneumonia em 51%.<br \/>\nForam inclu\u00eddos na avalia\u00e7\u00e3o 165 estudos conduzidos em diferentes regi\u00f5es do planeta, ap\u00f3s a sele\u00e7\u00e3o de mais de 7.700 publica\u00e7\u00f5es.<br \/>\nO Programa Nacional de Imuniza\u00e7\u00f5es (PNI) disponibiliza a vacina contra a gripe ao longo de todo o ano para crian\u00e7as de 6 meses a menores de 6 anos, gestantes e pessoas a partir de 60 anos. Nas Campanhas de Vacina\u00e7\u00e3o, realizadas antes dos per\u00edodos de maior circula\u00e7\u00e3o do v\u00edrus, tamb\u00e9m s\u00e3o contemplados outros p\u00fablicos priorit\u00e1rios.<br \/>\nEntre os mitos mais comuns est\u00e1 a cren\u00e7a de que a vacina causa gripe, o que \u00e9 imposs\u00edvel, pois os v\u00edrus utilizados na composi\u00e7\u00e3o s\u00e3o inativados (mortos).<br \/>\nFreepik<br \/>\nMitos comuns sobre a imuniza\u00e7\u00e3o<br \/>\nA ampla oferta e os benef\u00edcios ineg\u00e1veis da vacina\u00e7\u00e3o, no entanto, n\u00e3o t\u00eam sido suficientes para levar a popula\u00e7\u00e3o aos postos. Em 2025, a cobertura da campanha da Regi\u00e3o Norte foi de apenas 41,1%, enquanto a voltada \u00e0s demais regi\u00f5es do pa\u00eds foi de 54,15%. A meta \u00e9 90%.<br \/>\nA baixa ades\u00e3o \u00e0s campanhas, assim como acontece com outras vacinas, tem m\u00faltiplas causas.<br \/>\nEntre elas, dificuldade de acesso \u00e0s unidades de sa\u00fade devido \u00e0 dist\u00e2ncia ou hor\u00e1rio restrito de funcionamento, falta de recomenda\u00e7\u00e3o por parte dos profissionais da sa\u00fade, a percep\u00e7\u00e3o err\u00f4nea de que a gripe \u00e9 uma doen\u00e7a leve e d\u00favidas a respeito da seguran\u00e7a e da efic\u00e1cia das vacinas, muitas vezes motivadas por conte\u00fados equivocados que circulam nas redes sociais.<br \/>\nEntre os mitos mais comuns est\u00e1 a cren\u00e7a de que a vacina causa gripe, o que \u00e9 imposs\u00edvel, pois os v\u00edrus utilizados na composi\u00e7\u00e3o s\u00e3o inativados (mortos). Outro equ\u00edvoco frequente \u00e9 a ideia de que a vacina n\u00e3o funciona.<br \/>\nEmbora a efic\u00e1cia possa variar de ano para ano, a depender da coincid\u00eancia das cepas presentes com os v\u00edrus em circula\u00e7\u00e3o e de outros fatores, a diminui\u00e7\u00e3o de mortes e hospitaliza\u00e7\u00f5es \u00e9 amplamente documentada.<br \/>\nA vacina desta temporada, inclusive, de acordo com estudos feitos em modelos animais, oferece prote\u00e7\u00e3o contra o subclado K mesmo sem cont\u00ea-lo na f\u00f3rmula.<br \/>\nSe voc\u00ea faz parte dos p\u00fablicos-alvo do Minist\u00e9rio da Sa\u00fade, aproveite que a campanha de vacina\u00e7\u00e3o contra a influenza nas regi\u00f5es Centro-Oeste, Nordeste, Sudeste e Sul est\u00e1 em andamento para atualizar a sua caderneta.<br \/>\nSe n\u00e3o fizer parte dos grupos priorit\u00e1rios, busque mais informa\u00e7\u00f5es nos meios de comunica\u00e7\u00e3o da cidade onde mora para saber onde e quando pode se vacinar.<br \/>\nMuitos munic\u00edpios j\u00e1 liberaram a vacina para toda a popula\u00e7\u00e3o. A rede privada tamb\u00e9m \u00e9 uma alternativa para tomar o imunizante. E procure conscientizar os seus conhecidos: vacinar-se \u00e9 uma medida simples, segura e essencial para proteger a sa\u00fade do indiv\u00edduo e da comunidade. Engaje-se nessa causa.<br \/>\nEste artigo foi escrito em parceria com o jornalista Carlos Caroni, da Sociedade Brasileira de Imuniza\u00e7\u00f5es.<br \/>\n*O pediatra Renato Kfouri \u00e9 membro da C\u00e2mara T\u00e9cnica de Assessoramento em Imuniza\u00e7\u00e3o do Programa Nacional de Imuniza\u00e7\u00f5es (CTAI-PNI) e representante do Brasil na rede de programas de imuniza\u00e7\u00f5es das Am\u00e9ricas na Organiza\u00e7\u00e3o Pan-Americana da Sa\u00fade (OPAS).<br \/>\n**** Este texto foi publicado originalmente no site The Conversation Brasil<br \/>\nLEIA TAMB\u00c9M:<br \/>\nLula far\u00e1 retirada de queratose na cabe\u00e7a e infiltra\u00e7\u00e3o no punho nesta sexta; entenda os procedimentos<br \/>\nTrump reclassifica maconha como subst\u00e2ncia menos perigosa, em decis\u00e3o que amplia acesso nos EUA<br \/>\nConflito no L\u00edbano coloca milhares de mulheres gr\u00e1vidas em risco<\/div>\n","protected":false},"excerpt":{"rendered":"<p>Embora a gripe e os resfriados sejam confundidos pela popula\u00e7\u00e3o devido \u00e0 semelhan\u00e7a dos sintomas, a gripe \u00e9 uma s\u00e9ria preocupa\u00e7\u00e3o em sa\u00fade p\u00fablica. Alessandra Hoppen\/Ag\u00eancia RBS Esperada para o per\u00edodo de maio a setembro, a temporada da gripe chegou mais cedo e com mais for\u00e7a ao Brasil em 2026. De acordo com o Minist\u00e9rio [&hellip;]<\/p>\n","protected":false},"author":261,"featured_media":68639,"comment_status":"closed","ping_status":"closed","sticky":false,"template":"","format":"standard","meta":{"_themeisle_gutenberg_block_has_review":false,"_jetpack_memberships_contains_paid_content":false,"footnotes":""},"categories":[10],"tags":[156],"class_list":{"0":"post-68638","1":"post","2":"type-post","3":"status-publish","4":"format-standard","5":"has-post-thumbnail","7":"category-saude","8":"tag-saude"},"jetpack_featured_media_url":"https:\/\/crajubaremacao.com.br\/wp-content\/uploads\/2026\/04\/captura-de-tela-2026-04-09-172956.png","jetpack_sharing_enabled":true,"_links":{"self":[{"href":"https:\/\/crajubaremacao.com.br\/index.php?rest_route=\/wp\/v2\/posts\/68638","targetHints":{"allow":["GET"]}}],"collection":[{"href":"https:\/\/crajubaremacao.com.br\/index.php?rest_route=\/wp\/v2\/posts"}],"about":[{"href":"https:\/\/crajubaremacao.com.br\/index.php?rest_route=\/wp\/v2\/types\/post"}],"author":[{"embeddable":true,"href":"https:\/\/crajubaremacao.com.br\/index.php?rest_route=\/wp\/v2\/users\/261"}],"replies":[{"embeddable":true,"href":"https:\/\/crajubaremacao.com.br\/index.php?rest_route=%2Fwp%2Fv2%2Fcomments&post=68638"}],"version-history":[{"count":0,"href":"https:\/\/crajubaremacao.com.br\/index.php?rest_route=\/wp\/v2\/posts\/68638\/revisions"}],"wp:featuredmedia":[{"embeddable":true,"href":"https:\/\/crajubaremacao.com.br\/index.php?rest_route=\/wp\/v2\/media\/68639"}],"wp:attachment":[{"href":"https:\/\/crajubaremacao.com.br\/index.php?rest_route=%2Fwp%2Fv2%2Fmedia&parent=68638"}],"wp:term":[{"taxonomy":"category","embeddable":true,"href":"https:\/\/crajubaremacao.com.br\/index.php?rest_route=%2Fwp%2Fv2%2Fcategories&post=68638"},{"taxonomy":"post_tag","embeddable":true,"href":"https:\/\/crajubaremacao.com.br\/index.php?rest_route=%2Fwp%2Fv2%2Ftags&post=68638"}],"curies":[{"name":"wp","href":"https:\/\/api.w.org\/{rel}","templated":true}]}}