{"id":68642,"date":"2026-04-24T12:00:32","date_gmt":"2026-04-24T15:00:32","guid":{"rendered":"https:\/\/crajubaremacao.com.br\/?p=68642"},"modified":"2026-04-24T12:00:32","modified_gmt":"2026-04-24T15:00:32","slug":"uefa-suspende-argentino-por-comportamento-discriminatorio-contra-a-vini-jr","status":"publish","type":"post","link":"https:\/\/crajubaremacao.com.br\/?p=68642","title":{"rendered":"Uefa suspende argentino por comportamento \u2018discriminat\u00f3rio\u2019 contra a Vini Jr."},"content":{"rendered":"<div>\n<div style=\"margin-bottom: 15px;\"><img decoding=\"async\" class=\"type:primaryImage\" src=\"https:\/\/jpimg.com.br\/uploads\/2026\/02\/afp__20260223__98mr963__v1__highres__filesfbleurc1benficarealmadridracism-742x500.jpg\"><\/div>\n<p><?xml encoding=\"UTF-8\"><\/p>\n<p>A Uefa anunciou nesta sexta-feira (24) a <strong>suspens\u00e3o do ponta argentino Gianluca Prestianni<\/strong>, de 20 anos e jogador do Benfica, por <strong>seis partidas<\/strong> devido a um <strong>comportamento \u201cdiscriminat\u00f3rio\u201d<\/strong>. contra o atacante Vin\u00edcius Jr., do Real Madrid.<\/p>\n<p>O caso ocorreu em 17 de fevereiro, durante o jogo de ida das oitavas de final da Liga dos Campe\u00f5es. Na ocasi\u00e3o, o argentino foi acusado de chamar o astro brasileiro de \u201cmacaco\u201d. O \u00e1rbitro chegou a acionar o protocolo antirracismo em campo e Vin\u00edcius, apoiado por companheiros de equipe como o franc\u00eas Kylian Mbapp\u00e9, denunciou a suposta discrimina\u00e7\u00e3o.<\/p>\n<p>Embora o epis\u00f3dio tenha sido inicialmente tratado como inj\u00faria racial \u2014 acusa\u00e7\u00e3o que Prestianni negou prontamente em suas redes sociais \u2014, a entidade m\u00e1xima do futebol europeu concluiu que o atleta cometeu \u201cconduta discriminat\u00f3ria de car\u00e1ter homof\u00f3bico\u201d. Segundo a ESPN, ao basear a condena\u00e7\u00e3o em homofobia e n\u00e3o em racismo, a c\u00e2mara disciplinar da Uefa acabou <strong>validando a defesa apresentada pelo jogador<\/strong>.<\/p>\n<p>Da puni\u00e7\u00e3o total de seis jogos em competi\u00e7\u00f5es da Uefa e de sele\u00e7\u00f5es nacionais, Prestianni j\u00e1 cumpriu uma partida: o confronto de volta contra o Real Madrid (vencido pelo clube espanhol), do qual ficou de fora preventivamente. Al\u00e9m disso, a pena referente a tr\u00eas desses jogos foi convertida em suspens\u00e3o condicional com per\u00edodo probat\u00f3rio de dois anos, o que significa que o atleta n\u00e3o precisar\u00e1 cumpri-la, desde que n\u00e3o reincida na infra\u00e7\u00e3o.<\/p>\n<p>A Uefa informou ainda que solicitar\u00e1 \u00e0 Fifa a extens\u00e3o da pena para o \u00e2mbito global. Caso o pedido seja acatado pela entidade m\u00e1xima do futebol mundial, a san\u00e7\u00e3o poder\u00e1 comprometer a eventual participa\u00e7\u00e3o de Prestianni pela sele\u00e7\u00e3o argentina na Copa do Mundo.<\/p>\n<p><em>*Com informa\u00e7\u00f5es da AFP<\/em><\/p>\n<\/div>\n","protected":false},"excerpt":{"rendered":"<p>A Uefa anunciou nesta sexta-feira (24) a suspens\u00e3o do ponta argentino Gianluca Prestianni, de 20 anos e jogador do Benfica, por seis partidas devido a um comportamento \u201cdiscriminat\u00f3rio\u201d. contra o atacante Vin\u00edcius Jr., do Real Madrid. O caso ocorreu em 17 de fevereiro, durante o jogo de ida das oitavas de final da Liga dos [&hellip;]<\/p>\n","protected":false},"author":260,"featured_media":68643,"comment_status":"closed","ping_status":"closed","sticky":false,"template":"","format":"standard","meta":{"_themeisle_gutenberg_block_has_review":false,"_jetpack_memberships_contains_paid_content":false,"footnotes":""},"categories":[12],"tags":[153],"class_list":{"0":"post-68642","1":"post","2":"type-post","3":"status-publish","4":"format-standard","5":"has-post-thumbnail","7":"category-esportes","8":"tag-esportes"},"jetpack_featured_media_url":"https:\/\/crajubaremacao.com.br\/wp-content\/uploads\/2026\/04\/afp__20260223__98mr963__v1__highres__filesfbleurc1benficarealmadridracism-742x500-1.jpg","jetpack_sharing_enabled":true,"_links":{"self":[{"href":"https:\/\/crajubaremacao.com.br\/index.php?rest_route=\/wp\/v2\/posts\/68642","targetHints":{"allow":["GET"]}}],"collection":[{"href":"https:\/\/crajubaremacao.com.br\/index.php?rest_route=\/wp\/v2\/posts"}],"about":[{"href":"https:\/\/crajubaremacao.com.br\/index.php?rest_route=\/wp\/v2\/types\/post"}],"author":[{"embeddable":true,"href":"https:\/\/crajubaremacao.com.br\/index.php?rest_route=\/wp\/v2\/users\/260"}],"replies":[{"embeddable":true,"href":"https:\/\/crajubaremacao.com.br\/index.php?rest_route=%2Fwp%2Fv2%2Fcomments&post=68642"}],"version-history":[{"count":0,"href":"https:\/\/crajubaremacao.com.br\/index.php?rest_route=\/wp\/v2\/posts\/68642\/revisions"}],"wp:featuredmedia":[{"embeddable":true,"href":"https:\/\/crajubaremacao.com.br\/index.php?rest_route=\/wp\/v2\/media\/68643"}],"wp:attachment":[{"href":"https:\/\/crajubaremacao.com.br\/index.php?rest_route=%2Fwp%2Fv2%2Fmedia&parent=68642"}],"wp:term":[{"taxonomy":"category","embeddable":true,"href":"https:\/\/crajubaremacao.com.br\/index.php?rest_route=%2Fwp%2Fv2%2Fcategories&post=68642"},{"taxonomy":"post_tag","embeddable":true,"href":"https:\/\/crajubaremacao.com.br\/index.php?rest_route=%2Fwp%2Fv2%2Ftags&post=68642"}],"curies":[{"name":"wp","href":"https:\/\/api.w.org\/{rel}","templated":true}]}}