{"id":68644,"date":"2026-04-24T12:00:44","date_gmt":"2026-04-24T15:00:44","guid":{"rendered":"https:\/\/crajubaremacao.com.br\/?p=68644"},"modified":"2026-04-24T12:00:44","modified_gmt":"2026-04-24T15:00:44","slug":"teloes-gigantes-e-investimento-milionario-times-square-de-sp-deve-sair-do-papel-ate-setembro","status":"publish","type":"post","link":"https:\/\/crajubaremacao.com.br\/?p=68644","title":{"rendered":"Tel\u00f5es gigantes e investimento milion\u00e1rio: \u2018Times Square de SP\u2019 deve sair do papel at\u00e9 setembro"},"content":{"rendered":"<div>\n<div style=\"margin-bottom: 15px;\"><img decoding=\"async\" class=\"type:primaryImage\" src=\"https:\/\/crajubaremacao.com.br\/wp-content\/uploads\/2026\/04\/imagem-jvp-63-750x450-1.png\"><\/div>\n<p><?xml encoding=\"UTF-8\"><\/p>\n<p>O projeto Boulevard S\u00e3o Jo\u00e3o, apelidado de <strong>Times Square de S\u00e3o Paulo, deve sair do papel entre agosto e setembro.<\/strong> O termo de coopera\u00e7\u00e3o de tr\u00eas anos entre a Prefeitura e a F\u00e1brica de Bares \u2013 que gere o Bar Brahma e outros empreendimentos, proponente da iniciativa \u2013 foi publicado no Di\u00e1rio Oficial nesta quinta-feira (23).<\/p>\n<p>O evento com detalhes do projeto uniu o prefeito<strong> Ricardo Nunes (MDB) e o governador Tarc\u00edsio de Freitas (Republicanos),<\/strong> que havia demonstrado entusiasmo pelo projeto municipal em um v\u00eddeo publicado nesta semana em suas redes sociais. O tom foi de uma a\u00e7\u00e3o em parceria entre os dois governos.<\/p>\n<p>Dessa forma, quatro pain\u00e9is de LED, com dimens\u00f5es que v\u00e3o de 300 a 1.000 m\u00b2, ser\u00e3o instalados na regi\u00e3o. Neles, ser\u00e3o veiculados 70% de conte\u00fado cultural e de utilidade p\u00fablica e 30% de conte\u00fado de patrocinadores.<\/p>\n<p>A <strong>F\u00e1brica de Bares deve investir pelo menos R$2 milh\u00f5es ao ano em melhorias ao longo do tri\u00eanio<\/strong>, incluindo o restauro de monumentos como a fachada da Igreja Nossa Senhora do Ros\u00e1rio dos Homens Pretos, no Largo do Pai\u00e7andu, e a instala\u00e7\u00e3o de mobili\u00e1rio urbano. A expectativa dos empres\u00e1rios e do poder p\u00fablico \u00e9 que as interven\u00e7\u00f5es aumentem a atratividade e circula\u00e7\u00e3o de pessoas, contribuindo para a \u201crecupera\u00e7\u00e3o\u201d do centro hist\u00f3rico.<\/p>\n<p>Tarc\u00edsio prometeu refor\u00e7ar o policiamento na regi\u00e3o, com aumento de pontos de estacionamento de viaturas em patrulhamento com motocicletas, resultando em 300 homens a mais por dia, e exaltou a parceria com Nunes para \u201cdevolver o centro \u00e0s pessoas\u201d.<\/p>\n<p>\u201cO somat\u00f3rio de v\u00e1rios pequenos projetos \u00e9 o que vai dar certo, vai trazer as pessoas de volta (ao centro). Isso j\u00e1 est\u00e1 acontecendo\u201d, disse Freitas, citando a\u00e7\u00f5es como o combate \u00e0 Cracol\u00e2ndia, a remo\u00e7\u00e3o da favela do Moinho e a instala\u00e7\u00e3o da nova sede estadual.<\/p>\n<p>Al\u00e9m da instala\u00e7\u00e3o dos pain\u00e9is,<strong> o Boulevard S\u00e3o Jo\u00e3o prev\u00ea uma programa\u00e7\u00e3o com atividades culturais no trecho da S\u00e3o Jo\u00e3o que vai do Largo do Pai\u00e7andu at\u00e9 o cruzamento com a Rua dos Timbiras.<\/strong><\/p>\n<p>O cruzamento ficar\u00e1 fechado para os carros das 18h de s\u00e1bado \u00e0s 23h do domingo e quatro pequenos palcos para apresenta\u00e7\u00f5es art\u00edsticas ser\u00e3o montados ao longo desse eixo. Outras atividades como feiras e um<strong> \u201cgrande evento p\u00fablico\u201d mensal est\u00e3o previstas.<\/strong><\/p>\n<p>As atra\u00e7\u00f5es culturais ser\u00e3o bancadas pela empresa, usando parte da arrecada\u00e7\u00e3o levantada pelos patroc\u00ednios, e selecionadas em parceria com o poder p\u00fablico, que tamb\u00e9m pode ficar a cargo de \u201capoio estrutural\u201d, como na montagem de palcos e fornecimento de equipamentos, segundo \u00c1lvaro Aoas, empres\u00e1rio da F\u00e1brica de Bares.<\/p>\n<h2>Rea\u00e7\u00f5es<\/h2>\n<p>Urbanistas consultados pelo Estad\u00e3o veem os benef\u00edcios gerados pelo<strong> empreendimento com cautela, especialmente diante do legado positivo da Lei Cidade Limpa. <\/strong><\/p>\n<p>Exemplos internacionais mostram que a eventual inser\u00e7\u00e3o de pain\u00e9is n\u00e3o promove requalifica\u00e7\u00e3o urbana por si s\u00f3, assim como a import\u00e2ncia de que sejam bem regulados e fiscalizados. Indagado a respeito, <strong>o prefeito afirmou ainda que \u201cn\u00e3o existe nenhuma hip\u00f3tese de acabar com a Cidade Limpa\u201d<\/strong> e negou haver perspectiva de projetos semelhantes em outras \u00e1reas da cidade.<\/p>\n<h2>Extens\u00e3o de hor\u00e1rio<\/h2>\n<p>O prefeito disse que ainda vai tentar \u201cacabar\u201d com a limita\u00e7\u00e3o de hor\u00e1rio para o funcionamento dos pain\u00e9is. Atualmente, h\u00e1 previs\u00e3o de que as estruturas sejam desligadas das 23h \u00e0s 5h, seguindo determina\u00e7\u00e3o da Comiss\u00e3o de Prote\u00e7\u00e3o \u00e0 Paisagem Urbana (CPPU), respons\u00e1vel pela aplica\u00e7\u00e3o da Lei Cidade Limpa.<\/p>\n<p>\u201cO projeto foi aprovado pela CPPU em mar\u00e7o e respeito muito o que foi decidido l\u00e1, obviamente,<strong> mas acho que est\u00e1 errado esse neg\u00f3cio de 23h<\/strong>. N\u00e3o tem o menor sentido desligar \u00e0s 23h. \u00c9 uma coisa que vou demandar l\u00e1, eles podem aprovar ou n\u00e3o aprovar\u201d, disse o prefeito.<\/p>\n<p>A presidente da CPPU, Regina Monteiro, <strong>pediu \u201cmuita calma\u201d ao ser interpelada pelo prefeito.<\/strong> O excesso de luminosidade dos pain\u00e9is, principalmente durante a noite, gera preocupa\u00e7\u00e3o com a seguran\u00e7a no tr\u00e2nsito (pela possibilidade de ofuscar a vis\u00e3o dos motoristas) e com o dist\u00farbio para moradores. O hor\u00e1rio de funcionamento delimitado visa a minimizar esses impactos.<\/p>\n<p>\u201cA restri\u00e7\u00e3o no per\u00edodo noturno entrou como um dos condicionantes do projeto, justamente devido a uma s\u00e9rie de discuss\u00f5es que tem acontecido na CPPU em rela\u00e7\u00e3o aos pain\u00e9is de LED. Isso sempre \u00e9 mat\u00e9ria de bastante discuss\u00e3o dentro do conselho quando h\u00e1 a aprecia\u00e7\u00e3o de algum projeto com luminantes, porque a gente tenta mitigar esses impactos principalmente no per\u00edodo noturno\u201d, afirmou ao Estad\u00e3o a arquiteta e urbanista Mariana Cavalcanti, representante do Instituto dos Arquitetos do Brasil (IAB) na CPPU.<\/p>\n<p>\u201c\u00c9 de praxe que todos esses projetos tenham limita\u00e7\u00f5es de hor\u00e1rio, de candelas, de<strong> quantidade de ilumina\u00e7\u00e3o que esses pain\u00e9is v\u00e3o emitir<\/strong> a depender do hor\u00e1rio do dia. Isso foi estabelecido a partir de estudos (t\u00e9cnicos) apresentados.\u201d<\/p>\n<p>*Estad\u00e3o Conte\u00fado<\/p>\n<\/div>\n","protected":false},"excerpt":{"rendered":"<p>O projeto Boulevard S\u00e3o Jo\u00e3o, apelidado de Times Square de S\u00e3o Paulo, deve sair do papel entre agosto e setembro. O termo de coopera\u00e7\u00e3o de tr\u00eas anos entre a Prefeitura e a F\u00e1brica de Bares \u2013 que gere o Bar Brahma e outros empreendimentos, proponente da iniciativa \u2013 foi publicado no Di\u00e1rio Oficial nesta quinta-feira [&hellip;]<\/p>\n","protected":false},"author":117,"featured_media":68645,"comment_status":"closed","ping_status":"closed","sticky":false,"template":"","format":"standard","meta":{"_themeisle_gutenberg_block_has_review":false,"_jetpack_memberships_contains_paid_content":false,"footnotes":""},"categories":[2],"tags":[150],"class_list":{"0":"post-68644","1":"post","2":"type-post","3":"status-publish","4":"format-standard","5":"has-post-thumbnail","7":"category-brasil","8":"tag-brasil"},"jetpack_featured_media_url":"https:\/\/crajubaremacao.com.br\/wp-content\/uploads\/2026\/04\/imagem-jvp-63-750x450-1.png","jetpack_sharing_enabled":true,"_links":{"self":[{"href":"https:\/\/crajubaremacao.com.br\/index.php?rest_route=\/wp\/v2\/posts\/68644","targetHints":{"allow":["GET"]}}],"collection":[{"href":"https:\/\/crajubaremacao.com.br\/index.php?rest_route=\/wp\/v2\/posts"}],"about":[{"href":"https:\/\/crajubaremacao.com.br\/index.php?rest_route=\/wp\/v2\/types\/post"}],"author":[{"embeddable":true,"href":"https:\/\/crajubaremacao.com.br\/index.php?rest_route=\/wp\/v2\/users\/117"}],"replies":[{"embeddable":true,"href":"https:\/\/crajubaremacao.com.br\/index.php?rest_route=%2Fwp%2Fv2%2Fcomments&post=68644"}],"version-history":[{"count":0,"href":"https:\/\/crajubaremacao.com.br\/index.php?rest_route=\/wp\/v2\/posts\/68644\/revisions"}],"wp:featuredmedia":[{"embeddable":true,"href":"https:\/\/crajubaremacao.com.br\/index.php?rest_route=\/wp\/v2\/media\/68645"}],"wp:attachment":[{"href":"https:\/\/crajubaremacao.com.br\/index.php?rest_route=%2Fwp%2Fv2%2Fmedia&parent=68644"}],"wp:term":[{"taxonomy":"category","embeddable":true,"href":"https:\/\/crajubaremacao.com.br\/index.php?rest_route=%2Fwp%2Fv2%2Fcategories&post=68644"},{"taxonomy":"post_tag","embeddable":true,"href":"https:\/\/crajubaremacao.com.br\/index.php?rest_route=%2Fwp%2Fv2%2Ftags&post=68644"}],"curies":[{"name":"wp","href":"https:\/\/api.w.org\/{rel}","templated":true}]}}