{"id":68646,"date":"2026-04-24T12:00:56","date_gmt":"2026-04-24T15:00:56","guid":{"rendered":"https:\/\/crajubaremacao.com.br\/?p=68646"},"modified":"2026-04-24T12:00:56","modified_gmt":"2026-04-24T15:00:56","slug":"lula-nao-tera-restricoes-para-a-campanha-diz-kalil-apos-procedimento-medico","status":"publish","type":"post","link":"https:\/\/crajubaremacao.com.br\/?p=68646","title":{"rendered":"Lula n\u00e3o ter\u00e1 restri\u00e7\u00f5es para a campanha, diz Kalil ap\u00f3s procedimento m\u00e9dico"},"content":{"rendered":"<div>\n<div style=\"margin-bottom: 15px;\"><img decoding=\"async\" class=\"type:primaryImage\" src=\"https:\/\/jpimg.com.br\/uploads\/2025\/08\/enq20250826001-1-750x500.jpg\"><\/div>\n<p><?xml encoding=\"UTF-8\"><\/p>\n<p>O<strong> cardiologista Roberto Kalil Filho<\/strong> afirmou nesta sexta-feira (24), que o <strong>presidente Lula (PT) n\u00e3o possui restri\u00e7\u00f5es m\u00e9dicas para tocar a campanha de reelei\u00e7\u00e3o<\/strong>, ap\u00f3s procedimento realizado no Hospital S\u00edrio-Liban\u00eas, na capital paulista.<\/p>\n<p>Segundo Kalil, Lula foi submetido \u00e0 retirada de uma les\u00e3o no couro cabeludo (queratose), <strong>interven\u00e7\u00e3o que j\u00e1 estava programada havia cerca de dois meses<\/strong>. O procedimento durou aproximadamente uma hora e ocorreu sem intercorr\u00eancias. Lula deve deixar o hospital por volta do meio-dia.<\/p>\n<p>\u201cO presidente foi submetido \u00e0 retirada de uma les\u00e3ozinha de pele, algo j\u00e1 previsto. Foi tudo tranquilo\u201d, afirmou o m\u00e9dico. Ele ressaltou que a interven\u00e7\u00e3o n\u00e3o tem rela\u00e7\u00e3o com qualquer queda no banheiro do Pal\u00e1cio do Alvorada.<\/p>\n<p>A <strong>orienta\u00e7\u00e3o m\u00e9dica \u00e9 de repouso relativo nos pr\u00f3ximos dias<\/strong>, com cautela na participa\u00e7\u00e3o em grandes eventos imediatamente ap\u00f3s a cirurgia. Ainda assim, o m\u00e9dico descartou impactos na agenda pol\u00edtica. \u201cEle deve retomar a rotina normal em poucos dias. Isso n\u00e3o vai atrapalhar a campanha\u201d, disse.<\/p>\n<p>De acordo com a dermatologista Cristina Abdalla<strong>, trata-se de uma les\u00e3o comum, associada \u00e0 exposi\u00e7\u00e3o solar, classificada como carcinoma basocelular<\/strong>. \u201c\u00c9 a les\u00e3o de pele mais frequente. \u00c9 localizada, n\u00e3o se espalha, e a conduta \u00e9 a retirada\u201d, explicou. O material foi encaminhado para bi\u00f3psia, com resultado definitivo previsto para os pr\u00f3ximos dias.<\/p>\n<p>Al\u00e9m disso, o presidente passou por uma infiltra\u00e7\u00e3o na m\u00e3o para tratar uma inflama\u00e7\u00e3o, tamb\u00e9m <strong>sem complica\u00e7\u00f5es<\/strong>. Segundo a m\u00e9dica do presidente, Ana Helena Germoglio, o presidente apresenta bom estado geral e bom humor.<\/p>\n<p>Durante a recupera\u00e7\u00e3o, <strong>Lula dever\u00e1 manter cuidados locais<\/strong>, como uso de curativo e prote\u00e7\u00e3o contra o sol, incluindo chap\u00e9u. A cicatriza\u00e7\u00e3o completa da \u00e1rea operada deve levar cerca de um m\u00eas<\/p>\n<p>A <strong>primeira-dama Ros\u00e2ngela Lula da Silva, a Janja, acompanhou o presidente durante o atendimento<\/strong>. Segundo a equipe m\u00e9dica, Lula j\u00e1 demonstrava disposi\u00e7\u00e3o para deixar o hospital pouco ap\u00f3s o procedimento.<\/p>\n<p><em>*Estad\u00e3o Conte\u00fado\u00a0<\/em><\/p>\n<\/div>\n","protected":false},"excerpt":{"rendered":"<p>O cardiologista Roberto Kalil Filho afirmou nesta sexta-feira (24), que o presidente Lula (PT) n\u00e3o possui restri\u00e7\u00f5es m\u00e9dicas para tocar a campanha de reelei\u00e7\u00e3o, ap\u00f3s procedimento realizado no Hospital S\u00edrio-Liban\u00eas, na capital paulista. Segundo Kalil, Lula foi submetido \u00e0 retirada de uma les\u00e3o no couro cabeludo (queratose), interven\u00e7\u00e3o que j\u00e1 estava programada havia cerca de [&hellip;]<\/p>\n","protected":false},"author":117,"featured_media":68647,"comment_status":"closed","ping_status":"closed","sticky":false,"template":"","format":"standard","meta":{"_themeisle_gutenberg_block_has_review":false,"_jetpack_memberships_contains_paid_content":false,"footnotes":""},"categories":[9],"tags":[129],"class_list":{"0":"post-68646","1":"post","2":"type-post","3":"status-publish","4":"format-standard","5":"has-post-thumbnail","7":"category-politica","8":"tag-politica"},"jetpack_featured_media_url":"https:\/\/crajubaremacao.com.br\/wp-content\/uploads\/2026\/04\/enq20250826001-1-750x500-1.jpg","jetpack_sharing_enabled":true,"_links":{"self":[{"href":"https:\/\/crajubaremacao.com.br\/index.php?rest_route=\/wp\/v2\/posts\/68646","targetHints":{"allow":["GET"]}}],"collection":[{"href":"https:\/\/crajubaremacao.com.br\/index.php?rest_route=\/wp\/v2\/posts"}],"about":[{"href":"https:\/\/crajubaremacao.com.br\/index.php?rest_route=\/wp\/v2\/types\/post"}],"author":[{"embeddable":true,"href":"https:\/\/crajubaremacao.com.br\/index.php?rest_route=\/wp\/v2\/users\/117"}],"replies":[{"embeddable":true,"href":"https:\/\/crajubaremacao.com.br\/index.php?rest_route=%2Fwp%2Fv2%2Fcomments&post=68646"}],"version-history":[{"count":0,"href":"https:\/\/crajubaremacao.com.br\/index.php?rest_route=\/wp\/v2\/posts\/68646\/revisions"}],"wp:featuredmedia":[{"embeddable":true,"href":"https:\/\/crajubaremacao.com.br\/index.php?rest_route=\/wp\/v2\/media\/68647"}],"wp:attachment":[{"href":"https:\/\/crajubaremacao.com.br\/index.php?rest_route=%2Fwp%2Fv2%2Fmedia&parent=68646"}],"wp:term":[{"taxonomy":"category","embeddable":true,"href":"https:\/\/crajubaremacao.com.br\/index.php?rest_route=%2Fwp%2Fv2%2Fcategories&post=68646"},{"taxonomy":"post_tag","embeddable":true,"href":"https:\/\/crajubaremacao.com.br\/index.php?rest_route=%2Fwp%2Fv2%2Ftags&post=68646"}],"curies":[{"name":"wp","href":"https:\/\/api.w.org\/{rel}","templated":true}]}}