{"id":68654,"date":"2026-04-24T18:05:15","date_gmt":"2026-04-24T21:05:15","guid":{"rendered":"https:\/\/crajubaremacao.com.br\/?p=68654"},"modified":"2026-04-24T18:05:15","modified_gmt":"2026-04-24T21:05:15","slug":"joao-fonseca-avanca-a-3a-rodada-do-madrid-open-apos-desistencia-de-marin-cilic","status":"publish","type":"post","link":"https:\/\/crajubaremacao.com.br\/?p=68654","title":{"rendered":"Jo\u00e3o Fonseca avan\u00e7a \u00e0 3\u00aa rodada do Madrid Open ap\u00f3s desist\u00eancia de Marin Cilic"},"content":{"rendered":"<div>\n<div style=\"margin-bottom: 15px;\"><img decoding=\"async\" class=\"type:primaryImage\" src=\"https:\/\/jpimg.com.br\/uploads\/2026\/03\/foto-jp-16-750x450.png\"><\/div>\n<p><?xml encoding=\"UTF-8\"><\/p>\n<p>Jo\u00e3o Fonseca avan\u00e7ou de maneira autom\u00e1tica \u00e0 <strong>terceira rodada do Madrid Open<\/strong> ap\u00f3s o croata Marin Cilic <strong>abandonar a competi\u00e7\u00e3o<\/strong>. A decis\u00e3o foi anunciada pela organiza\u00e7\u00e3o do torneio nesta sexta-feira (24), a poucas horas do in\u00edcio da partida. O motivo da desist\u00eancia do tenista de 37 anos (n\u00famero 51 do ranking e ex-top 3) foi por causa de uma <strong>intoxica\u00e7\u00e3o alimentar<\/strong>.<\/p>\n<p>Como era cabe\u00e7a de chave, Jo\u00e3o Fonseca n\u00e3o disputou a primeira fase. O carioca aguarda o resultado do confronto entre o <strong>espanhol Rafael Jodar<\/strong> e o <strong>australiano Alex de Minaur<\/strong> (AUS) para conhecer o seu advers\u00e1rio. O confronto deve acontecer no domingo (26), ainda sem hor\u00e1rio definido.<\/p>\n<p>Aos 19 anos, esta ser\u00e1 a terceira participa\u00e7\u00e3o de Jo\u00e3o Fonseca no Madrid Open, a <strong>primeira como cabe\u00e7a de chave<\/strong>. Em 2024, ele foi eliminado pelo brit\u00e2nico Cameron Norrie e, no ano passado, acabou derrotado pelo americano Tommy Paul.<\/p>\n<p>Fonseca ocupa atualmente a <strong>31\u00aa posi\u00e7\u00e3o do ranking mundial<\/strong> e est\u00e1 em <strong>momento de ascens\u00e3o<\/strong> na temporada. O carioca protagonizou duelos equilibrados contra atletas da primeira prateleira do t\u00eanis mundial, como Jannik Sinner, Carlos Alcaraz e Alexander Zverev.<\/p>\n<p>\u201cForam duas semanas muito boas, com bons resultados contra bons jogadores. Derrotas dif\u00edceis, mas onde eu consegui fazer bons jogos. Venho para c\u00e1 com bastante confian\u00e7a e, depois de um tempo prejudicado por falta de ritmo e les\u00e3o, consegui concretizar o meu n\u00edvel de jogo\u201d, afirmou o tenista, em entrevista recente \u00e0 ESPN.<\/p>\n<p><em>*Com informa\u00e7\u00f5es do Estad\u00e3o Conte\u00fado<\/em><\/p>\n<\/div>\n","protected":false},"excerpt":{"rendered":"<p>Jo\u00e3o Fonseca avan\u00e7ou de maneira autom\u00e1tica \u00e0 terceira rodada do Madrid Open ap\u00f3s o croata Marin Cilic abandonar a competi\u00e7\u00e3o. A decis\u00e3o foi anunciada pela organiza\u00e7\u00e3o do torneio nesta sexta-feira (24), a poucas horas do in\u00edcio da partida. O motivo da desist\u00eancia do tenista de 37 anos (n\u00famero 51 do ranking e ex-top 3) foi [&hellip;]<\/p>\n","protected":false},"author":260,"featured_media":68655,"comment_status":"closed","ping_status":"closed","sticky":false,"template":"","format":"standard","meta":{"_themeisle_gutenberg_block_has_review":false,"_jetpack_memberships_contains_paid_content":false,"footnotes":""},"categories":[12],"tags":[153],"class_list":{"0":"post-68654","1":"post","2":"type-post","3":"status-publish","4":"format-standard","5":"has-post-thumbnail","7":"category-esportes","8":"tag-esportes"},"jetpack_featured_media_url":"https:\/\/crajubaremacao.com.br\/wp-content\/uploads\/2026\/04\/foto-jp-16-750x450-2.png","jetpack_sharing_enabled":true,"_links":{"self":[{"href":"https:\/\/crajubaremacao.com.br\/index.php?rest_route=\/wp\/v2\/posts\/68654","targetHints":{"allow":["GET"]}}],"collection":[{"href":"https:\/\/crajubaremacao.com.br\/index.php?rest_route=\/wp\/v2\/posts"}],"about":[{"href":"https:\/\/crajubaremacao.com.br\/index.php?rest_route=\/wp\/v2\/types\/post"}],"author":[{"embeddable":true,"href":"https:\/\/crajubaremacao.com.br\/index.php?rest_route=\/wp\/v2\/users\/260"}],"replies":[{"embeddable":true,"href":"https:\/\/crajubaremacao.com.br\/index.php?rest_route=%2Fwp%2Fv2%2Fcomments&post=68654"}],"version-history":[{"count":0,"href":"https:\/\/crajubaremacao.com.br\/index.php?rest_route=\/wp\/v2\/posts\/68654\/revisions"}],"wp:featuredmedia":[{"embeddable":true,"href":"https:\/\/crajubaremacao.com.br\/index.php?rest_route=\/wp\/v2\/media\/68655"}],"wp:attachment":[{"href":"https:\/\/crajubaremacao.com.br\/index.php?rest_route=%2Fwp%2Fv2%2Fmedia&parent=68654"}],"wp:term":[{"taxonomy":"category","embeddable":true,"href":"https:\/\/crajubaremacao.com.br\/index.php?rest_route=%2Fwp%2Fv2%2Fcategories&post=68654"},{"taxonomy":"post_tag","embeddable":true,"href":"https:\/\/crajubaremacao.com.br\/index.php?rest_route=%2Fwp%2Fv2%2Ftags&post=68654"}],"curies":[{"name":"wp","href":"https:\/\/api.w.org\/{rel}","templated":true}]}}