{"id":68658,"date":"2026-04-24T18:05:38","date_gmt":"2026-04-24T21:05:38","guid":{"rendered":"https:\/\/crajubaremacao.com.br\/?p=68658"},"modified":"2026-04-24T18:05:38","modified_gmt":"2026-04-24T21:05:38","slug":"hugo-motta-cria-comissao-especial-para-tratar-do-fim-da-escala-6x1","status":"publish","type":"post","link":"https:\/\/crajubaremacao.com.br\/?p=68658","title":{"rendered":"Hugo Motta cria comiss\u00e3o especial para tratar do fim da escala 6\u00d71"},"content":{"rendered":"<div>\n<div style=\"margin-bottom: 15px;\"><img decoding=\"async\" class=\"type:primaryImage\" src=\"https:\/\/jpimg.com.br\/uploads\/2025\/10\/imagem-jvp-1-750x450.png\"><\/div>\n<p><?xml encoding=\"UTF-8\"><\/p>\n<p>O presidente da C\u00e2mara dos Deputados, <strong>Hugo Motta<\/strong> (Republicanos-PB), criou nesta sexta-feira (24) <strong>comiss\u00e3o especial<\/strong> que tratar\u00e1 do Projeto de Emenda \u00e0 Constitui\u00e7\u00e3o (PEC) que <strong>prop\u00f5e o fim da escala 6\u00d71<\/strong>. O colegiado ser\u00e1 instaurado na pr\u00f3xima semana.<\/p>\n<p>Em entrevista a jornalistas, em 7 de abril, Motta disse que a expectativa \u00e9 de o Plen\u00e1rio da C\u00e2mara dos Deputados <a href=\"https:\/\/jovempan.com.br\/noticias\/politica\/ccj-da-camara-deve-votar-fim-da-escala-6-x-1-na-proxima-semana-diz-motta.html\"><strong>apreciar a PEC at\u00e9 o fim de maio<\/strong><\/a>. \u201c[Assim,] d\u00e1 a <strong>oportunidade de que todos os setores<\/strong> <strong>possam se manifestar<\/strong> acerca dessa proposta que \u00e9 importante para a classe trabalhadora do pa\u00eds, pois estamos tratando da redu\u00e7\u00e3o da jornada de trabalho sem preju\u00edzo salarial\u201d, declarou.<\/p>\n<p>O <strong>governo federal<\/strong> enviou, em 14 de abril, ao Congresso Nacional um <a href=\"https:\/\/jovempan.com.br\/noticias\/politica\/lula-envia-ao-congresso-pl-que-estabelece-fim-da-escala-6x1.html\"><strong>projeto de lei para reduzir a jornada de trabalho<\/strong><\/a> e aumentar os dias de descanso semanal remunerado. A proposta foi encaminhada com <strong>urg\u00eancia<\/strong>. Assim, uma das Casas Legislativas tem <strong>at\u00e9 45 dias para apreciar o PL<\/strong>.<\/p>\n<p>Para o deputado federal <strong>Paulo Azi<\/strong> (Uni\u00e3o Brasil-BA), relator da PEC 6\u00d71, o envio do projeto pelo governo\u00a0<a href=\"https:\/\/jovempan.com.br\/noticias\/politica\/relator-diz-que-projeto-do-governo-sobre-escala-6x1-pode-tumultuar-tramitacao-na-congresso.html\"><strong>\u00e9 desnecess\u00e1rio e pode tumultuar o andamento das discuss\u00f5es na C\u00e2mara<\/strong><\/a>. Nos bastidores, a\u00a0<strong>avalia\u00e7\u00e3o do Pal\u00e1cio do Planalto \u00e9 que a PEC est\u00e1 \u201cdemorando\u201d para ser votada<\/strong> e h\u00e1 o <strong>temor de que n\u00e3o seja aprovada antes das elei\u00e7\u00f5es<\/strong>. O Executivo trata o tema como <strong>prioridade<\/strong> e como uma esp\u00e9cie de <strong>vitrine para a campanha eleitoral<\/strong>.<\/p>\n<\/div>\n","protected":false},"excerpt":{"rendered":"<p>O presidente da C\u00e2mara dos Deputados, Hugo Motta (Republicanos-PB), criou nesta sexta-feira (24) comiss\u00e3o especial que tratar\u00e1 do Projeto de Emenda \u00e0 Constitui\u00e7\u00e3o (PEC) que prop\u00f5e o fim da escala 6\u00d71. O colegiado ser\u00e1 instaurado na pr\u00f3xima semana. Em entrevista a jornalistas, em 7 de abril, Motta disse que a expectativa \u00e9 de o Plen\u00e1rio [&hellip;]<\/p>\n","protected":false},"author":117,"featured_media":68659,"comment_status":"closed","ping_status":"closed","sticky":false,"template":"","format":"standard","meta":{"_themeisle_gutenberg_block_has_review":false,"_jetpack_memberships_contains_paid_content":false,"footnotes":""},"categories":[9],"tags":[129],"class_list":{"0":"post-68658","1":"post","2":"type-post","3":"status-publish","4":"format-standard","5":"has-post-thumbnail","7":"category-politica","8":"tag-politica"},"jetpack_featured_media_url":"https:\/\/crajubaremacao.com.br\/wp-content\/uploads\/2026\/04\/imagem-jvp-1-750x450-1.png","jetpack_sharing_enabled":true,"_links":{"self":[{"href":"https:\/\/crajubaremacao.com.br\/index.php?rest_route=\/wp\/v2\/posts\/68658","targetHints":{"allow":["GET"]}}],"collection":[{"href":"https:\/\/crajubaremacao.com.br\/index.php?rest_route=\/wp\/v2\/posts"}],"about":[{"href":"https:\/\/crajubaremacao.com.br\/index.php?rest_route=\/wp\/v2\/types\/post"}],"author":[{"embeddable":true,"href":"https:\/\/crajubaremacao.com.br\/index.php?rest_route=\/wp\/v2\/users\/117"}],"replies":[{"embeddable":true,"href":"https:\/\/crajubaremacao.com.br\/index.php?rest_route=%2Fwp%2Fv2%2Fcomments&post=68658"}],"version-history":[{"count":0,"href":"https:\/\/crajubaremacao.com.br\/index.php?rest_route=\/wp\/v2\/posts\/68658\/revisions"}],"wp:featuredmedia":[{"embeddable":true,"href":"https:\/\/crajubaremacao.com.br\/index.php?rest_route=\/wp\/v2\/media\/68659"}],"wp:attachment":[{"href":"https:\/\/crajubaremacao.com.br\/index.php?rest_route=%2Fwp%2Fv2%2Fmedia&parent=68658"}],"wp:term":[{"taxonomy":"category","embeddable":true,"href":"https:\/\/crajubaremacao.com.br\/index.php?rest_route=%2Fwp%2Fv2%2Fcategories&post=68658"},{"taxonomy":"post_tag","embeddable":true,"href":"https:\/\/crajubaremacao.com.br\/index.php?rest_route=%2Fwp%2Fv2%2Ftags&post=68658"}],"curies":[{"name":"wp","href":"https:\/\/api.w.org\/{rel}","templated":true}]}}