{"id":68664,"date":"2026-04-24T21:02:27","date_gmt":"2026-04-25T00:02:27","guid":{"rendered":"https:\/\/crajubaremacao.com.br\/?p=68664"},"modified":"2026-04-24T21:02:27","modified_gmt":"2026-04-25T00:02:27","slug":"de-olho-na-liga-das-nacoes-bernardinho-faz-1a-convocacao-da-selecao-para-temporada-2026","status":"publish","type":"post","link":"https:\/\/crajubaremacao.com.br\/?p=68664","title":{"rendered":"De olho na Liga das Na\u00e7\u00f5es, Bernardinho faz 1\u00aa convoca\u00e7\u00e3o da sele\u00e7\u00e3o para temporada 2026"},"content":{"rendered":"<div>\n<div style=\"margin-bottom: 15px;\"><img decoding=\"async\" class=\"type:primaryImage\" src=\"https:\/\/jpimg.com.br\/uploads\/2025\/08\/afp__20240524__34tr6eu__v1__highres__volleyballnationsleagueargbra-750x500.jpg\"><\/div>\n<p><?xml encoding=\"UTF-8\"><\/p>\n<p>De olho na Liga das Na\u00e7\u00f5es, que come\u00e7a em junho, o t\u00e9cnico da sele\u00e7\u00e3o masculina de v\u00f4lei, Bernardinho, fez nesta sexta-feira (24) a primeira lista de convocados para temporada de 2026. <strong>Ao todo, seis atletas foram selecionados para iniciar a prepara\u00e7\u00e3o para a Liga das Na\u00e7\u00f5es:\u00a0<\/strong><\/p>\n<h3><strong>Convocados<\/strong><\/h3>\n<ul>\n<li>Honorato (ponteiro)<\/li>\n<li>Thiery (central)<\/li>\n<li>Maicon (ponteiro)<\/li>\n<li>Barreto (central)<\/li>\n<li>Pureza (l\u00edbero)<\/li>\n<li>Guilherme Voss (central)<\/li>\n<\/ul>\n<p>O Brasil estreia na competi\u00e7\u00e3o jogando em casa. A primeira partida ser\u00e1 em Bras\u00edlia (DF), no dia 10, \u00e0s 20h, contra o Ir\u00e3. O gin\u00e1sio Nilson Nelson ser\u00e1 o palco das partidas que acontece em at\u00e9 o dia 14.<\/p>\n<p>Entre os dias 24 e 28 de junho a equipe brasileira estar\u00e1 em Liubliana, capital da Eslov\u00eania, para a segunda semana da competi\u00e7\u00e3o. E, fechando a fase classificat\u00f3ria, o Brasil vai a Chicago (EUA) de 15 a 19 de julho.<\/p>\n<p>A fase final ser\u00e1 em Ningbo (CHN) entre 29 de julho e 2 de agosto.<\/p>\n<p>\u00a0<\/p>\n<\/div>\n","protected":false},"excerpt":{"rendered":"<p>De olho na Liga das Na\u00e7\u00f5es, que come\u00e7a em junho, o t\u00e9cnico da sele\u00e7\u00e3o masculina de v\u00f4lei, Bernardinho, fez nesta sexta-feira (24) a primeira lista de convocados para temporada de 2026. Ao todo, seis atletas foram selecionados para iniciar a prepara\u00e7\u00e3o para a Liga das Na\u00e7\u00f5es:\u00a0 Convocados Honorato (ponteiro) Thiery (central) Maicon (ponteiro) Barreto (central) [&hellip;]<\/p>\n","protected":false},"author":260,"featured_media":68665,"comment_status":"closed","ping_status":"closed","sticky":false,"template":"","format":"standard","meta":{"_themeisle_gutenberg_block_has_review":false,"_jetpack_memberships_contains_paid_content":false,"footnotes":""},"categories":[12],"tags":[153],"class_list":{"0":"post-68664","1":"post","2":"type-post","3":"status-publish","4":"format-standard","5":"has-post-thumbnail","7":"category-esportes","8":"tag-esportes"},"jetpack_featured_media_url":"https:\/\/crajubaremacao.com.br\/wp-content\/uploads\/2026\/04\/afp__20240524__34tr6eu__v1__highres__volleyballnationsleagueargbra-750x500-1.jpg","jetpack_sharing_enabled":true,"_links":{"self":[{"href":"https:\/\/crajubaremacao.com.br\/index.php?rest_route=\/wp\/v2\/posts\/68664","targetHints":{"allow":["GET"]}}],"collection":[{"href":"https:\/\/crajubaremacao.com.br\/index.php?rest_route=\/wp\/v2\/posts"}],"about":[{"href":"https:\/\/crajubaremacao.com.br\/index.php?rest_route=\/wp\/v2\/types\/post"}],"author":[{"embeddable":true,"href":"https:\/\/crajubaremacao.com.br\/index.php?rest_route=\/wp\/v2\/users\/260"}],"replies":[{"embeddable":true,"href":"https:\/\/crajubaremacao.com.br\/index.php?rest_route=%2Fwp%2Fv2%2Fcomments&post=68664"}],"version-history":[{"count":0,"href":"https:\/\/crajubaremacao.com.br\/index.php?rest_route=\/wp\/v2\/posts\/68664\/revisions"}],"wp:featuredmedia":[{"embeddable":true,"href":"https:\/\/crajubaremacao.com.br\/index.php?rest_route=\/wp\/v2\/media\/68665"}],"wp:attachment":[{"href":"https:\/\/crajubaremacao.com.br\/index.php?rest_route=%2Fwp%2Fv2%2Fmedia&parent=68664"}],"wp:term":[{"taxonomy":"category","embeddable":true,"href":"https:\/\/crajubaremacao.com.br\/index.php?rest_route=%2Fwp%2Fv2%2Fcategories&post=68664"},{"taxonomy":"post_tag","embeddable":true,"href":"https:\/\/crajubaremacao.com.br\/index.php?rest_route=%2Fwp%2Fv2%2Ftags&post=68664"}],"curies":[{"name":"wp","href":"https:\/\/api.w.org\/{rel}","templated":true}]}}