{"id":68668,"date":"2026-04-25T00:07:57","date_gmt":"2026-04-25T03:07:57","guid":{"rendered":"https:\/\/crajubaremacao.com.br\/?p=68668"},"modified":"2026-04-25T00:07:57","modified_gmt":"2026-04-25T03:07:57","slug":"pgr-responde-moraes-e-diz-que-nao-se-opoe-a-cirurgia-no-ombro-de-bolsonaro","status":"publish","type":"post","link":"https:\/\/crajubaremacao.com.br\/?p=68668","title":{"rendered":"PGR responde Moraes e diz que n\u00e3o se op\u00f5e a cirurgia no ombro de Bolsonaro"},"content":{"rendered":"<div>\n<div style=\"margin-bottom: 15px;\"><img decoding=\"async\" class=\"type:primaryImage\" src=\"https:\/\/jpimg.com.br\/uploads\/2025\/09\/age20250911065-750x462.jpg\"><\/div>\n<p><?xml encoding=\"UTF-8\"><\/p>\n<p>Em resposta ao pedido de manifesta\u00e7\u00e3o feito pelo ministro do Supremo Tribunal Federal (STF), Alexandre de Moraes, sobre a cirurgia no ombro do ex-presidente Jair Bolsonaro, a Procuradoria-Geral da Rep\u00fablica (PGR), disse, nesta sexta-feira (24), que n\u00e3o se op\u00f5e ao procedimento.<\/p>\n<p>\u201cO relat\u00f3rio m\u00e9dico assinado em 24.4.2026, por seu turno, indica que as principais queixas atuais do paciente s\u00e3o dores recorrentes e intermitentes no ombro direito, tanto em repouso quanto aos movimentos do membro superior direito.\u201d, diz a decis\u00e3o. \u201cDadas as informa\u00e7\u00f5es fornecidas,<strong> n\u00e3o se vislumbra \u00f3bice ao acolhimento do pedido.<\/strong> A Procuradoria-Geral da Rep\u00fablica n\u00e3o se op\u00f5e aos pedidos formulados por Jair Messias Bolsonaro, sem preju\u00edzo da ado\u00e7\u00e3o das medidas de cautelas necess\u00e1rias.\u201d, acrescenta.<\/p>\n<p>Segundo o documento, o relat\u00f3rio fisioterap\u00eautico apresentado pela defesa indica que a realiza\u00e7\u00e3o do procediento cir\u00fargico requerido, em car\u00e1ter eletivo, <strong>apresenta tr\u00eas les\u00f5es que necessitam de repara\u00e7\u00f5es por meio de interven\u00e7\u00f5es cirurgicas.<\/strong><\/p>\n<p>Na quinta-feira (23), o ministro Alexandre de Moraes pediu uma manifesta\u00e7\u00e3o da Procuradoria-Geral da Rep\u00fablica (PGR) sobre o pedido da defesa de Jair Bolsonaro para que o ex-presidente seja autorizado a passar por uma cirurgia no ombro direito.\u00a0 <a href=\"https:\/\/jovempan.com.br\/noticias\/politica\/moraes-manifestacao-pgr-pedido-de-bolsonaro-para-cirurgia.html\" target=\"_blank\" rel=\"noopener noreferrer\"><strong>A PGR tinha o prazo de cinco dias para se manifestar sobre a solicita\u00e7\u00e3o.<\/strong><\/a><\/p>\n<p>O pedido foi apresentado pelos advogados de Bolsonaro na ter\u00e7a-feira (21), com a indica\u00e7\u00e3o de que a cirurgia seja realizada j\u00e1 nesta\u00a0<strong>sexta-feira<\/strong>\u00a0(24) ou no\u00a0<strong>s\u00e1bado<\/strong>\u00a0(25). O procedimento tem como objetivo\u00a0<strong>reparar as estruturas de articula\u00e7\u00e3o<\/strong>, conhecidas como\u00a0<strong>manguito rotador<\/strong>\u00a0e\u00a0<strong>les\u00f5es associadas<\/strong>.<\/p>\n<p>Segundo a defesa, o <strong><a href=\"https:\/\/jovempan.com.br\/noticias\/politica\/defesa-de-bolsonaro-pede-a-moraes-autorizacao-para-cirurgia-no-ombro.html\" target=\"_blank\" rel=\"noopener noreferrer\">ex-presidente sofre com dor persistente\u00a0e\u00a0incapacidade funcional no ombro<\/a><\/strong>, mesmo ap\u00f3s\u00a0<strong>tentativas de tratamentos conservadores<\/strong>\u00a0e o\u00a0<strong>uso di\u00e1rio de analg\u00e9sicos<\/strong>. Exames f\u00edsicos e de imagem constataram uma\u00a0<strong>retra\u00e7\u00e3o importante<\/strong>\u00a0e uma\u00a0<strong>les\u00e3o de alto grau no tend\u00e3o supraespinhal<\/strong>\u00a0\u2014 estrutura respons\u00e1vel pelo movimento de levantar o bra\u00e7o.<\/p>\n<h2>Ex-presidente em pris\u00e3o domiciliar<\/h2>\n<p>Bolsonaro cumpre pena de\u00a0<strong>27 anos<\/strong>\u00a0e\u00a0<strong>3 meses<\/strong>\u00a0de pris\u00e3o por\u00a0<strong>tentativa de golpe de Estado<\/strong>\u00a0e outros crimes. No dia 24 de mar\u00e7o, o ministro Alexandre de Moraes\u00a0<a href=\"https:\/\/jovempan.com.br\/noticias\/politica\/moraes-autoriza-transferencia-de-bolsonaro-para-prisao-domiciliar.html\"><strong>autorizou a transfer\u00eancia do ex-presidente para pris\u00e3o domiciliar<\/strong><\/a>\u00a0por\u00a0<strong>90 dias<\/strong>. A decis\u00e3o ocorreu ap\u00f3s ele passar semanas internado na UTI de um hospital em Bras\u00edlia para tratar uma\u00a0<strong>broncopneumonia bacteriana bilateral<\/strong>.<\/p>\n<p>Segundo o \u00faltimo relat\u00f3rio m\u00e9dico enviado ao STF na semana passada, o quadro pulmonar do ex-presidente apresenta uma\u00a0<a href=\"https:\/\/jovempan.com.br\/noticias\/politica\/bolsonaro-tem-evolucao-satisfatoria-e-melhora-sutil-no-pulmao-dizem-medicos-ao-stf.html\"><strong>evolu\u00e7\u00e3o cl\u00ednica \u201csatisfat\u00f3ria\u201d e uma \u201cmelhora sutil\u201d<\/strong><\/a>\u00a0no pulm\u00e3o esquerdo.<\/p>\n<p>Apesar de responder positivamente aos antibi\u00f3ticos, a equipe m\u00e9dica relatou que o processo de reabilita\u00e7\u00e3o tem sido desafiador. Durante as sess\u00f5es de fisioterapia, Bolsonaro tem relatado\u00a0<strong>forte fadiga muscular<\/strong>, perda de equil\u00edbrio \u2013 causada por medicamentos \u2013 e\u00a0<strong>dores na regi\u00e3o dorsal<\/strong>, al\u00e9m de ter enfrentado um epis\u00f3dio de\u00a0<strong>solu\u00e7os<\/strong>\u00a0que durou cerca de oito horas.<\/p>\n<\/div>\n","protected":false},"excerpt":{"rendered":"<p>Em resposta ao pedido de manifesta\u00e7\u00e3o feito pelo ministro do Supremo Tribunal Federal (STF), Alexandre de Moraes, sobre a cirurgia no ombro do ex-presidente Jair Bolsonaro, a Procuradoria-Geral da Rep\u00fablica (PGR), disse, nesta sexta-feira (24), que n\u00e3o se op\u00f5e ao procedimento. \u201cO relat\u00f3rio m\u00e9dico assinado em 24.4.2026, por seu turno, indica que as principais queixas [&hellip;]<\/p>\n","protected":false},"author":117,"featured_media":68669,"comment_status":"closed","ping_status":"closed","sticky":false,"template":"","format":"standard","meta":{"_themeisle_gutenberg_block_has_review":false,"_jetpack_memberships_contains_paid_content":false,"footnotes":""},"categories":[9],"tags":[129],"class_list":{"0":"post-68668","1":"post","2":"type-post","3":"status-publish","4":"format-standard","5":"has-post-thumbnail","7":"category-politica","8":"tag-politica"},"jetpack_featured_media_url":"https:\/\/crajubaremacao.com.br\/wp-content\/uploads\/2026\/04\/age20250911065-750x462-1.jpg","jetpack_sharing_enabled":true,"_links":{"self":[{"href":"https:\/\/crajubaremacao.com.br\/index.php?rest_route=\/wp\/v2\/posts\/68668","targetHints":{"allow":["GET"]}}],"collection":[{"href":"https:\/\/crajubaremacao.com.br\/index.php?rest_route=\/wp\/v2\/posts"}],"about":[{"href":"https:\/\/crajubaremacao.com.br\/index.php?rest_route=\/wp\/v2\/types\/post"}],"author":[{"embeddable":true,"href":"https:\/\/crajubaremacao.com.br\/index.php?rest_route=\/wp\/v2\/users\/117"}],"replies":[{"embeddable":true,"href":"https:\/\/crajubaremacao.com.br\/index.php?rest_route=%2Fwp%2Fv2%2Fcomments&post=68668"}],"version-history":[{"count":0,"href":"https:\/\/crajubaremacao.com.br\/index.php?rest_route=\/wp\/v2\/posts\/68668\/revisions"}],"wp:featuredmedia":[{"embeddable":true,"href":"https:\/\/crajubaremacao.com.br\/index.php?rest_route=\/wp\/v2\/media\/68669"}],"wp:attachment":[{"href":"https:\/\/crajubaremacao.com.br\/index.php?rest_route=%2Fwp%2Fv2%2Fmedia&parent=68668"}],"wp:term":[{"taxonomy":"category","embeddable":true,"href":"https:\/\/crajubaremacao.com.br\/index.php?rest_route=%2Fwp%2Fv2%2Fcategories&post=68668"},{"taxonomy":"post_tag","embeddable":true,"href":"https:\/\/crajubaremacao.com.br\/index.php?rest_route=%2Fwp%2Fv2%2Ftags&post=68668"}],"curies":[{"name":"wp","href":"https:\/\/api.w.org\/{rel}","templated":true}]}}