{"id":68679,"date":"2026-04-25T03:05:47","date_gmt":"2026-04-25T06:05:47","guid":{"rendered":"https:\/\/crajubaremacao.com.br\/?p=68679"},"modified":"2026-04-25T03:05:47","modified_gmt":"2026-04-25T06:05:47","slug":"stf-forma-maioria-para-manter-prisoes-preventivas-de-ex-presidente-do-brb-e-de-advogado-do-caso-master-ministros-da-segunda-turma-avaliaram-que-a-medida-e-necessaria-para-evitar-a-destruicao-de-prova","status":"publish","type":"post","link":"https:\/\/crajubaremacao.com.br\/?p=68679","title":{"rendered":"STF forma maioria para manter pris\u00f5es preventivas de ex-presidente do BRB e de advogado do caso Master  Ministros da Segunda Turma avaliaram que a medida \u00e9 necess\u00e1ria para evitar a destrui\u00e7\u00e3o de provas e a interfer\u00eancia nas investiga\u00e7\u00f5es"},"content":{"rendered":"<div>\n<p>\u00a0<\/p>\n<h3 class=\"noticia-titulo\" style='background-color: white; box-sizing: border-box; color: #212529; font-family: \"Open sans\", Roboto, sans-serif; font-feature-settings: inherit; font-kerning: inherit; font-language-override: inherit; font-optical-sizing: inherit; font-size-adjust: inherit; font-size: 24px; font-stretch: inherit; font-variant-alternates: inherit; font-variant-east-asian: inherit; font-variant-emoji: inherit; font-variant-numeric: inherit; font-variant-position: inherit; font-variation-settings: inherit; line-height: 22.8px; margin: 0px 0px 0.5rem; padding: 0px; vertical-align: baseline;'>STF forma maioria para manter pris\u00f5es preventivas de ex-presidente do BRB e de advogado do caso Master\u00a0<\/h3>\n<div class=\"noticia-resumo m-b-24\" style='background-color: white; box-sizing: border-box; color: #525252; font-family: \"Open sans\", Roboto, sans-serif; font-feature-settings: inherit; font-kerning: inherit; font-language-override: inherit; font-optical-sizing: inherit; font-size-adjust: inherit; font-size: 16px; font-stretch: inherit; font-variant-alternates: inherit; font-variant-east-asian: inherit; font-variant-emoji: inherit; font-variant-numeric: inherit; font-variant-position: inherit; font-variation-settings: inherit; letter-spacing: -0.3px; line-height: 25px; margin-bottom: 24px !important; margin-left: 0px; margin-right: 0px; margin-top: 0px; overflow-wrap: break-word; padding: 0px; vertical-align: baseline;'>\n<p style=\"box-sizing: border-box; font-feature-settings: inherit; font-kerning: inherit; font-language-override: inherit; font-optical-sizing: inherit; font-size-adjust: inherit; font-size: inherit; font-stretch: inherit; font-style: inherit; font-variant: inherit; font-variation-settings: inherit; font-weight: inherit; line-height: inherit; margin: 0px 0px 1rem; padding: 0px; vertical-align: baseline;\">Ministros da Segunda Turma avaliaram que a medida \u00e9 necess\u00e1ria para evitar a destrui\u00e7\u00e3o de provas e a interfer\u00eancia nas investiga\u00e7\u00f5es<\/p>\n<\/div>\n<div class=\"noticia-data m-b-24\" style='background-color: white; box-sizing: border-box; color: #525252; font-family: \"Open sans\", Roboto, sans-serif; font-feature-settings: inherit; font-kerning: inherit; font-language-override: inherit; font-optical-sizing: inherit; font-size-adjust: inherit; font-size: 16px; font-stretch: inherit; font-variant-alternates: inherit; font-variant-east-asian: inherit; font-variant-emoji: inherit; font-variant-numeric: inherit; font-variant-position: inherit; font-variation-settings: inherit; line-height: inherit; margin-bottom: 24px !important; margin-left: 0px; margin-right: 0px; margin-top: 0px; padding: 0px; vertical-align: baseline;'><span class=\"hora-atualizacao\" style=\"box-sizing: border-box; font-feature-settings: inherit; font-kerning: inherit; font-language-override: inherit; font-optical-sizing: inherit; font-size-adjust: inherit; font-size: inherit; font-stretch: inherit; font-style: inherit; font-variant: inherit; font-variation-settings: inherit; font-weight: inherit; line-height: inherit; margin: 0px; padding: 0px; vertical-align: baseline;\">24\/04\/2026 17:19\u00a0<\/span>&#8211; Atualizado h\u00e1\u00a0<span class=\"intervalo-atualizacao\" style=\"box-sizing: border-box; font-feature-settings: inherit; font-kerning: inherit; font-language-override: inherit; font-optical-sizing: inherit; font-size-adjust: inherit; font-size: inherit; font-stretch: inherit; font-style: inherit; font-variant: inherit; font-variation-settings: inherit; font-weight: inherit; line-height: inherit; margin: 0px; padding: 0px; vertical-align: baseline;\">3 horas atr\u00e1s<\/span><\/div>\n<div class=\"col-md-6 m-auto p-0 m-b-16\" style='background-color: white; box-sizing: border-box; color: #212529; font-family: \"Open sans\", Roboto, sans-serif; font-feature-settings: inherit; font-kerning: inherit; font-language-override: inherit; font-optical-sizing: inherit; font-size-adjust: inherit; font-size: 16px; font-stretch: inherit; font-variant-alternates: inherit; font-variant-east-asian: inherit; font-variant-emoji: inherit; font-variant-numeric: inherit; font-variant-position: inherit; font-variation-settings: inherit; line-height: inherit; margin: auto auto 16px !important; padding: 0px !important; vertical-align: baseline;'>\n<div class=\"noticia-imagem\" style=\"box-sizing: border-box; display: flex; font-feature-settings: inherit; font-kerning: inherit; font-language-override: inherit; font-optical-sizing: inherit; font-size-adjust: inherit; font-size: inherit; font-stretch: inherit; font-style: inherit; font-variant: inherit; font-variation-settings: inherit; font-weight: inherit; height: 14rem; line-height: inherit; margin: 0px; padding: 0px; vertical-align: baseline; width: 416px;\"><img decoding=\"async\" alt=\"Fotografia colorida da fachada do STF. Em primeiro plano a est\u00e1tua da Justi\u00e7a\" src=\"https:\/\/noticias-stf-wp-prd.s3.sa-east-1.amazonaws.com\/wp-content\/uploads\/wpallimport\/uploads\/2026\/04\/23210716\/7-Antonio-Augusto-e1776990669570.jpg\" style=\"border-radius: 0.5rem; border-style: none; box-sizing: border-box; font-feature-settings: inherit; font-kerning: inherit; font-language-override: inherit; font-optical-sizing: inherit; font-size-adjust: inherit; font-size: inherit; font-stretch: inherit; font-style: inherit; font-variant: inherit; font-variation-settings: inherit; font-weight: inherit; height: 224px; line-height: inherit; margin: 0px; object-fit: cover; object-position: center center; padding: 0px; vertical-align: middle; width: 363.075px;\"><span style=\"box-sizing: border-box; font-feature-settings: inherit; font-kerning: inherit; font-language-override: inherit; font-optical-sizing: inherit; font-size-adjust: inherit; font-size: inherit; font-stretch: inherit; font-style: inherit; font-variant: inherit; font-variation-settings: inherit; font-weight: inherit; line-height: inherit; margin: 0px; padding: 0px; vertical-align: baseline;\">Foto: Antonio Augusto\/STF<\/span><\/div>\n<\/div>\n<div class=\"noticia-conteudo conteudo-iframe p-l-8 p-r-8 m-t-16\" style='background-color: white; box-sizing: border-box; color: #212529; font-family: \"Open sans\", Roboto, sans-serif; font-feature-settings: inherit; font-kerning: inherit; font-language-override: inherit; font-optical-sizing: inherit; font-size-adjust: inherit; font-size: 16px; font-stretch: inherit; font-variant-alternates: inherit; font-variant-east-asian: inherit; font-variant-emoji: inherit; font-variant-numeric: inherit; font-variant-position: inherit; font-variation-settings: inherit; line-height: inherit; margin-bottom: 0px; margin-left: 0px; margin-right: 0px; margin-top: 16px !important; padding-bottom: 0px; padding-left: 8px !important; padding-right: 8px !important; padding-top: 0px; text-align: justify; text-justify: inter-word; vertical-align: baseline;'>\n<p style=\"box-sizing: border-box; font-feature-settings: inherit; font-kerning: inherit; font-language-override: inherit; font-optical-sizing: inherit; font-size-adjust: inherit; font-stretch: inherit; font-style: inherit; font-variant: inherit; font-variation-settings: inherit; font-weight: inherit; line-height: 25px; margin: 0px 0px 1rem; padding: 0px; vertical-align: baseline;\">A Segunda Turma do Supremo Tribunal Federal (STF) j\u00e1 re\u00fane maioria para manter as pris\u00f5es preventivas do ex-presidente do Banco de Bras\u00edlia (BRB) Paulo Henrique Bezerra Rodrigues Costa e do advogado Daniel Lopes Monteiro,\u00a0decretadas\u00a0no \u00e2mbito do caso Master\u00a0a pedido da Pol\u00edcia Federal e com aval da Procuradoria-Geral da Rep\u00fablica.\u00a0O julgamento ocorre em sess\u00e3o virtual, com t\u00e9rmino previsto para as 23h59 desta sexta-feira (24).\u00a0<\/p>\n<p style=\"box-sizing: border-box; font-feature-settings: inherit; font-kerning: inherit; font-language-override: inherit; font-optical-sizing: inherit; font-size-adjust: inherit; font-stretch: inherit; font-style: inherit; font-variant: inherit; font-variation-settings: inherit; font-weight: inherit; line-height: 25px; margin: 0px 0px 1rem; padding: 0px; vertical-align: baseline;\">O colegiado confirmou a decis\u00e3o\u00a0liminar\u00a0do relator, ministro Andr\u00e9 Mendon\u00e7a, tomada na Peti\u00e7\u00e3o\u00a0<a href=\"https:\/\/portal.stf.jus.br\/processos\/detalhe.asp?incidente=7544816\" rel=\"noreferrer noopener\" style=\"box-sizing: border-box; color: #054d80; font-feature-settings: inherit; font-kerning: inherit; font-language-override: inherit; font-optical-sizing: inherit; font-size-adjust: inherit; font-size: inherit; font-stretch: inherit; font-style: inherit; font-variant: inherit; font-variation-settings: inherit; font-weight: inherit; line-height: inherit; margin: 0px; padding: 0px; text-decoration: none; vertical-align: baseline;\" target=\"_blank\"><span style=\"box-sizing: border-box; font-feature-settings: inherit; font-kerning: inherit; font-language-override: inherit; font-optical-sizing: inherit; font-size-adjust: inherit; font-size: inherit; font-stretch: inherit; font-style: inherit; font-variant: inherit; font-variation-settings: inherit; font-weight: bolder; line-height: inherit; margin: 0px; padding: 0px; vertical-align: baseline;\">(PET) 15771<\/span><\/a>. At\u00e9 o momento, acompanharam o voto do relator os ministros Luiz Fux e Nunes Marques. Ainda resta o voto do ministro Gilmar Mendes.\u00a0O ministro Dias Toffoli declarou\u00a0suspei\u00e7\u00e3o, por motivo de foro \u00edntimo, para atuar em processos relacionados ao caso Master.\u00a0\u00a0<\/p>\n<h5 class=\"wp-block-heading\" style=\"box-sizing: border-box; font-feature-settings: inherit; font-kerning: inherit; font-language-override: inherit; font-optical-sizing: inherit; font-size-adjust: inherit; font-size: 1.25rem; font-stretch: inherit; font-style: inherit; font-variant: inherit; font-variation-settings: inherit; font-weight: 500; line-height: 1.2; margin: 1rem auto; padding: 0px; vertical-align: baseline;\"><span style=\"box-sizing: border-box; font-feature-settings: inherit; font-kerning: inherit; font-language-override: inherit; font-optical-sizing: inherit; font-size-adjust: inherit; font-size: inherit; font-stretch: inherit; font-style: inherit; font-variant: inherit; font-variation-settings: inherit; font-weight: bolder; line-height: inherit; margin: 0px; padding: 0px; vertical-align: baseline;\">Investiga\u00e7\u00e3o\u00a0<\/span>\u00a0<\/h5>\n<p style=\"box-sizing: border-box; font-feature-settings: inherit; font-kerning: inherit; font-language-override: inherit; font-optical-sizing: inherit; font-size-adjust: inherit; font-stretch: inherit; font-style: inherit; font-variant: inherit; font-variation-settings: inherit; font-weight: inherit; line-height: 25px; margin: 0px 0px 1rem; padding: 0px; vertical-align: baseline;\">O caso envolve suspeitas de fraudes bilion\u00e1rias\u00a0relativas \u00e0\u00a0negocia\u00e7\u00e3o de carteiras de cr\u00e9dito entre o BRB e o Banco Master, no contexto do Inqu\u00e9rito (INQ) 5026, tamb\u00e9m sob a relatoria de Mendon\u00e7a.\u00a0<\/p>\n<p style=\"box-sizing: border-box; font-feature-settings: inherit; font-kerning: inherit; font-language-override: inherit; font-optical-sizing: inherit; font-size-adjust: inherit; font-stretch: inherit; font-style: inherit; font-variant: inherit; font-variation-settings: inherit; font-weight: inherit; line-height: 25px; margin: 0px 0px 1rem; padding: 0px; vertical-align: baseline;\">Ao votar pela manuten\u00e7\u00e3o das pris\u00f5es,\u00a0ele\u00a0destacou a exist\u00eancia de elementos robustos que indicam a pr\u00e1tica de crimes contra o Sistema Financeiro Nacional, como gest\u00e3o fraudulenta, corrup\u00e7\u00e3o, lavagem de dinheiro e organiza\u00e7\u00e3o criminosa.\u00a0<\/p>\n<h5 class=\"wp-block-heading\" style=\"box-sizing: border-box; font-feature-settings: inherit; font-kerning: inherit; font-language-override: inherit; font-optical-sizing: inherit; font-size-adjust: inherit; font-size: 1.25rem; font-stretch: inherit; font-style: inherit; font-variant: inherit; font-variation-settings: inherit; font-weight: 500; line-height: 1.2; margin: 1rem auto; padding: 0px; vertical-align: baseline;\"><span style=\"box-sizing: border-box; font-feature-settings: inherit; font-kerning: inherit; font-language-override: inherit; font-optical-sizing: inherit; font-size-adjust: inherit; font-size: inherit; font-stretch: inherit; font-style: inherit; font-variant: inherit; font-variation-settings: inherit; font-weight: bolder; line-height: inherit; margin: 0px; padding: 0px; vertical-align: baseline;\">Opera\u00e7\u00f5es irregulares\u00a0<\/span>\u00a0<\/h5>\n<p style=\"box-sizing: border-box; font-feature-settings: inherit; font-kerning: inherit; font-language-override: inherit; font-optical-sizing: inherit; font-size-adjust: inherit; font-stretch: inherit; font-style: inherit; font-variant: inherit; font-variation-settings: inherit; font-weight: inherit; line-height: 25px; margin: 0px 0px 1rem; padding: 0px; vertical-align: baseline;\">Segundo o relator, as investiga\u00e7\u00f5es apontam para a forma\u00e7\u00e3o de uma estrutura il\u00edcita destinada\u00a0a criar e negociar\u00a0ativos fict\u00edcios, com impacto estimado em R$ 12,2 bilh\u00f5es. Ele ressaltou ainda que h\u00e1 ind\u00edcios de atua\u00e7\u00e3o deliberada do ex-presidente do BRB para favorecer opera\u00e7\u00f5es irregulares, al\u00e9m da participa\u00e7\u00e3o do advogado na estrutura\u00e7\u00e3o de empresas de fachada para oculta\u00e7\u00e3o patrimonial.\u00a0<\/p>\n<p style=\"box-sizing: border-box; font-feature-settings: inherit; font-kerning: inherit; font-language-override: inherit; font-optical-sizing: inherit; font-size-adjust: inherit; font-stretch: inherit; font-style: inherit; font-variant: inherit; font-variation-settings: inherit; font-weight: inherit; line-height: 25px; margin: 0px 0px 1rem; padding: 0px; vertical-align: baseline;\">Mendon\u00e7a afirmou que a manuten\u00e7\u00e3o das pris\u00f5es \u00e9 necess\u00e1ria para garantir a ordem p\u00fablica e econ\u00f4mica, bem como para evitar a destrui\u00e7\u00e3o de provas e a interfer\u00eancia nas investiga\u00e7\u00f5es. Para o ministro, medidas cautelares alternativas seriam insuficientes,\u00a0diante da gravidade concreta dos fatos e do grau de articula\u00e7\u00e3o dos investigados.\u00a0<\/p>\n<p class=\"has-small-font-size\" style=\"box-sizing: border-box; font-feature-settings: inherit; font-kerning: inherit; font-language-override: inherit; font-optical-sizing: inherit; font-size-adjust: inherit; font-stretch: inherit; font-style: inherit; font-variant: inherit; font-variation-settings: inherit; font-weight: inherit; line-height: 25px; margin: 0px 0px 1rem; padding: 0px; vertical-align: baseline;\">(Thays Ros\u00e1rio\/AS\/\/CF)\u00a0<\/p>\n<p style=\"box-sizing: border-box; font-feature-settings: inherit; font-kerning: inherit; font-language-override: inherit; font-optical-sizing: inherit; font-size-adjust: inherit; font-stretch: inherit; font-style: inherit; font-variant: inherit; font-variation-settings: inherit; font-weight: inherit; line-height: 25px; margin: 0px 0px 1rem; padding: 0px; vertical-align: baseline;\">Leia mais:\u00a0\u00a0<\/p>\n<p style=\"box-sizing: border-box; font-feature-settings: inherit; font-kerning: inherit; font-language-override: inherit; font-optical-sizing: inherit; font-size-adjust: inherit; font-stretch: inherit; font-style: inherit; font-variant: inherit; font-variation-settings: inherit; font-weight: inherit; line-height: 25px; margin: 0px 0px 1rem; padding: 0px; vertical-align: baseline;\">16\/4\/2026 \u2013\u00a0<a href=\"https:\/\/noticias.stf.jus.br\/postsnoticias\/stf-determina-prisao-de-ex-presidente-do-brb-e-de-advogado-suspeitos-de-fraudes-bilionarias\/\" rel=\"noreferrer noopener\" style=\"box-sizing: border-box; color: #054d80; font-feature-settings: inherit; font-kerning: inherit; font-language-override: inherit; font-optical-sizing: inherit; font-size-adjust: inherit; font-size: inherit; font-stretch: inherit; font-style: inherit; font-variant: inherit; font-variation-settings: inherit; font-weight: inherit; line-height: inherit; margin: 0px; padding: 0px; text-decoration: none; vertical-align: baseline;\" target=\"_blank\">STF determina pris\u00e3o de ex-presidente do BRB e de advogado suspeitos de fraudes bilion\u00e1rias<\/a>\u00a0<\/p>\n<\/div>\n<\/div>\n","protected":false},"excerpt":{"rendered":"<p>\u00a0 STF forma maioria para manter pris\u00f5es preventivas de ex-presidente do BRB e de advogado do caso Master\u00a0 Ministros da Segunda Turma avaliaram que a medida \u00e9 necess\u00e1ria para evitar a destrui\u00e7\u00e3o de provas e a interfer\u00eancia nas investiga\u00e7\u00f5es 24\/04\/2026 17:19\u00a0&#8211; Atualizado h\u00e1\u00a03 horas atr\u00e1s Foto: Antonio Augusto\/STF A Segunda Turma do Supremo Tribunal Federal [&hellip;]<\/p>\n","protected":false},"author":88,"featured_media":68680,"comment_status":"closed","ping_status":"closed","sticky":false,"template":"","format":"standard","meta":{"_themeisle_gutenberg_block_has_review":false,"_jetpack_memberships_contains_paid_content":false,"footnotes":""},"categories":[4],"tags":[127,130],"class_list":{"0":"post-68679","1":"post","2":"type-post","3":"status-publish","4":"format-standard","5":"has-post-thumbnail","7":"category-regiao","8":"tag-cariri","9":"tag-ceara"},"jetpack_featured_media_url":"https:\/\/crajubaremacao.com.br\/wp-content\/uploads\/2026\/04\/7-Antonio-Augusto-e1776990669570.jpg","jetpack_sharing_enabled":true,"_links":{"self":[{"href":"https:\/\/crajubaremacao.com.br\/index.php?rest_route=\/wp\/v2\/posts\/68679","targetHints":{"allow":["GET"]}}],"collection":[{"href":"https:\/\/crajubaremacao.com.br\/index.php?rest_route=\/wp\/v2\/posts"}],"about":[{"href":"https:\/\/crajubaremacao.com.br\/index.php?rest_route=\/wp\/v2\/types\/post"}],"author":[{"embeddable":true,"href":"https:\/\/crajubaremacao.com.br\/index.php?rest_route=\/wp\/v2\/users\/88"}],"replies":[{"embeddable":true,"href":"https:\/\/crajubaremacao.com.br\/index.php?rest_route=%2Fwp%2Fv2%2Fcomments&post=68679"}],"version-history":[{"count":0,"href":"https:\/\/crajubaremacao.com.br\/index.php?rest_route=\/wp\/v2\/posts\/68679\/revisions"}],"wp:featuredmedia":[{"embeddable":true,"href":"https:\/\/crajubaremacao.com.br\/index.php?rest_route=\/wp\/v2\/media\/68680"}],"wp:attachment":[{"href":"https:\/\/crajubaremacao.com.br\/index.php?rest_route=%2Fwp%2Fv2%2Fmedia&parent=68679"}],"wp:term":[{"taxonomy":"category","embeddable":true,"href":"https:\/\/crajubaremacao.com.br\/index.php?rest_route=%2Fwp%2Fv2%2Fcategories&post=68679"},{"taxonomy":"post_tag","embeddable":true,"href":"https:\/\/crajubaremacao.com.br\/index.php?rest_route=%2Fwp%2Fv2%2Ftags&post=68679"}],"curies":[{"name":"wp","href":"https:\/\/api.w.org\/{rel}","templated":true}]}}