{"id":68681,"date":"2026-04-25T05:00:09","date_gmt":"2026-04-25T08:00:09","guid":{"rendered":"https:\/\/crajubaremacao.com.br\/?p=68681"},"modified":"2026-04-25T05:00:09","modified_gmt":"2026-04-25T08:00:09","slug":"pcce-captura-suspeito-de-latrocinio-contra-vigilante-em-sobral","status":"publish","type":"post","link":"https:\/\/crajubaremacao.com.br\/?p=68681","title":{"rendered":"PCCE captura suspeito de latroc\u00ednio contra vigilante em Sobral"},"content":{"rendered":"<div>\n<p>Uma investiga\u00e7\u00e3o da Pol\u00edcia Civil do Estado do Cear\u00e1 (PCCE) resultou, nesta sexta-feira (23), na pris\u00e3o de um homem suspeito de participa\u00e7\u00e3o em um latroc\u00ednio, ocorrido em janeiro deste ano. A captura e o crime aconteceram em Sobral, na \u00c1rea Integrada de Seguran\u00e7a P\u00fablica 3 (AIS 3) do estado.<\/p>\n<p>Ap\u00f3s oitivas e dilig\u00eancias, os policiais civis do N\u00facleo de Homic\u00eddios da 1\u00aa Delegacia de Sobral localizaram o alvo, que j\u00e1 responde por furto. A captura, realizada no bairro Centro, \u00e9 resultado de um mandado de pris\u00e3o tempor\u00e1ria expedido pela 5\u00ba N\u00facleo de Cust\u00f3dia e Inqu\u00e9ritos. O homem foi conduzido \u00e0 1\u00aa Delegacia Sobral para os procedimentos cab\u00edveis e, em seguida, encaminhado ao sistema prisional, onde permanece \u00e0 disposi\u00e7\u00e3o da Justi\u00e7a.<\/p>\n<h3 class=\"wp-block-heading\">O crime<\/h3>\n<p>No dia 15 de janeiro de 2026, um vigilante, de 50 anos, foi agredido com um objeto contundente em um canteiro de obra situado no bairro Junco. O crime teria sido cometido durante uma tentativa de roubo. A v\u00edtima foi lesionada com um objeto contundente e n\u00e3o resistiu aos ferimentos.<\/p>\n<h3 class=\"wp-block-heading\">Den\u00fancias<\/h3>\n<p>A popula\u00e7\u00e3o pode contribuir com as investiga\u00e7\u00f5es repassando informa\u00e7\u00f5es que auxiliem os trabalhos policiais. As informa\u00e7\u00f5es podem ser direcionadas para o n\u00famero 181, o Disque-Den\u00fancia da Secretaria da Seguran\u00e7a P\u00fablica e Defesa Social (SSPDS), ou para o (85) 3101-0181, que \u00e9 o n\u00famero de WhatsApp, pelo qual podem ser feitas den\u00fancias via mensagem, \u00e1udio, v\u00eddeo e fotografia ou ainda via \u201ce-den\u00fancia\u201d, o site do servi\u00e7o 181, por meio do endere\u00e7o eletr\u00f4nico: https:\/\/disquedenuncia181.sspds.ce.gov.br\/.<\/p>\n<p>As informa\u00e7\u00f5es tamb\u00e9m podem ser encaminhadas para o telefone (88) 3677-4711, da 1\u00aa Delegacia de Pol\u00edcia Civil de Sobral. O sigilo e o anonimato s\u00e3o garantidos<\/p>\n<p>O post <a href=\"https:\/\/www.ce.gov.br\/2026\/04\/24\/pcce-captura-suspeito-de-latrocinio-contra-vigilante-em-sobral\/\">PCCE captura suspeito de latroc\u00ednio contra vigilante em Sobral<\/a> apareceu primeiro em <a href=\"https:\/\/www.ce.gov.br\/\">Governo do Estado do Cear\u00e1<\/a>.<\/p>\n<\/div>\n","protected":false},"excerpt":{"rendered":"<p>Uma investiga\u00e7\u00e3o da Pol\u00edcia Civil do Estado do Cear\u00e1 (PCCE) resultou, nesta sexta-feira (23), na pris\u00e3o de um homem suspeito de participa\u00e7\u00e3o em um latroc\u00ednio, ocorrido em janeiro deste ano. A captura e o crime aconteceram em Sobral, na \u00c1rea Integrada de Seguran\u00e7a P\u00fablica 3 (AIS 3) do estado. Ap\u00f3s oitivas e dilig\u00eancias, os policiais [&hellip;]<\/p>\n","protected":false},"author":265,"featured_media":0,"comment_status":"closed","ping_status":"closed","sticky":false,"template":"","format":"standard","meta":{"_themeisle_gutenberg_block_has_review":false,"_jetpack_memberships_contains_paid_content":false,"footnotes":""},"categories":[4],"tags":[127,130],"class_list":{"0":"post-68681","1":"post","2":"type-post","3":"status-publish","4":"format-standard","6":"category-regiao","7":"tag-cariri","8":"tag-ceara"},"jetpack_featured_media_url":"","jetpack_sharing_enabled":true,"_links":{"self":[{"href":"https:\/\/crajubaremacao.com.br\/index.php?rest_route=\/wp\/v2\/posts\/68681","targetHints":{"allow":["GET"]}}],"collection":[{"href":"https:\/\/crajubaremacao.com.br\/index.php?rest_route=\/wp\/v2\/posts"}],"about":[{"href":"https:\/\/crajubaremacao.com.br\/index.php?rest_route=\/wp\/v2\/types\/post"}],"author":[{"embeddable":true,"href":"https:\/\/crajubaremacao.com.br\/index.php?rest_route=\/wp\/v2\/users\/265"}],"replies":[{"embeddable":true,"href":"https:\/\/crajubaremacao.com.br\/index.php?rest_route=%2Fwp%2Fv2%2Fcomments&post=68681"}],"version-history":[{"count":0,"href":"https:\/\/crajubaremacao.com.br\/index.php?rest_route=\/wp\/v2\/posts\/68681\/revisions"}],"wp:attachment":[{"href":"https:\/\/crajubaremacao.com.br\/index.php?rest_route=%2Fwp%2Fv2%2Fmedia&parent=68681"}],"wp:term":[{"taxonomy":"category","embeddable":true,"href":"https:\/\/crajubaremacao.com.br\/index.php?rest_route=%2Fwp%2Fv2%2Fcategories&post=68681"},{"taxonomy":"post_tag","embeddable":true,"href":"https:\/\/crajubaremacao.com.br\/index.php?rest_route=%2Fwp%2Fv2%2Ftags&post=68681"}],"curies":[{"name":"wp","href":"https:\/\/api.w.org\/{rel}","templated":true}]}}