{"id":68692,"date":"2026-04-25T12:06:32","date_gmt":"2026-04-25T15:06:32","guid":{"rendered":"https:\/\/crajubaremacao.com.br\/?p=68692"},"modified":"2026-04-25T12:06:32","modified_gmt":"2026-04-25T15:06:32","slug":"fachin-suspende-decisao-que-proibia-venda-de-bens-do-df-para-recuperacao-financeira-do-brb","status":"publish","type":"post","link":"https:\/\/crajubaremacao.com.br\/?p=68692","title":{"rendered":"Fachin suspende decis\u00e3o que proibia venda de bens do DF para recupera\u00e7\u00e3o financeira do BRB"},"content":{"rendered":"<div>\n<div style=\"margin-bottom: 15px;\"><img decoding=\"async\" class=\"type:primaryImage\" src=\"https:\/\/jpimg.com.br\/uploads\/2026\/03\/foto-jp-18-750x450.png\"><\/div>\n<p><?xml encoding=\"UTF-8\"><\/p>\n<p>O presidente do Supremo Tribunal Federal (STF), Edson Fachin, suspendeu a decis\u00e3o que proibia a venda de bens m\u00f3veis e im\u00f3veis do governo do Distrito Federal para a recupera\u00e7\u00e3o financeira do Banco de Bras\u00edlia (BRB). O parecer foi publicado no final da noite desta sexta-feira (24).<\/p>\n<p>\u201cO<strong> Banco de Bras\u00edlia desempenha papel central no sistema financeiro do Distrito Federal<\/strong>, sendo respons\u00e1vel pela operacionaliza\u00e7\u00e3o de programas sociais relevantes, pelo pagamento de servidores p\u00fablicos, pela gest\u00e3o de volumes expressivos de dep\u00f3sitos \u2013 inclusive judiciais \u2013 e pela concess\u00e3o de cr\u00e9dito em escala significativa \u00e0 economia local\u201d, escreveu Fachin, que entendeu as alega\u00e7\u00f5es de \u201cgrave les\u00e3o\u201d como plaus\u00edveis enfatizando \u201co evidente risco concreto \u00e0 ordem econ\u00f4mica\u201d, dada a relev\u00e2ncia do BRB.<\/p>\n<p>O <strong>presidente apontou ainda \u201crisco relevante ao interesse p\u00fablico\u201d<\/strong> dada a possibilidade de que a \u201cinviabiliza\u00e7\u00e3o das medidas de recupera\u00e7\u00e3o\u201d do BRB pudesse \u201ccomprometer a continuidade de servi\u00e7os essenciais e a execu\u00e7\u00e3o de pol\u00edticas p\u00fablicas de car\u00e1ter social e econ\u00f4mico\u201d.<\/p>\n<h3><strong>Proibi\u00e7\u00e3o da Justi\u00e7a Federal<\/strong><\/h3>\n<p>A <strong>decis\u00e3o do presidente do STF atende um pedido do governo do DF<\/strong>, que questionava a posi\u00e7\u00e3o da Justi\u00e7a do DF contra o uso dos im\u00f3veis. A ordem da suspens\u00e3o de liminar foi monocr\u00e1tica, mas ser\u00e1 submetida ao plen\u00e1rio do STF entre os dias 8 e 15 de maio em sess\u00e3o virtual.<\/p>\n<p>A decis\u00e3o pela proibi\u00e7\u00e3o, tomada pelo desembargador R\u00f4mulo de Ara\u00fajo Mendes, atendeu a um pedido do Minist\u00e9rio P\u00fablico e suspendeu a efic\u00e1cia de dispositivos da lei que autorizava o governo local a capitalizar o BRB por meio de nove im\u00f3veis p\u00fablicos, incluindo a venda dos terrenos, a estrutura\u00e7\u00e3o de um fundo imobili\u00e1rio e a oferta dos bens em um empr\u00e9stimo.<\/p>\n<p>No dia 16 de mar\u00e7o, a<strong>\u00a0<a href=\"https:\/\/jovempan.com.br\/noticias\/politica\/justica-impede-governo-do-df-de-realizar-aporte-no-brb-com-imoveis-publicos.html\" target=\"_blank\" rel=\"noopener noreferrer\">Justi\u00e7a Federal proibiu o governo do Distrito Federal de realizar um aporte no Banco de Bras\u00edlia (BRB) usando im\u00f3veis p\u00fablicos<\/a><\/strong>\u00a0para cobrir o rombo deixado pelo Banco Master na institui\u00e7\u00e3o. A decis\u00e3o atende um pedido de pol\u00edticos do PSB, incluindo o presidente da Ag\u00eancia Brasileira de Desenvolvimento Industrial (ABDI), Ricardo Cappelli, e o deputado federal Rodrigo Rollemberg (DF).<\/p>\n<p><strong>Compra do Master pelo BRB<\/strong><\/p>\n<p>O BRB, banco p\u00fablico controlado pelo governo do Distrito Federal, entrou no radar do caso Master por ter sido o principal interessado na aquisi\u00e7\u00e3o da institui\u00e7\u00e3o ligada a Daniel Vorcaro e por opera\u00e7\u00f5es financeiras hoje sob investiga\u00e7\u00e3o da Pol\u00edcia Federal.<\/p>\n<p>A proposta previa a compra de uma participa\u00e7\u00e3o relevante no banco e foi apresentada como uma sa\u00edda para evitar sua quebra. O neg\u00f3cio, no entanto, foi barrado pelo Banco Central em setembro de 2025, que apontou falta de viabilidade econ\u00f4mico-financeira e risco de transfer\u00eancia de preju\u00edzos ao banco p\u00fablico.<\/p>\n<p>Al\u00e9m da tentativa de aquisi\u00e7\u00e3o, a Pol\u00edcia Federal investiga se o BRB comprou carteiras de cr\u00e9dito fraudulentas do Master, com foco em poss\u00edveis falhas nos mecanismos internos de an\u00e1lise, aprova\u00e7\u00e3o e governan\u00e7a.<\/p>\n<\/div>\n","protected":false},"excerpt":{"rendered":"<p>O presidente do Supremo Tribunal Federal (STF), Edson Fachin, suspendeu a decis\u00e3o que proibia a venda de bens m\u00f3veis e im\u00f3veis do governo do Distrito Federal para a recupera\u00e7\u00e3o financeira do Banco de Bras\u00edlia (BRB). O parecer foi publicado no final da noite desta sexta-feira (24). \u201cO Banco de Bras\u00edlia desempenha papel central no sistema [&hellip;]<\/p>\n","protected":false},"author":117,"featured_media":68693,"comment_status":"closed","ping_status":"closed","sticky":false,"template":"","format":"standard","meta":{"_themeisle_gutenberg_block_has_review":false,"_jetpack_memberships_contains_paid_content":false,"footnotes":""},"categories":[9],"tags":[129],"class_list":{"0":"post-68692","1":"post","2":"type-post","3":"status-publish","4":"format-standard","5":"has-post-thumbnail","7":"category-politica","8":"tag-politica"},"jetpack_featured_media_url":"https:\/\/crajubaremacao.com.br\/wp-content\/uploads\/2026\/04\/foto-jp-18-750x450-1.png","jetpack_sharing_enabled":true,"_links":{"self":[{"href":"https:\/\/crajubaremacao.com.br\/index.php?rest_route=\/wp\/v2\/posts\/68692","targetHints":{"allow":["GET"]}}],"collection":[{"href":"https:\/\/crajubaremacao.com.br\/index.php?rest_route=\/wp\/v2\/posts"}],"about":[{"href":"https:\/\/crajubaremacao.com.br\/index.php?rest_route=\/wp\/v2\/types\/post"}],"author":[{"embeddable":true,"href":"https:\/\/crajubaremacao.com.br\/index.php?rest_route=\/wp\/v2\/users\/117"}],"replies":[{"embeddable":true,"href":"https:\/\/crajubaremacao.com.br\/index.php?rest_route=%2Fwp%2Fv2%2Fcomments&post=68692"}],"version-history":[{"count":0,"href":"https:\/\/crajubaremacao.com.br\/index.php?rest_route=\/wp\/v2\/posts\/68692\/revisions"}],"wp:featuredmedia":[{"embeddable":true,"href":"https:\/\/crajubaremacao.com.br\/index.php?rest_route=\/wp\/v2\/media\/68693"}],"wp:attachment":[{"href":"https:\/\/crajubaremacao.com.br\/index.php?rest_route=%2Fwp%2Fv2%2Fmedia&parent=68692"}],"wp:term":[{"taxonomy":"category","embeddable":true,"href":"https:\/\/crajubaremacao.com.br\/index.php?rest_route=%2Fwp%2Fv2%2Fcategories&post=68692"},{"taxonomy":"post_tag","embeddable":true,"href":"https:\/\/crajubaremacao.com.br\/index.php?rest_route=%2Fwp%2Fv2%2Ftags&post=68692"}],"curies":[{"name":"wp","href":"https:\/\/api.w.org\/{rel}","templated":true}]}}