{"id":68700,"date":"2026-04-25T15:07:35","date_gmt":"2026-04-25T18:07:35","guid":{"rendered":"https:\/\/crajubaremacao.com.br\/?p=68700"},"modified":"2026-04-25T15:07:35","modified_gmt":"2026-04-25T18:07:35","slug":"militao-passara-por-novo-exame-na-segunda-e-deve-ficar-fora-da-copa-do-mundo","status":"publish","type":"post","link":"https:\/\/crajubaremacao.com.br\/?p=68700","title":{"rendered":"Milit\u00e3o passar\u00e1 por novo exame na segunda e deve ficar fora da Copa do Mundo"},"content":{"rendered":"<div>\n<div style=\"margin-bottom: 15px;\"><img decoding=\"async\" class=\"type:primaryImage\" src=\"https:\/\/jpimg.com.br\/uploads\/2024\/11\/Eder-militao-750x460.jpg\"><\/div>\n<p><?xml encoding=\"UTF-8\"><\/p>\n<p>O \u00c9der Milit\u00e3o passar\u00e1 na segunda-feira (27) por um novo examae na perna esquerda, ap\u00f3s os dois primeiro n\u00e3o terem sidos precisos para saber qual tratamento adotar na recupera\u00e7\u00e3o do atleta. O<strong> jogador est\u00e1 com uma les\u00e3o muscular na coxa e, segundo o jornal \u2018As\u2019, da Espanha, ele est\u00e1 fora da Copa do Mundo.\u00a0<\/strong><\/p>\n<p>Milit\u00e3o se lesionou na ter\u00e7a-feira (21) durante a partida contra o Alav\u00e9s, que terminou com a vit\u00f3ria do Real Madrid por 2 a 1. Em um primeiro boletim m\u00e9dico, divulgado na quinta-feira (23), o <strong>time merengue havia informado que os examens apontaram uma les\u00e3o muscular femoral da coxa esquerda<\/strong> \u2013 mesma les\u00e3o que o deixou afastado por quatro meses do gramado em dezembro do ano passado.<\/p>\n<p>Um resson\u00e2ncia magn\u00e9tica detectou a nova les\u00e3o no m\u00fasculo do b\u00edceps femoral, e o tempo de recupera\u00e7\u00e3o \u00e9 entre quatro a cinco meses.<\/p>\n<p>Al\u00e9m de Milit\u00e3o,<strong> Sele\u00e7\u00e3o tem baixa de Rodrygo, que se recupera de uma cirurgia no joelho, e Estev\u00e3o<\/strong>, que \u00e9 d\u00favida ap\u00f3s sofrer uma les\u00e3o grava na coxa direita.<\/p>\n<p>A<strong> convoca\u00e7\u00e3o final da Sele\u00e7\u00e3o Brasileira para Copa do Mundo acontecer\u00e1 no dia 18 de maio<\/strong>, no Rio de Janeiro e os jogadores se apresenta\u00e7\u00e3o no dia 27 e junho. Primeiro jogo do Brasil no torneio \u00e9 no dia 13 de junho. Um jogo contra o Marrocos \u00e0s 19h, no MetLife Stadium, em Nova Jersey.<\/p>\n<p>Brasil est\u00e1 no Grupo C, dom Marrocos, Esc\u00f3cia e Haiti.<\/p>\n<\/div>\n","protected":false},"excerpt":{"rendered":"<p>O \u00c9der Milit\u00e3o passar\u00e1 na segunda-feira (27) por um novo examae na perna esquerda, ap\u00f3s os dois primeiro n\u00e3o terem sidos precisos para saber qual tratamento adotar na recupera\u00e7\u00e3o do atleta. O jogador est\u00e1 com uma les\u00e3o muscular na coxa e, segundo o jornal \u2018As\u2019, da Espanha, ele est\u00e1 fora da Copa do Mundo.\u00a0 Milit\u00e3o [&hellip;]<\/p>\n","protected":false},"author":260,"featured_media":68701,"comment_status":"closed","ping_status":"closed","sticky":false,"template":"","format":"standard","meta":{"_themeisle_gutenberg_block_has_review":false,"_jetpack_memberships_contains_paid_content":false,"footnotes":""},"categories":[12],"tags":[153],"class_list":{"0":"post-68700","1":"post","2":"type-post","3":"status-publish","4":"format-standard","5":"has-post-thumbnail","7":"category-esportes","8":"tag-esportes"},"jetpack_featured_media_url":"https:\/\/crajubaremacao.com.br\/wp-content\/uploads\/2026\/04\/Eder-militao-750x460-1.jpg","jetpack_sharing_enabled":true,"_links":{"self":[{"href":"https:\/\/crajubaremacao.com.br\/index.php?rest_route=\/wp\/v2\/posts\/68700","targetHints":{"allow":["GET"]}}],"collection":[{"href":"https:\/\/crajubaremacao.com.br\/index.php?rest_route=\/wp\/v2\/posts"}],"about":[{"href":"https:\/\/crajubaremacao.com.br\/index.php?rest_route=\/wp\/v2\/types\/post"}],"author":[{"embeddable":true,"href":"https:\/\/crajubaremacao.com.br\/index.php?rest_route=\/wp\/v2\/users\/260"}],"replies":[{"embeddable":true,"href":"https:\/\/crajubaremacao.com.br\/index.php?rest_route=%2Fwp%2Fv2%2Fcomments&post=68700"}],"version-history":[{"count":0,"href":"https:\/\/crajubaremacao.com.br\/index.php?rest_route=\/wp\/v2\/posts\/68700\/revisions"}],"wp:featuredmedia":[{"embeddable":true,"href":"https:\/\/crajubaremacao.com.br\/index.php?rest_route=\/wp\/v2\/media\/68701"}],"wp:attachment":[{"href":"https:\/\/crajubaremacao.com.br\/index.php?rest_route=%2Fwp%2Fv2%2Fmedia&parent=68700"}],"wp:term":[{"taxonomy":"category","embeddable":true,"href":"https:\/\/crajubaremacao.com.br\/index.php?rest_route=%2Fwp%2Fv2%2Fcategories&post=68700"},{"taxonomy":"post_tag","embeddable":true,"href":"https:\/\/crajubaremacao.com.br\/index.php?rest_route=%2Fwp%2Fv2%2Ftags&post=68700"}],"curies":[{"name":"wp","href":"https:\/\/api.w.org\/{rel}","templated":true}]}}