{"id":68704,"date":"2026-04-25T18:02:35","date_gmt":"2026-04-25T21:02:35","guid":{"rendered":"https:\/\/crajubaremacao.com.br\/?p=68704"},"modified":"2026-04-25T18:02:35","modified_gmt":"2026-04-25T21:02:35","slug":"zema-publica-novo-video-de-os-intocaveis-e-reforca-confronto-com-gilmar-mendes","status":"publish","type":"post","link":"https:\/\/crajubaremacao.com.br\/?p=68704","title":{"rendered":"Zema publica novo v\u00eddeo de os \u2018intoc\u00e1veis\u2019 e refor\u00e7a confronto com Gilmar Mendes"},"content":{"rendered":"<div>\n<div style=\"margin-bottom: 15px;\"><img decoding=\"async\" class=\"type:primaryImage\" src=\"https:\/\/jpimg.com.br\/uploads\/2024\/03\/fta20240216232-750x500.jpg\"><\/div>\n<p><?xml encoding=\"UTF-8\"><\/p>\n<p>O pr\u00e9-candidato \u00e0 presid\u00eancia Romeu Zema (Novo) fez uma <strong>nova publica\u00e7\u00e3o da sua s\u00e9rie de v\u00eddeos nomeada de \u201cOs Intoc\u00e1veis\u201d<\/strong> neste s\u00e1bado (25). O novo v\u00eddeo retrata uma liga\u00e7\u00e3o entre os fantoches dos ministros do Supremo Tribunal Federal (STF) em que Gilmar Mendes pede a Alexandre de Moraes que inclua o ex-governador mineiro no inqu\u00e9rito das fake news, que tem a relatoria de Moraes.<\/p>\n<p>\u201cVoc\u00ea n\u00e3o tem aquele Inqu\u00e9rito das Fake News que j\u00e1 est\u00e1 aberto h\u00e1 sete anos? Que \u00e9 onde voc\u00ea coloca tudo que n\u00e3o te agrada, te irrita ou te contraria emocionalmente?\u201d, diz a representa\u00e7\u00e3o de Gilmar Mendes a Moraes. \u201cClaro que cabe mais um inimigo nosso (no inqu\u00e9rito)\u201d, diz o boneco de Moraes. \u201cQuer dizer, da democracia, \u00e9 claro\u201d, responde o fantoche de Gilmar Mendes.<\/p>\n<p>O v\u00eddeo tamb\u00e9m relembra quando<strong> Gilmar Mendes disse que Zema fala um dialeto \u201cpr\u00f3ximo do portugu\u00eas\u201d<\/strong>, ao se referir ao sotaque mineiro, j\u00e1 que muitas vezes n\u00e3o entende o que o ex-governador quer dizer. \u201cTira do ar (a s\u00e9rie \u2018Os Intoc\u00e1veis\u2019) e prende esse Chico Bento mineiro\u201d, ironiza o v\u00eddeo.<\/p>\n<p>Neste s\u00e1bado, Zema j\u00e1 havia dito que avalia <strong><a href=\"https:\/\/jovempan.com.br\/noticias\/politica\/zema-avalia-medidas-juridicas-contra-gilmar-mendes-por-xenofobia-destrata-milhoes-de-brasileiros.html\" target=\"_blank\" rel=\"noopener noreferrer\">entrar com medidas jur\u00eddicas<\/a><\/strong> contra o ministro do Supremo Tribunal Federal (STF), Gilmar Mendes, por falas xenof\u00f3bicas. \u201cO jur\u00eddico meu, do partido, est\u00e1 avaliando. \u00c9 uma fala ofensiva, xenof\u00f3bica, que destrata milh\u00f5es de brasileiros\u201d, disse Zema, tamb\u00e9m neste s\u00e1bado, em entrevista \u00e0 Itatiaia.<\/p>\n<p>\u201cSe ele teve oportunidade de estudar na Alemanha, em Coimbra, parab\u00e9ns para ele. Ele parece se considerar, como os intoc\u00e1veis de Bras\u00edlia, uma casta superior. Enquanto est\u00e1 vivendo no luxo, n\u00f3s brasileiros que trabalhamos estamos vivendo no lixo\u201d, acrescentou Zema.<\/p>\n<p>O posicionamento do ex-governador vem em um momento de tens\u00e3o entre os dois pol\u00edticos que come\u00e7ou ap\u00f3s <strong><a href=\"https:\/\/jovempan.com.br\/noticias\/politica\/entenda-a-polemica-envolvendo-gilmar-mendes-e-romeu-zema.html\" target=\"_blank\" rel=\"noopener noreferrer\">Zema publicar um v\u00eddeo de s\u00e1tira, no dia 1\u00ba de mar\u00e7o<\/a><\/strong>, que retrata o magistrado pedindo uma troca de favores ao ministro Dias Toffoli em meio ao esc\u00e2ndalo do Banco Master. Ap\u00f3s as postagens do mineiro, Gilmar Mendes enviou uma\u00a0<strong>representa\u00e7\u00e3o ao ministro Alexandre de Moraes<\/strong>\u00a0na segunda-feira (20) pedindo a investiga\u00e7\u00e3o do pr\u00e9-candidato \u00e0 Presid\u00eancia.\u00a0O ministro apontou a suspeita de ind\u00edcios de crime na publica\u00e7\u00e3o.<\/p>\n<blockquote class=\"instagram-media\" style=\"background: #FFF; border: 0; border-radius: 3px; box-shadow: 0 0 1px 0 rgba(0,0,0,0.5),0 1px 10px 0 rgba(0,0,0,0.15); margin: 1px; max-width: 540px; min-width: 326px; padding: 0; width: calc(100% - 2px);\" data-instgrm-captioned=\"\" data-instgrm-permalink=\"https:\/\/www.instagram.com\/reel\/DXkS9IrCeDA\/?utm_source=ig_embed&amp;utm_campaign=loading\" data-instgrm-version=\"14\">\n<div style=\"padding: 16px;\">\n\u00a0<\/p>\n<div style=\"display: flex; flex-direction: row; align-items: center;\">\n<div style=\"background-color: #f4f4f4; border-radius: 50%; flex-grow: 0; height: 40px; margin-right: 14px; width: 40px;\"><\/div>\n<div style=\"display: flex; flex-direction: column; flex-grow: 1; justify-content: center;\">\n<div style=\"background-color: #f4f4f4; border-radius: 4px; flex-grow: 0; height: 14px; margin-bottom: 6px; width: 100px;\"><\/div>\n<div style=\"background-color: #f4f4f4; border-radius: 4px; flex-grow: 0; height: 14px; width: 60px;\"><\/div>\n<\/div>\n<\/div>\n<div style=\"padding: 19% 0;\"><\/div>\n<div style=\"display: block; height: 50px; margin: 0 auto 12px; width: 50px;\"><\/div>\n<div style=\"padding-top: 8px;\">\n<div style=\"color: #3897f0; font-family: Arial,sans-serif; font-size: 14px; font-style: normal; font-weight: 550; line-height: 18px;\">Ver essa foto no Instagram<\/div>\n<\/div>\n<div style=\"padding: 12.5% 0;\"><\/div>\n<div style=\"display: flex; flex-direction: row; margin-bottom: 14px; align-items: center;\">\n<div>\n<div style=\"background-color: #f4f4f4; border-radius: 50%; height: 12.5px; width: 12.5px; transform: translateX(0px) translateY(7px);\"><\/div>\n<div style=\"background-color: #f4f4f4; height: 12.5px; transform: rotate(-45deg) translateX(3px) translateY(1px); width: 12.5px; flex-grow: 0; margin-right: 14px; margin-left: 2px;\"><\/div>\n<div style=\"background-color: #f4f4f4; border-radius: 50%; height: 12.5px; width: 12.5px; transform: translateX(9px) translateY(-18px);\"><\/div>\n<\/div>\n<div style=\"margin-left: 8px;\">\n<div style=\"background-color: #f4f4f4; border-radius: 50%; flex-grow: 0; height: 20px; width: 20px;\"><\/div>\n<div style=\"width: 0; height: 0; border-top: 2px solid transparent; border-left: 6px solid #f4f4f4; border-bottom: 2px solid transparent; transform: translateX(16px) translateY(-4px) rotate(30deg);\"><\/div>\n<\/div>\n<div style=\"margin-left: auto;\">\n<div style=\"width: 0px; border-top: 8px solid #F4F4F4; border-right: 8px solid transparent; transform: translateY(16px);\"><\/div>\n<div style=\"background-color: #f4f4f4; flex-grow: 0; height: 12px; width: 16px; transform: translateY(-4px);\"><\/div>\n<div style=\"width: 0; height: 0; border-top: 8px solid #F4F4F4; border-left: 8px solid transparent; transform: translateY(-4px) translateX(8px);\"><\/div>\n<\/div>\n<\/div>\n<div style=\"display: flex; flex-direction: column; flex-grow: 1; justify-content: center; margin-bottom: 24px;\">\n<div style=\"background-color: #f4f4f4; border-radius: 4px; flex-grow: 0; height: 14px; margin-bottom: 6px; width: 224px;\"><\/div>\n<div style=\"background-color: #f4f4f4; border-radius: 4px; flex-grow: 0; height: 14px; width: 144px;\"><\/div>\n<\/div>\n<p>\u00a0<br \/>\nUm post compartilhado por Romeu Zema (@romeuzemaoficial)\n<\/p><\/div>\n<\/blockquote>\n<p><script async src=\"\/\/www.instagram.com\/embed.js\"><\/script><\/p>\n<\/div>\n","protected":false},"excerpt":{"rendered":"<p>O pr\u00e9-candidato \u00e0 presid\u00eancia Romeu Zema (Novo) fez uma nova publica\u00e7\u00e3o da sua s\u00e9rie de v\u00eddeos nomeada de \u201cOs Intoc\u00e1veis\u201d neste s\u00e1bado (25). O novo v\u00eddeo retrata uma liga\u00e7\u00e3o entre os fantoches dos ministros do Supremo Tribunal Federal (STF) em que Gilmar Mendes pede a Alexandre de Moraes que inclua o ex-governador mineiro no inqu\u00e9rito [&hellip;]<\/p>\n","protected":false},"author":117,"featured_media":68705,"comment_status":"closed","ping_status":"closed","sticky":false,"template":"","format":"standard","meta":{"_themeisle_gutenberg_block_has_review":false,"_jetpack_memberships_contains_paid_content":false,"footnotes":""},"categories":[9],"tags":[129],"class_list":{"0":"post-68704","1":"post","2":"type-post","3":"status-publish","4":"format-standard","5":"has-post-thumbnail","7":"category-politica","8":"tag-politica"},"jetpack_featured_media_url":"https:\/\/crajubaremacao.com.br\/wp-content\/uploads\/2026\/04\/fta20240216232-750x500-1.jpg","jetpack_sharing_enabled":true,"_links":{"self":[{"href":"https:\/\/crajubaremacao.com.br\/index.php?rest_route=\/wp\/v2\/posts\/68704","targetHints":{"allow":["GET"]}}],"collection":[{"href":"https:\/\/crajubaremacao.com.br\/index.php?rest_route=\/wp\/v2\/posts"}],"about":[{"href":"https:\/\/crajubaremacao.com.br\/index.php?rest_route=\/wp\/v2\/types\/post"}],"author":[{"embeddable":true,"href":"https:\/\/crajubaremacao.com.br\/index.php?rest_route=\/wp\/v2\/users\/117"}],"replies":[{"embeddable":true,"href":"https:\/\/crajubaremacao.com.br\/index.php?rest_route=%2Fwp%2Fv2%2Fcomments&post=68704"}],"version-history":[{"count":0,"href":"https:\/\/crajubaremacao.com.br\/index.php?rest_route=\/wp\/v2\/posts\/68704\/revisions"}],"wp:featuredmedia":[{"embeddable":true,"href":"https:\/\/crajubaremacao.com.br\/index.php?rest_route=\/wp\/v2\/media\/68705"}],"wp:attachment":[{"href":"https:\/\/crajubaremacao.com.br\/index.php?rest_route=%2Fwp%2Fv2%2Fmedia&parent=68704"}],"wp:term":[{"taxonomy":"category","embeddable":true,"href":"https:\/\/crajubaremacao.com.br\/index.php?rest_route=%2Fwp%2Fv2%2Fcategories&post=68704"},{"taxonomy":"post_tag","embeddable":true,"href":"https:\/\/crajubaremacao.com.br\/index.php?rest_route=%2Fwp%2Fv2%2Ftags&post=68704"}],"curies":[{"name":"wp","href":"https:\/\/api.w.org\/{rel}","templated":true}]}}