{"id":68714,"date":"2026-04-26T00:00:58","date_gmt":"2026-04-26T03:00:58","guid":{"rendered":"https:\/\/crajubaremacao.com.br\/?p=68714"},"modified":"2026-04-26T00:00:58","modified_gmt":"2026-04-26T03:00:58","slug":"morre-jose-frejat-aos-102-anos-ex-deputado-e-pai-do-cantor-frejat","status":"publish","type":"post","link":"https:\/\/crajubaremacao.com.br\/?p=68714","title":{"rendered":"Morre Jos\u00e9 Frejat aos 102 anos, ex-deputado e pai do cantor Frejat"},"content":{"rendered":"<div>\n<div style=\"margin-bottom: 15px;\"><img decoding=\"async\" class=\"type:primaryImage\" src=\"https:\/\/jpimg.com.br\/uploads\/2026\/04\/roberto-frejat-o-pai-jose-frejat-e-seu-filho-rafael-frejat-705x500.jpg\"><\/div>\n<p><?xml encoding=\"UTF-8\"><\/p>\n<p>Morreu neste s\u00e1bado (25) o <strong>ex-deputado federal Jos\u00e9 Frejat, pai do cantor Roberto Frejat, l\u00edder do Bar\u00e3o Vermelho<\/strong>. A informa\u00e7\u00e3o foi confirmada pela equipe do artista ao Estad\u00e3o, mas a causa da morte n\u00e3o foi informada.<strong> Ele tinha 102 anos<\/strong>.<\/p>\n<p>Jos\u00e9 Frejat teve grande contribui\u00e7\u00e3o ao movimento estudantil e ao processo de redemocratiza\u00e7\u00e3o brasileiro. Ele assumiu o cargo de deputado federal pelo Rio de Janeiro em 1978 e em 1982.<\/p>\n<p><strong>Frejat nasceu em 1924 no munic\u00edpio de Cururupu, no Maranh\u00e3o.<\/strong> Aos 23 anos, se mudou para o Rio de Janeiro para cursar Direito na Universidade Federal do Rio de Janeiro (UFRJ). Na universidade, foi eleito presidente do Centro Acad\u00eamico C\u00e2ndido de Oliveira em 1949.<\/p>\n<p>No ano seguinte, foi eleito presidente da Uni\u00e3o Nacional dos Estudantes (UNE) ap\u00f3s a ren\u00fancia de Rog\u00ea Ferreira. No mesmo per\u00edodo, tamb\u00e9m foi escolhido como presidente do Diret\u00f3rio Central dos Estudantes da UFRJ.<\/p>\n<p>Ap\u00f3s se formar em Direito, Frejat come\u00e7ou a se envolver com o Movimento Nacionalista Brasileiro. <strong>Ele foi um dos fundadores e secret\u00e1rio-geral do movimento contra a ditadura militar.<\/strong><\/p>\n<p>Pelo Movimento Democr\u00e1tico Brasileiro (MDB),<strong> Frejat assumiu os cargos de procurador da Fazenda Nacional, vereador do Rio de Janeiro, em 1975, e deputado federal pelo Rio, em 1978.<\/strong> Para seu segundo mandato como deputado, se filiou ao Partido Democr\u00e1tico Brasileiro.<\/p>\n<p><strong>No ano passado, Frejat havia se filiado ao Partido Socialista Brasileiro (PSB).<\/strong> Ele chegou a tentar se eleger novamente como deputado federal pelo Rio em 2018, mas teve a candidatura indeferida.<\/p>\n<\/div>\n","protected":false},"excerpt":{"rendered":"<p>Morreu neste s\u00e1bado (25) o ex-deputado federal Jos\u00e9 Frejat, pai do cantor Roberto Frejat, l\u00edder do Bar\u00e3o Vermelho. A informa\u00e7\u00e3o foi confirmada pela equipe do artista ao Estad\u00e3o, mas a causa da morte n\u00e3o foi informada. Ele tinha 102 anos. Jos\u00e9 Frejat teve grande contribui\u00e7\u00e3o ao movimento estudantil e ao processo de redemocratiza\u00e7\u00e3o brasileiro. Ele [&hellip;]<\/p>\n","protected":false},"author":117,"featured_media":68715,"comment_status":"closed","ping_status":"closed","sticky":false,"template":"","format":"standard","meta":{"_themeisle_gutenberg_block_has_review":false,"_jetpack_memberships_contains_paid_content":false,"footnotes":""},"categories":[9],"tags":[129],"class_list":{"0":"post-68714","1":"post","2":"type-post","3":"status-publish","4":"format-standard","5":"has-post-thumbnail","7":"category-politica","8":"tag-politica"},"jetpack_featured_media_url":"https:\/\/crajubaremacao.com.br\/wp-content\/uploads\/2026\/04\/roberto-frejat-o-pai-jose-frejat-e-seu-filho-rafael-frejat-705x500-1.jpg","jetpack_sharing_enabled":true,"_links":{"self":[{"href":"https:\/\/crajubaremacao.com.br\/index.php?rest_route=\/wp\/v2\/posts\/68714","targetHints":{"allow":["GET"]}}],"collection":[{"href":"https:\/\/crajubaremacao.com.br\/index.php?rest_route=\/wp\/v2\/posts"}],"about":[{"href":"https:\/\/crajubaremacao.com.br\/index.php?rest_route=\/wp\/v2\/types\/post"}],"author":[{"embeddable":true,"href":"https:\/\/crajubaremacao.com.br\/index.php?rest_route=\/wp\/v2\/users\/117"}],"replies":[{"embeddable":true,"href":"https:\/\/crajubaremacao.com.br\/index.php?rest_route=%2Fwp%2Fv2%2Fcomments&post=68714"}],"version-history":[{"count":0,"href":"https:\/\/crajubaremacao.com.br\/index.php?rest_route=\/wp\/v2\/posts\/68714\/revisions"}],"wp:featuredmedia":[{"embeddable":true,"href":"https:\/\/crajubaremacao.com.br\/index.php?rest_route=\/wp\/v2\/media\/68715"}],"wp:attachment":[{"href":"https:\/\/crajubaremacao.com.br\/index.php?rest_route=%2Fwp%2Fv2%2Fmedia&parent=68714"}],"wp:term":[{"taxonomy":"category","embeddable":true,"href":"https:\/\/crajubaremacao.com.br\/index.php?rest_route=%2Fwp%2Fv2%2Fcategories&post=68714"},{"taxonomy":"post_tag","embeddable":true,"href":"https:\/\/crajubaremacao.com.br\/index.php?rest_route=%2Fwp%2Fv2%2Ftags&post=68714"}],"curies":[{"name":"wp","href":"https:\/\/api.w.org\/{rel}","templated":true}]}}