{"id":68723,"date":"2026-04-26T03:04:02","date_gmt":"2026-04-26T06:04:02","guid":{"rendered":"https:\/\/crajubaremacao.com.br\/?p=68723"},"modified":"2026-04-26T03:04:02","modified_gmt":"2026-04-26T06:04:02","slug":"homem-atira-durante-jantar-de-trump-com-correspondentes-em-washington-suspeito-foi-detido-pelo-servico-secreto-dos-eua","status":"publish","type":"post","link":"https:\/\/crajubaremacao.com.br\/?p=68723","title":{"rendered":"Homem atira durante jantar de Trump com correspondentes em Washington Suspeito foi detido pelo Servi\u00e7o Secreto dos EUA"},"content":{"rendered":"<div>\n<p>\u00a0<span style='background-color: white; color: #0c1a3d; font-family: \"Tipo Brasil Rounded\", Inter, sans-serif;'>Um homem fez disparos na noite deste s\u00e1bado (25) durante um jantar, num hotel em Washington, do presidente Donald Trump\u00a0com correspondentes que cobrem a Casa Branca.<\/span><img decoding=\"async\" src=\"https:\/\/agenciabrasil.ebc.com.br\/ebc.png?id=1687255&amp;o=node\" style='border: 0px; box-sizing: border-box; color: #0c1a3d; display: inline; font-family: \"Tipo Brasil Rounded\", Inter, sans-serif; height: 1px; margin: 0px; padding: 0px; width: 1px;'><img decoding=\"async\" src=\"https:\/\/agenciabrasil.ebc.com.br\/ebc.gif?id=1687255&amp;o=node\" style='border: 0px; box-sizing: border-box; color: #0c1a3d; display: inline; font-family: \"Tipo Brasil Rounded\", Inter, sans-serif; height: 1px; margin: 0px; padding: 0px; width: 1px;'><\/p>\n<p style='background-color: white; box-sizing: border-box; color: #0c1a3d; font-family: \"Tipo Brasil Rounded\", Inter, sans-serif; line-height: 1.5; margin: 1.3rem 0px 0px; padding: 0px;'>Tiros foram ouvidos nas imedia\u00e7\u00f5es do local do evento e o\u00a0presidente e a primeira-dama Melania Trump\u00a0foram retirados rapidamente do lugar pelo Servi\u00e7o Secreto norte-americano. O suspeito de ter feito o ataque foi preso e ainda n\u00e3o teve sua identidade revelada.<\/p>\n<p style='background-color: white; box-sizing: border-box; color: #0c1a3d; font-family: \"Tipo Brasil Rounded\", Inter, sans-serif; line-height: 1.5; margin: 1.3rem 0px 0px; padding: 0px;'>Segundo informa\u00e7\u00f5es obtidas pela Reuters, o suspeito atirou em um agente do servi\u00e7o secreto, mas n\u00e3o se feriu gra\u00e7as ao colete \u00e0 prova de balas que usava. Al\u00e9m dos disparos, testemunhas disseram a ag\u00eancias internacionais que tamb\u00e9m foram ouvidas explos\u00f5es na \u00e1rea pr\u00f3xima ao hotel.<\/p>\n<p style='background-color: white; box-sizing: border-box; color: #0c1a3d; font-family: \"Tipo Brasil Rounded\", Inter, sans-serif; line-height: 1.5; margin: 1.3rem 0px 0px; padding: 0px;'>O jantar teve as presen\u00e7as do vice-presidente J.D. Vance e do secret\u00e1rio de Estado Marco Rubio. Eles tamb\u00e9m foram retirados do hotel e est\u00e3o em seguran\u00e7a.<\/p>\n<p style='background-color: white; box-sizing: border-box; color: #0c1a3d; font-family: \"Tipo Brasil Rounded\", Inter, sans-serif; line-height: 1.5; margin: 1.3rem 0px 0px; padding: 0px;'>O presidente Trump deu uma entrevista coletiva na Casa Branca ap\u00f3s o ataque e disse que o atirador \u00e9 um &#8220;lobo solit\u00e1rio&#8221;, termo usado para descrever supostos criminosos que atuam sozinhos. Apesar da fala de Trump, o Servi\u00e7o Secreto dos EUA n\u00e3o deu mais detalhes sobre o suspeito.<\/p>\n<p style='background-color: white; box-sizing: border-box; color: #0c1a3d; font-family: \"Tipo Brasil Rounded\", Inter, sans-serif; line-height: 1.5; margin: 1.3rem 0px 0px; padding: 0px;'>\u00a0<\/p>\n<\/div>\n","protected":false},"excerpt":{"rendered":"<p>\u00a0Um homem fez disparos na noite deste s\u00e1bado (25) durante um jantar, num hotel em Washington, do presidente Donald Trump\u00a0com correspondentes que cobrem a Casa Branca. Tiros foram ouvidos nas imedia\u00e7\u00f5es do local do evento e o\u00a0presidente e a primeira-dama Melania Trump\u00a0foram retirados rapidamente do lugar pelo Servi\u00e7o Secreto norte-americano. O suspeito de ter feito [&hellip;]<\/p>\n","protected":false},"author":88,"featured_media":0,"comment_status":"closed","ping_status":"closed","sticky":false,"template":"","format":"standard","meta":{"_themeisle_gutenberg_block_has_review":false,"_jetpack_memberships_contains_paid_content":false,"footnotes":""},"categories":[4],"tags":[127,130],"class_list":{"0":"post-68723","1":"post","2":"type-post","3":"status-publish","4":"format-standard","6":"category-regiao","7":"tag-cariri","8":"tag-ceara"},"jetpack_featured_media_url":"","jetpack_sharing_enabled":true,"_links":{"self":[{"href":"https:\/\/crajubaremacao.com.br\/index.php?rest_route=\/wp\/v2\/posts\/68723","targetHints":{"allow":["GET"]}}],"collection":[{"href":"https:\/\/crajubaremacao.com.br\/index.php?rest_route=\/wp\/v2\/posts"}],"about":[{"href":"https:\/\/crajubaremacao.com.br\/index.php?rest_route=\/wp\/v2\/types\/post"}],"author":[{"embeddable":true,"href":"https:\/\/crajubaremacao.com.br\/index.php?rest_route=\/wp\/v2\/users\/88"}],"replies":[{"embeddable":true,"href":"https:\/\/crajubaremacao.com.br\/index.php?rest_route=%2Fwp%2Fv2%2Fcomments&post=68723"}],"version-history":[{"count":0,"href":"https:\/\/crajubaremacao.com.br\/index.php?rest_route=\/wp\/v2\/posts\/68723\/revisions"}],"wp:attachment":[{"href":"https:\/\/crajubaremacao.com.br\/index.php?rest_route=%2Fwp%2Fv2%2Fmedia&parent=68723"}],"wp:term":[{"taxonomy":"category","embeddable":true,"href":"https:\/\/crajubaremacao.com.br\/index.php?rest_route=%2Fwp%2Fv2%2Fcategories&post=68723"},{"taxonomy":"post_tag","embeddable":true,"href":"https:\/\/crajubaremacao.com.br\/index.php?rest_route=%2Fwp%2Fv2%2Ftags&post=68723"}],"curies":[{"name":"wp","href":"https:\/\/api.w.org\/{rel}","templated":true}]}}