{"id":68724,"date":"2026-04-26T05:01:52","date_gmt":"2026-04-26T08:01:52","guid":{"rendered":"https:\/\/crajubaremacao.com.br\/?p=68724"},"modified":"2026-04-26T05:01:52","modified_gmt":"2026-04-26T08:01:52","slug":"em-santana-do-cariri-governo-do-ceara-entrega-complexo-religioso-com-homenagem-a-beata-menina-benigna","status":"publish","type":"post","link":"https:\/\/crajubaremacao.com.br\/?p=68724","title":{"rendered":"Em Santana do Cariri, Governo do Cear\u00e1 entrega complexo religioso com homenagem \u00e0\u00a0Beata Menina Benigna"},"content":{"rendered":"<div>\n<p class=\"has-text-align-center\"><em>\u00c1rea de aproximadamente 48 mil m\u00b2, que recebeu investimento de R$ 16,9 milh\u00f5es, conta com est\u00e1tua de 26 metros, trilha de peregrina\u00e7\u00e3o e amplo estacionamento<\/em><\/p>\n<p>\u201cMe peguei com ela. Todo domingo eu vinha para a igreja dela. Todo domingo eu ia at\u00e9 o local da cacimba (onde aconteceu o mart\u00edrio). Ela merecia tudo isso. Est\u00e1 tudo lindo. Ela \u00e9 muito querida, muito amada por n\u00f3s\u201d. As palavras cheias de amor s\u00e3o de Maria de Lourdes da Silva, devota de Menina Benigna desde que recebeu a cura de um c\u00e2ncer, segundo ela uma gra\u00e7a, h\u00e1 tr\u00eas anos.<\/p>\n<figure class=\"wp-block-image size-full\"><img fetchpriority=\"high\" fetchpriority=\"high\" decoding=\"async\" width=\"1107\" height=\"738\" src=\"https:\/\/www.ce.gov.br\/wp-content\/uploads\/2026\/04\/MG_4163-2.jpg\" alt=\"\" class=\"wp-image-319846\" srcset=\"https:\/\/www.ce.gov.br\/wp-content\/uploads\/2026\/04\/MG_4163-2.jpg 1107w, https:\/\/www.ce.gov.br\/wp-content\/uploads\/2026\/04\/MG_4163-2-600x400.jpg 600w, https:\/\/www.ce.gov.br\/wp-content\/uploads\/2026\/04\/MG_4163-2-768x512.jpg 768w\" sizes=\"(max-width: 1107px) 100vw, 1107px\"><\/figure>\n<p>O depoimento da fiel aconteceu no novo ponto de peregrina\u00e7\u00e3o, f\u00e9 e religiosidade do Cear\u00e1. O Governo do Estado entregou, neste s\u00e1bado (25), o santu\u00e1rio e todo o complexo com homenagem \u00e0\u00a0Beata Menina Benigna. A \u00e1rea de aproximadamente 48 mil m\u00b2, que recebeu investimento de R$ 16,9 milh\u00f5es, conta com est\u00e1tua de 26 metros, trilha para romaria, esplanada para cerim\u00f4nias e amplo estacionamento. A inaugura\u00e7\u00e3o contou com a participa\u00e7\u00e3o do governador Elmano de Freitas e tamb\u00e9m teve a presen\u00e7a do senador Camilo Santana, entre outras autoridades.<\/p>\n<figure class=\"wp-block-image size-large\"><img loading=\"lazy\" loading=\"lazy\" decoding=\"async\" width=\"1200\" height=\"677\" src=\"https:\/\/www.ce.gov.br\/wp-content\/uploads\/2026\/04\/dji_fly_20260425_160204_0756_1777144818642_photo-1200x677.jpg\" alt=\"\" class=\"wp-image-319849\" srcset=\"https:\/\/www.ce.gov.br\/wp-content\/uploads\/2026\/04\/dji_fly_20260425_160204_0756_1777144818642_photo-1200x677.jpg 1200w, https:\/\/www.ce.gov.br\/wp-content\/uploads\/2026\/04\/dji_fly_20260425_160204_0756_1777144818642_photo-600x338.jpg 600w, https:\/\/www.ce.gov.br\/wp-content\/uploads\/2026\/04\/dji_fly_20260425_160204_0756_1777144818642_photo-768x433.jpg 768w, https:\/\/www.ce.gov.br\/wp-content\/uploads\/2026\/04\/dji_fly_20260425_160204_0756_1777144818642_photo.jpg 1309w\" sizes=\"auto, (max-width: 1200px) 100vw, 1200px\"><\/figure>\n<p>\u201c\u00c9 a f\u00e9 do nosso povo que justifica todo esse complexo. \u00c9 um orgulho para mim, enquanto governador, entregar esse grande benef\u00edcio em homenagem \u00e0 f\u00e9 do povo de Santana, \u00e0 f\u00e9 do povo do Cariri. Hoje \u00e9 um dia de muita alegria\u201d, destacou o governador Elmano de Freitas, ao lado da vice governadora Jade Romero.<\/p>\n<figure class=\"wp-block-image size-full\"><img loading=\"lazy\" loading=\"lazy\" decoding=\"async\" width=\"1107\" height=\"738\" src=\"https:\/\/www.ce.gov.br\/wp-content\/uploads\/2026\/04\/MG_4370-4.jpg\" alt=\"\" class=\"wp-image-319851\" srcset=\"https:\/\/www.ce.gov.br\/wp-content\/uploads\/2026\/04\/MG_4370-4.jpg 1107w, https:\/\/www.ce.gov.br\/wp-content\/uploads\/2026\/04\/MG_4370-4-600x400.jpg 600w, https:\/\/www.ce.gov.br\/wp-content\/uploads\/2026\/04\/MG_4370-4-768x512.jpg 768w\" sizes=\"auto, (max-width: 1107px) 100vw, 1107px\"><\/figure>\n<p>O novo espa\u00e7o, adequado ao turismo religioso, poder\u00e1 receber com mais conforto os milhares de devotos da Beata, que se concentram especialmente nas festividades voltadas para a Menina Benigna em outubro.<\/p>\n<p>O local tamb\u00e9m ser\u00e1 respons\u00e1vel por impulsionar, cada vez mais, o turismo na regi\u00e3o do Cariri, destino cearense que recebe cerca de 2,5 milh\u00f5es de romeiros e visitantes por ano.<\/p>\n<div class=\"wp-block-group is-layout-grid wp-container-core-group-is-layout-baef362d wp-block-group-is-layout-grid\">\n<figure data-wp-context='{\"imageId\":\"69edc66ee95b7\"}' data-wp-interactive=\"core\/image\" data-wp-key=\"69edc66ee95b7\" class=\"wp-block-image size-full wp-lightbox-container\"><img loading=\"lazy\" loading=\"lazy\" decoding=\"async\" width=\"1107\" height=\"738\" data-wp-class--hide=\"state.isContentHidden\" data-wp-class--show=\"state.isContentVisible\" data-wp-init=\"callbacks.setButtonStyles\" data-wp-on--click=\"actions.showLightbox\" data-wp-on--load=\"callbacks.setButtonStyles\" data-wp-on-window--resize=\"callbacks.setButtonStyles\" src=\"https:\/\/www.ce.gov.br\/wp-content\/uploads\/2026\/04\/WhatsApp-Image-2026-04-25-at-22.32.04-7.jpeg\" alt=\"\" class=\"wp-image-319874\" srcset=\"https:\/\/www.ce.gov.br\/wp-content\/uploads\/2026\/04\/WhatsApp-Image-2026-04-25-at-22.32.04-7.jpeg 1107w, https:\/\/www.ce.gov.br\/wp-content\/uploads\/2026\/04\/WhatsApp-Image-2026-04-25-at-22.32.04-7-600x400.jpeg 600w, https:\/\/www.ce.gov.br\/wp-content\/uploads\/2026\/04\/WhatsApp-Image-2026-04-25-at-22.32.04-7-768x512.jpeg 768w\" sizes=\"auto, (max-width: 1107px) 100vw, 1107px\"><button class=\"lightbox-trigger\" type=\"button\" aria-haspopup=\"dialog\" aria-label=\"Ampliar\" data-wp-init=\"callbacks.initTriggerButton\" data-wp-on--click=\"actions.showLightbox\" data-wp-style--right=\"state.imageButtonRight\" data-wp-style--top=\"state.imageButtonTop\"><br \/>\n\t\t\t<svg xmlns=\"https:\/\/www.w3.org\/2000\/svg\" width=\"12\" height=\"12\" fill=\"none\" viewbox=\"0 0 12 12\">\n\t\t\t\t<path fill=\"#fff\" d=\"M2 0a2 2 0 0 0-2 2v2h1.5V2a.5.5 0 0 1 .5-.5h2V0H2Zm2 10.5H2a.5.5 0 0 1-.5-.5V8H0v2a2 2 0 0 0 2 2h2v-1.5ZM8 12v-1.5h2a.5.5 0 0 0 .5-.5V8H12v2a2 2 0 0 1-2 2H8Zm2-12a2 2 0 0 1 2 2v2h-1.5V2a.5.5 0 0 0-.5-.5H8V0h2Z\"><\/path>\n\t\t\t<\/svg><br \/>\n\t\t<\/button><\/figure>\n<figure data-wp-context='{\"imageId\":\"69edc66ee9a6e\"}' data-wp-interactive=\"core\/image\" data-wp-key=\"69edc66ee9a6e\" class=\"wp-block-image size-full wp-lightbox-container\"><img loading=\"lazy\" loading=\"lazy\" decoding=\"async\" width=\"1107\" height=\"738\" data-wp-class--hide=\"state.isContentHidden\" data-wp-class--show=\"state.isContentVisible\" data-wp-init=\"callbacks.setButtonStyles\" data-wp-on--click=\"actions.showLightbox\" data-wp-on--load=\"callbacks.setButtonStyles\" data-wp-on-window--resize=\"callbacks.setButtonStyles\" src=\"https:\/\/www.ce.gov.br\/wp-content\/uploads\/2026\/04\/WhatsApp-Image-2026-04-25-at-22.32.05-1.jpeg\" alt=\"\" class=\"wp-image-319883\" srcset=\"https:\/\/www.ce.gov.br\/wp-content\/uploads\/2026\/04\/WhatsApp-Image-2026-04-25-at-22.32.05-1.jpeg 1107w, https:\/\/www.ce.gov.br\/wp-content\/uploads\/2026\/04\/WhatsApp-Image-2026-04-25-at-22.32.05-1-600x400.jpeg 600w, https:\/\/www.ce.gov.br\/wp-content\/uploads\/2026\/04\/WhatsApp-Image-2026-04-25-at-22.32.05-1-768x512.jpeg 768w\" sizes=\"auto, (max-width: 1107px) 100vw, 1107px\"><button class=\"lightbox-trigger\" type=\"button\" aria-haspopup=\"dialog\" aria-label=\"Ampliar\" data-wp-init=\"callbacks.initTriggerButton\" data-wp-on--click=\"actions.showLightbox\" data-wp-style--right=\"state.imageButtonRight\" data-wp-style--top=\"state.imageButtonTop\"><br \/>\n\t\t\t<svg xmlns=\"https:\/\/www.w3.org\/2000\/svg\" width=\"12\" height=\"12\" fill=\"none\" viewbox=\"0 0 12 12\">\n\t\t\t\t<path fill=\"#fff\" d=\"M2 0a2 2 0 0 0-2 2v2h1.5V2a.5.5 0 0 1 .5-.5h2V0H2Zm2 10.5H2a.5.5 0 0 1-.5-.5V8H0v2a2 2 0 0 0 2 2h2v-1.5ZM8 12v-1.5h2a.5.5 0 0 0 .5-.5V8H12v2a2 2 0 0 1-2 2H8Zm2-12a2 2 0 0 1 2 2v2h-1.5V2a.5.5 0 0 0-.5-.5H8V0h2Z\"><\/path>\n\t\t\t<\/svg><br \/>\n\t\t<\/button><\/figure>\n<figure data-wp-context='{\"imageId\":\"69edc66ee9ebe\"}' data-wp-interactive=\"core\/image\" data-wp-key=\"69edc66ee9ebe\" class=\"wp-block-image size-full wp-lightbox-container\"><img loading=\"lazy\" loading=\"lazy\" decoding=\"async\" width=\"1107\" height=\"738\" data-wp-class--hide=\"state.isContentHidden\" data-wp-class--show=\"state.isContentVisible\" data-wp-init=\"callbacks.setButtonStyles\" data-wp-on--click=\"actions.showLightbox\" data-wp-on--load=\"callbacks.setButtonStyles\" data-wp-on-window--resize=\"callbacks.setButtonStyles\" src=\"https:\/\/www.ce.gov.br\/wp-content\/uploads\/2026\/04\/IMG_3463.jpg\" alt=\"\" class=\"wp-image-319863\" srcset=\"https:\/\/www.ce.gov.br\/wp-content\/uploads\/2026\/04\/IMG_3463.jpg 1107w, https:\/\/www.ce.gov.br\/wp-content\/uploads\/2026\/04\/IMG_3463-600x400.jpg 600w, https:\/\/www.ce.gov.br\/wp-content\/uploads\/2026\/04\/IMG_3463-768x512.jpg 768w\" sizes=\"auto, (max-width: 1107px) 100vw, 1107px\"><button class=\"lightbox-trigger\" type=\"button\" aria-haspopup=\"dialog\" aria-label=\"Ampliar\" data-wp-init=\"callbacks.initTriggerButton\" data-wp-on--click=\"actions.showLightbox\" data-wp-style--right=\"state.imageButtonRight\" data-wp-style--top=\"state.imageButtonTop\"><br \/>\n\t\t\t<svg xmlns=\"https:\/\/www.w3.org\/2000\/svg\" width=\"12\" height=\"12\" fill=\"none\" viewbox=\"0 0 12 12\">\n\t\t\t\t<path fill=\"#fff\" d=\"M2 0a2 2 0 0 0-2 2v2h1.5V2a.5.5 0 0 1 .5-.5h2V0H2Zm2 10.5H2a.5.5 0 0 1-.5-.5V8H0v2a2 2 0 0 0 2 2h2v-1.5ZM8 12v-1.5h2a.5.5 0 0 0 .5-.5V8H12v2a2 2 0 0 1-2 2H8Zm2-12a2 2 0 0 1 2 2v2h-1.5V2a.5.5 0 0 0-.5-.5H8V0h2Z\"><\/path>\n\t\t\t<\/svg><br \/>\n\t\t<\/button><\/figure>\n<figure data-wp-context='{\"imageId\":\"69edc66eea2d1\"}' data-wp-interactive=\"core\/image\" data-wp-key=\"69edc66eea2d1\" class=\"wp-block-image size-full wp-lightbox-container\"><img loading=\"lazy\" loading=\"lazy\" decoding=\"async\" width=\"1107\" height=\"738\" data-wp-class--hide=\"state.isContentHidden\" data-wp-class--show=\"state.isContentVisible\" data-wp-init=\"callbacks.setButtonStyles\" data-wp-on--click=\"actions.showLightbox\" data-wp-on--load=\"callbacks.setButtonStyles\" data-wp-on-window--resize=\"callbacks.setButtonStyles\" src=\"https:\/\/www.ce.gov.br\/wp-content\/uploads\/2026\/04\/WhatsApp-Image-2026-04-25-at-22.32.04-2.jpeg\" alt=\"\" class=\"wp-image-319876\" srcset=\"https:\/\/www.ce.gov.br\/wp-content\/uploads\/2026\/04\/WhatsApp-Image-2026-04-25-at-22.32.04-2.jpeg 1107w, https:\/\/www.ce.gov.br\/wp-content\/uploads\/2026\/04\/WhatsApp-Image-2026-04-25-at-22.32.04-2-600x400.jpeg 600w, https:\/\/www.ce.gov.br\/wp-content\/uploads\/2026\/04\/WhatsApp-Image-2026-04-25-at-22.32.04-2-768x512.jpeg 768w\" sizes=\"auto, (max-width: 1107px) 100vw, 1107px\"><button class=\"lightbox-trigger\" type=\"button\" aria-haspopup=\"dialog\" aria-label=\"Ampliar\" data-wp-init=\"callbacks.initTriggerButton\" data-wp-on--click=\"actions.showLightbox\" data-wp-style--right=\"state.imageButtonRight\" data-wp-style--top=\"state.imageButtonTop\"><br \/>\n\t\t\t<svg xmlns=\"https:\/\/www.w3.org\/2000\/svg\" width=\"12\" height=\"12\" fill=\"none\" viewbox=\"0 0 12 12\">\n\t\t\t\t<path fill=\"#fff\" d=\"M2 0a2 2 0 0 0-2 2v2h1.5V2a.5.5 0 0 1 .5-.5h2V0H2Zm2 10.5H2a.5.5 0 0 1-.5-.5V8H0v2a2 2 0 0 0 2 2h2v-1.5ZM8 12v-1.5h2a.5.5 0 0 0 .5-.5V8H12v2a2 2 0 0 1-2 2H8Zm2-12a2 2 0 0 1 2 2v2h-1.5V2a.5.5 0 0 0-.5-.5H8V0h2Z\"><\/path>\n\t\t\t<\/svg><br \/>\n\t\t<\/button><\/figure>\n<figure data-wp-context='{\"imageId\":\"69edc66eea6f7\"}' data-wp-interactive=\"core\/image\" data-wp-key=\"69edc66eea6f7\" class=\"wp-block-image size-full wp-lightbox-container\"><img loading=\"lazy\" loading=\"lazy\" decoding=\"async\" width=\"1107\" height=\"738\" data-wp-class--hide=\"state.isContentHidden\" data-wp-class--show=\"state.isContentVisible\" data-wp-init=\"callbacks.setButtonStyles\" data-wp-on--click=\"actions.showLightbox\" data-wp-on--load=\"callbacks.setButtonStyles\" data-wp-on-window--resize=\"callbacks.setButtonStyles\" src=\"https:\/\/www.ce.gov.br\/wp-content\/uploads\/2026\/04\/WhatsApp-Image-2026-04-25-at-22.32.04-4.jpeg\" alt=\"\" class=\"wp-image-319878\" srcset=\"https:\/\/www.ce.gov.br\/wp-content\/uploads\/2026\/04\/WhatsApp-Image-2026-04-25-at-22.32.04-4.jpeg 1107w, https:\/\/www.ce.gov.br\/wp-content\/uploads\/2026\/04\/WhatsApp-Image-2026-04-25-at-22.32.04-4-600x400.jpeg 600w, https:\/\/www.ce.gov.br\/wp-content\/uploads\/2026\/04\/WhatsApp-Image-2026-04-25-at-22.32.04-4-768x512.jpeg 768w\" sizes=\"auto, (max-width: 1107px) 100vw, 1107px\"><button class=\"lightbox-trigger\" type=\"button\" aria-haspopup=\"dialog\" aria-label=\"Ampliar\" data-wp-init=\"callbacks.initTriggerButton\" data-wp-on--click=\"actions.showLightbox\" data-wp-style--right=\"state.imageButtonRight\" data-wp-style--top=\"state.imageButtonTop\"><br \/>\n\t\t\t<svg xmlns=\"https:\/\/www.w3.org\/2000\/svg\" width=\"12\" height=\"12\" fill=\"none\" viewbox=\"0 0 12 12\">\n\t\t\t\t<path fill=\"#fff\" d=\"M2 0a2 2 0 0 0-2 2v2h1.5V2a.5.5 0 0 1 .5-.5h2V0H2Zm2 10.5H2a.5.5 0 0 1-.5-.5V8H0v2a2 2 0 0 0 2 2h2v-1.5ZM8 12v-1.5h2a.5.5 0 0 0 .5-.5V8H12v2a2 2 0 0 1-2 2H8Zm2-12a2 2 0 0 1 2 2v2h-1.5V2a.5.5 0 0 0-.5-.5H8V0h2Z\"><\/path>\n\t\t\t<\/svg><br \/>\n\t\t<\/button><\/figure>\n<figure data-wp-context='{\"imageId\":\"69edc66eeab2e\"}' data-wp-interactive=\"core\/image\" data-wp-key=\"69edc66eeab2e\" class=\"wp-block-image size-full wp-lightbox-container\"><img loading=\"lazy\" loading=\"lazy\" decoding=\"async\" width=\"1107\" height=\"738\" data-wp-class--hide=\"state.isContentHidden\" data-wp-class--show=\"state.isContentVisible\" data-wp-init=\"callbacks.setButtonStyles\" data-wp-on--click=\"actions.showLightbox\" data-wp-on--load=\"callbacks.setButtonStyles\" data-wp-on-window--resize=\"callbacks.setButtonStyles\" src=\"https:\/\/www.ce.gov.br\/wp-content\/uploads\/2026\/04\/WhatsApp-Image-2026-04-25-at-22.32.04-1.jpeg\" alt=\"\" class=\"wp-image-319884\" srcset=\"https:\/\/www.ce.gov.br\/wp-content\/uploads\/2026\/04\/WhatsApp-Image-2026-04-25-at-22.32.04-1.jpeg 1107w, https:\/\/www.ce.gov.br\/wp-content\/uploads\/2026\/04\/WhatsApp-Image-2026-04-25-at-22.32.04-1-600x400.jpeg 600w, https:\/\/www.ce.gov.br\/wp-content\/uploads\/2026\/04\/WhatsApp-Image-2026-04-25-at-22.32.04-1-768x512.jpeg 768w\" sizes=\"auto, (max-width: 1107px) 100vw, 1107px\"><button class=\"lightbox-trigger\" type=\"button\" aria-haspopup=\"dialog\" aria-label=\"Ampliar\" data-wp-init=\"callbacks.initTriggerButton\" data-wp-on--click=\"actions.showLightbox\" data-wp-style--right=\"state.imageButtonRight\" data-wp-style--top=\"state.imageButtonTop\"><br \/>\n\t\t\t<svg xmlns=\"https:\/\/www.w3.org\/2000\/svg\" width=\"12\" height=\"12\" fill=\"none\" viewbox=\"0 0 12 12\">\n\t\t\t\t<path fill=\"#fff\" d=\"M2 0a2 2 0 0 0-2 2v2h1.5V2a.5.5 0 0 1 .5-.5h2V0H2Zm2 10.5H2a.5.5 0 0 1-.5-.5V8H0v2a2 2 0 0 0 2 2h2v-1.5ZM8 12v-1.5h2a.5.5 0 0 0 .5-.5V8H12v2a2 2 0 0 1-2 2H8Zm2-12a2 2 0 0 1 2 2v2h-1.5V2a.5.5 0 0 0-.5-.5H8V0h2Z\"><\/path>\n\t\t\t<\/svg><br \/>\n\t\t<\/button><\/figure>\n<figure data-wp-context='{\"imageId\":\"69edc66eeaf3d\"}' data-wp-interactive=\"core\/image\" data-wp-key=\"69edc66eeaf3d\" class=\"wp-block-image size-full wp-lightbox-container\"><img loading=\"lazy\" loading=\"lazy\" decoding=\"async\" width=\"1107\" height=\"738\" data-wp-class--hide=\"state.isContentHidden\" data-wp-class--show=\"state.isContentVisible\" data-wp-init=\"callbacks.setButtonStyles\" data-wp-on--click=\"actions.showLightbox\" data-wp-on--load=\"callbacks.setButtonStyles\" data-wp-on-window--resize=\"callbacks.setButtonStyles\" src=\"https:\/\/www.ce.gov.br\/wp-content\/uploads\/2026\/04\/WhatsApp-Image-2026-04-25-at-22.32.04-5-1.jpeg\" alt=\"\" class=\"wp-image-319896\" srcset=\"https:\/\/www.ce.gov.br\/wp-content\/uploads\/2026\/04\/WhatsApp-Image-2026-04-25-at-22.32.04-5-1.jpeg 1107w, https:\/\/www.ce.gov.br\/wp-content\/uploads\/2026\/04\/WhatsApp-Image-2026-04-25-at-22.32.04-5-1-600x400.jpeg 600w, https:\/\/www.ce.gov.br\/wp-content\/uploads\/2026\/04\/WhatsApp-Image-2026-04-25-at-22.32.04-5-1-768x512.jpeg 768w\" sizes=\"auto, (max-width: 1107px) 100vw, 1107px\"><button class=\"lightbox-trigger\" type=\"button\" aria-haspopup=\"dialog\" aria-label=\"Ampliar\" data-wp-init=\"callbacks.initTriggerButton\" data-wp-on--click=\"actions.showLightbox\" data-wp-style--right=\"state.imageButtonRight\" data-wp-style--top=\"state.imageButtonTop\"><br \/>\n\t\t\t<svg xmlns=\"https:\/\/www.w3.org\/2000\/svg\" width=\"12\" height=\"12\" fill=\"none\" viewbox=\"0 0 12 12\">\n\t\t\t\t<path fill=\"#fff\" d=\"M2 0a2 2 0 0 0-2 2v2h1.5V2a.5.5 0 0 1 .5-.5h2V0H2Zm2 10.5H2a.5.5 0 0 1-.5-.5V8H0v2a2 2 0 0 0 2 2h2v-1.5ZM8 12v-1.5h2a.5.5 0 0 0 .5-.5V8H12v2a2 2 0 0 1-2 2H8Zm2-12a2 2 0 0 1 2 2v2h-1.5V2a.5.5 0 0 0-.5-.5H8V0h2Z\"><\/path>\n\t\t\t<\/svg><br \/>\n\t\t<\/button><\/figure>\n<figure data-wp-context='{\"imageId\":\"69edc66eeb346\"}' data-wp-interactive=\"core\/image\" data-wp-key=\"69edc66eeb346\" class=\"wp-block-image size-full wp-lightbox-container\"><img loading=\"lazy\" loading=\"lazy\" decoding=\"async\" width=\"1107\" height=\"738\" data-wp-class--hide=\"state.isContentHidden\" data-wp-class--show=\"state.isContentVisible\" data-wp-init=\"callbacks.setButtonStyles\" data-wp-on--click=\"actions.showLightbox\" data-wp-on--load=\"callbacks.setButtonStyles\" data-wp-on-window--resize=\"callbacks.setButtonStyles\" src=\"https:\/\/www.ce.gov.br\/wp-content\/uploads\/2026\/04\/WhatsApp-Image-2026-04-25-at-22.33.42-3.jpeg\" alt=\"\" class=\"wp-image-319890\" srcset=\"https:\/\/www.ce.gov.br\/wp-content\/uploads\/2026\/04\/WhatsApp-Image-2026-04-25-at-22.33.42-3.jpeg 1107w, https:\/\/www.ce.gov.br\/wp-content\/uploads\/2026\/04\/WhatsApp-Image-2026-04-25-at-22.33.42-3-600x400.jpeg 600w, https:\/\/www.ce.gov.br\/wp-content\/uploads\/2026\/04\/WhatsApp-Image-2026-04-25-at-22.33.42-3-768x512.jpeg 768w\" sizes=\"auto, (max-width: 1107px) 100vw, 1107px\"><button class=\"lightbox-trigger\" type=\"button\" aria-haspopup=\"dialog\" aria-label=\"Ampliar\" data-wp-init=\"callbacks.initTriggerButton\" data-wp-on--click=\"actions.showLightbox\" data-wp-style--right=\"state.imageButtonRight\" data-wp-style--top=\"state.imageButtonTop\"><br \/>\n\t\t\t<svg xmlns=\"https:\/\/www.w3.org\/2000\/svg\" width=\"12\" height=\"12\" fill=\"none\" viewbox=\"0 0 12 12\">\n\t\t\t\t<path fill=\"#fff\" d=\"M2 0a2 2 0 0 0-2 2v2h1.5V2a.5.5 0 0 1 .5-.5h2V0H2Zm2 10.5H2a.5.5 0 0 1-.5-.5V8H0v2a2 2 0 0 0 2 2h2v-1.5ZM8 12v-1.5h2a.5.5 0 0 0 .5-.5V8H12v2a2 2 0 0 1-2 2H8Zm2-12a2 2 0 0 1 2 2v2h-1.5V2a.5.5 0 0 0-.5-.5H8V0h2Z\"><\/path>\n\t\t\t<\/svg><br \/>\n\t\t<\/button><\/figure>\n<\/div>\n<p>\u201c\u00c9 um momento de muita f\u00e9, de muita renova\u00e7\u00e3o, de ora\u00e7\u00e3o, de agradecimento. \u00c9 um complexo que fortalece o Cariri enquanto polo religioso, ao lado do Padre C\u00edcero em Juazeiro do Norte, de Nossa Senhora de F\u00e1tima no Crato, de Santo Ant\u00f4nio em Barbalha. Parab\u00e9ns ao povo de Santana e \u00e0 nossa Menina Benigna\u201d, ressaltou o senador Camilo Santana.<\/p>\n<figure class=\"wp-block-image size-large\"><img loading=\"lazy\" loading=\"lazy\" decoding=\"async\" width=\"1200\" height=\"800\" src=\"https:\/\/www.ce.gov.br\/wp-content\/uploads\/2026\/04\/3512c894-ad5c-41e2-92b1-9461f2b0eaa7-1-1200x800.jpg\" alt=\"\" class=\"wp-image-319865\" srcset=\"https:\/\/www.ce.gov.br\/wp-content\/uploads\/2026\/04\/3512c894-ad5c-41e2-92b1-9461f2b0eaa7-1-1200x800.jpg 1200w, https:\/\/www.ce.gov.br\/wp-content\/uploads\/2026\/04\/3512c894-ad5c-41e2-92b1-9461f2b0eaa7-1-600x400.jpg 600w, https:\/\/www.ce.gov.br\/wp-content\/uploads\/2026\/04\/3512c894-ad5c-41e2-92b1-9461f2b0eaa7-1-768x512.jpg 768w, https:\/\/www.ce.gov.br\/wp-content\/uploads\/2026\/04\/3512c894-ad5c-41e2-92b1-9461f2b0eaa7-1-1536x1023.jpg 1536w, https:\/\/www.ce.gov.br\/wp-content\/uploads\/2026\/04\/3512c894-ad5c-41e2-92b1-9461f2b0eaa7-1.jpg 1600w\" sizes=\"auto, (max-width: 1200px) 100vw, 1200px\"><\/figure>\n<p>M\u00e1rcia Firmino veio de Miss\u00e3o Velha demonstrar sua f\u00e9 no novo santu\u00e1rio. \u201cEstou aqui para agradecer uma gra\u00e7a alcan\u00e7ada. Pedi e fui atendida. Est\u00e1 tudo t\u00e3o lindo. Eu queria aproveitar a oportunidade e agradecer muito a todos os envolvidos nesta obra. Ficou lindo. Muito obrigada. Estou muito feliz\u201d, comentou.<\/p>\n<figure class=\"wp-block-image aligncenter size-full\"><img loading=\"lazy\" loading=\"lazy\" decoding=\"async\" width=\"492\" height=\"738\" src=\"https:\/\/www.ce.gov.br\/wp-content\/uploads\/2026\/04\/MG_3965-1.jpg\" alt=\"\" class=\"wp-image-319847\"><\/figure>\n<p>\u00cdcaro Andrade \u00e9 mais um devoto agradecido por um milagre, segundo ele, que curou um problema em seu dedo. \u201cFoi uma intercess\u00e3o muito importante pra mim. Essa cura foi gra\u00e7as a ela. Eu tenho certeza que foi Menina Benigna quem me ajudou. Por ela, estou aqui hoje e voltarei sempre. Gratid\u00e3o por tudo\u201d.<\/p>\n<p>Ao lado de \u00cdcaro, Ant\u00f4nia Rodrigues sabe a palavra exata para definir a celebra\u00e7\u00e3o deste s\u00e1bado. \u201c\u00cdmpar. Esse \u00e9 um momento inesquec\u00edvel para a nossa cidade\u201d, afirmou. Natural de Santana do Cariri, a devota \u00e9 prova viva de muitos milagres da Beata. \u201cSei de tantos casos, amigos, familiares. Muita gente que j\u00e1 foi ajudada. Quem \u00e9 daqui sabe e \u00e9 grato. Esse complexo est\u00e1 lindo e pronto para receber todos os fi\u00e9is\u201d, salientou.<\/p>\n<figure class=\"wp-block-image aligncenter size-full\"><img loading=\"lazy\" loading=\"lazy\" decoding=\"async\" width=\"492\" height=\"738\" src=\"https:\/\/www.ce.gov.br\/wp-content\/uploads\/2026\/04\/MG_3896-3.jpg\" alt=\"\" class=\"wp-image-319848\"><\/figure>\n<h4 class=\"wp-block-heading\">S\u00edmbolo contra o feminic\u00eddio<\/h4>\n<p>Nascida em 15 de outubro de 1928, no distrito de Inhumas, Benigna Cardoso da Silva foi assassinada aos 13 anos ao resistir a ass\u00e9dio sexual.\u00a0A resist\u00eancia da jovem \u00e0s agress\u00f5es acabou virando um s\u00edmbolo da f\u00e9 popular e da luta contra abusos sofridos por mulheres, crian\u00e7as e adolescentes, tamb\u00e9m cunhando\u00a0para a futura Beata o termo \u201cHero\u00edna da Castidade\u201d.<\/p>\n<figure class=\"wp-block-image size-full\"><img loading=\"lazy\" loading=\"lazy\" decoding=\"async\" width=\"1107\" height=\"738\" src=\"https:\/\/www.ce.gov.br\/wp-content\/uploads\/2026\/04\/IMG_3420.jpg\" alt=\"\" class=\"wp-image-319866\" srcset=\"https:\/\/www.ce.gov.br\/wp-content\/uploads\/2026\/04\/IMG_3420.jpg 1107w, https:\/\/www.ce.gov.br\/wp-content\/uploads\/2026\/04\/IMG_3420-600x400.jpg 600w, https:\/\/www.ce.gov.br\/wp-content\/uploads\/2026\/04\/IMG_3420-768x512.jpg 768w\" sizes=\"auto, (max-width: 1107px) 100vw, 1107px\"><\/figure>\n<p>Em 2011, a Diocese do Crato deu in\u00edcio ao seu processo de beatifica\u00e7\u00e3o. Alguns anos depois, em 2019, Benigna foi reconhecido pelo Vaticano, sendo oficialmente beatificada em outubro de 2022, em grande celebra\u00e7\u00e3o ocorrida no Crato.<\/p>\n<figure class=\"wp-block-image size-full\"><img loading=\"lazy\" loading=\"lazy\" decoding=\"async\" width=\"1107\" height=\"738\" src=\"https:\/\/www.ce.gov.br\/wp-content\/uploads\/2026\/04\/MG_3952-3.jpg\" alt=\"\" class=\"wp-image-319867\" srcset=\"https:\/\/www.ce.gov.br\/wp-content\/uploads\/2026\/04\/MG_3952-3.jpg 1107w, https:\/\/www.ce.gov.br\/wp-content\/uploads\/2026\/04\/MG_3952-3-600x400.jpg 600w, https:\/\/www.ce.gov.br\/wp-content\/uploads\/2026\/04\/MG_3952-3-768x512.jpg 768w\" sizes=\"auto, (max-width: 1107px) 100vw, 1107px\"><\/figure>\n<p>Prefeito de Santana do Cariri, Samuel Werton, agradeceu o apoio do Governo do Cear\u00e1 e comemorou o novo complexo. \u201cHoje \u00e9 um dia para agradecer a Deus, agradecer \u00e0 nossa Menina Benigna. N\u00e3o tenho d\u00favida alguma que Santana ir\u00e1 prosperar bastante com o advento de um espa\u00e7o para a nossa m\u00e1rtir querida\u201d.<\/p>\n<figure class=\"wp-block-image size-full\"><img loading=\"lazy\" loading=\"lazy\" decoding=\"async\" width=\"1107\" height=\"738\" src=\"https:\/\/www.ce.gov.br\/wp-content\/uploads\/2026\/04\/MG_4132-4.jpg\" alt=\"\" class=\"wp-image-319868\" srcset=\"https:\/\/www.ce.gov.br\/wp-content\/uploads\/2026\/04\/MG_4132-4.jpg 1107w, https:\/\/www.ce.gov.br\/wp-content\/uploads\/2026\/04\/MG_4132-4-600x400.jpg 600w, https:\/\/www.ce.gov.br\/wp-content\/uploads\/2026\/04\/MG_4132-4-768x512.jpg 768w\" sizes=\"auto, (max-width: 1107px) 100vw, 1107px\"><\/figure>\n<p>O post <a href=\"https:\/\/www.ce.gov.br\/2026\/04\/25\/em-santana-do-cariri-governo-do-ceara-entrega-complexo-religioso-com-homenagem-a-beata-menina-benigna\/\">Em Santana do Cariri, Governo do Cear\u00e1 entrega complexo religioso com homenagem \u00e0\u00a0Beata Menina Benigna<\/a> apareceu primeiro em <a href=\"https:\/\/www.ce.gov.br\/\">Governo do Estado do Cear\u00e1<\/a>.<\/p>\n<\/div>\n","protected":false},"excerpt":{"rendered":"<p>\u00c1rea de aproximadamente 48 mil m\u00b2, que recebeu investimento de R$ 16,9 milh\u00f5es, conta com est\u00e1tua de 26 metros, trilha de peregrina\u00e7\u00e3o e amplo estacionamento \u201cMe peguei com ela. Todo domingo eu vinha para a igreja dela. Todo domingo eu ia at\u00e9 o local da cacimba (onde aconteceu o mart\u00edrio). Ela merecia tudo isso. Est\u00e1 [&hellip;]<\/p>\n","protected":false},"author":265,"featured_media":68725,"comment_status":"closed","ping_status":"closed","sticky":false,"template":"","format":"standard","meta":{"_themeisle_gutenberg_block_has_review":false,"_jetpack_memberships_contains_paid_content":false,"footnotes":""},"categories":[4],"tags":[127,130],"class_list":{"0":"post-68724","1":"post","2":"type-post","3":"status-publish","4":"format-standard","5":"has-post-thumbnail","7":"category-regiao","8":"tag-cariri","9":"tag-ceara"},"jetpack_featured_media_url":"https:\/\/crajubaremacao.com.br\/wp-content\/uploads\/2026\/04\/MG_4163-2.jpg","jetpack_sharing_enabled":true,"_links":{"self":[{"href":"https:\/\/crajubaremacao.com.br\/index.php?rest_route=\/wp\/v2\/posts\/68724","targetHints":{"allow":["GET"]}}],"collection":[{"href":"https:\/\/crajubaremacao.com.br\/index.php?rest_route=\/wp\/v2\/posts"}],"about":[{"href":"https:\/\/crajubaremacao.com.br\/index.php?rest_route=\/wp\/v2\/types\/post"}],"author":[{"embeddable":true,"href":"https:\/\/crajubaremacao.com.br\/index.php?rest_route=\/wp\/v2\/users\/265"}],"replies":[{"embeddable":true,"href":"https:\/\/crajubaremacao.com.br\/index.php?rest_route=%2Fwp%2Fv2%2Fcomments&post=68724"}],"version-history":[{"count":0,"href":"https:\/\/crajubaremacao.com.br\/index.php?rest_route=\/wp\/v2\/posts\/68724\/revisions"}],"wp:featuredmedia":[{"embeddable":true,"href":"https:\/\/crajubaremacao.com.br\/index.php?rest_route=\/wp\/v2\/media\/68725"}],"wp:attachment":[{"href":"https:\/\/crajubaremacao.com.br\/index.php?rest_route=%2Fwp%2Fv2%2Fmedia&parent=68724"}],"wp:term":[{"taxonomy":"category","embeddable":true,"href":"https:\/\/crajubaremacao.com.br\/index.php?rest_route=%2Fwp%2Fv2%2Fcategories&post=68724"},{"taxonomy":"post_tag","embeddable":true,"href":"https:\/\/crajubaremacao.com.br\/index.php?rest_route=%2Fwp%2Fv2%2Ftags&post=68724"}],"curies":[{"name":"wp","href":"https:\/\/api.w.org\/{rel}","templated":true}]}}