{"id":68726,"date":"2026-04-26T06:02:35","date_gmt":"2026-04-26T09:02:35","guid":{"rendered":"https:\/\/crajubaremacao.com.br\/?p=68726"},"modified":"2026-04-26T06:02:35","modified_gmt":"2026-04-26T09:02:35","slug":"ranking-de-gols-saiba-quem-e-o-maior-artilheiro-da-costa-do-marfim-na-historia-das-copas-do-mundo","status":"publish","type":"post","link":"https:\/\/crajubaremacao.com.br\/?p=68726","title":{"rendered":"Ranking de gols: saiba quem \u00e9 o maior artilheiro da Costa do Marfim na hist\u00f3ria das Copas do Mundo"},"content":{"rendered":"<div>\n<div style=\"margin-bottom: 15px;\"><img decoding=\"async\" class=\"type:primaryImage\" src=\"https:\/\/jpimg.com.br\/uploads\/2026\/04\/artilheiros-da-costa-do-marfim-na-copa-do-mundo-didier-drogba-aruna-dindane-gervinho-e-wilfried-bony-750x423.jpg\"><\/div>\n<p><?xml encoding=\"UTF-8\"><\/p>\n<p><span style=\"font-weight: 400;\">Se voc\u00ea busca a resposta r\u00e1pida e exata para os registros da sele\u00e7\u00e3o africana, <\/span><b>saiba quem \u00e9 o maior artilheiro da Costa do Marfim na hist\u00f3ria das Copas do Mundo<\/b><span style=\"font-weight: 400;\">: n\u00e3o existe um l\u00edder isolado, mas sim um <\/span><b>empate qu\u00e1druplo<\/b><span style=\"font-weight: 400;\"> no topo da lista. Os atacantes <\/span><b>Didier Drogba, Aruna Dindane, Wilfried Bony e Gervinho<\/b><span style=\"font-weight: 400;\"> dividem o posto de maiores goleadores do pa\u00eds na principal competi\u00e7\u00e3o de futebol do planeta. Cada um deles balan\u00e7ou as redes <\/span><b>exatamente duas vezes<\/b><span style=\"font-weight: 400;\">, somando as participa\u00e7\u00f5es marfinenses nos torneios de 2006, 2010 e 2014.<\/span><\/p>\n<h2><span style=\"font-weight: 400;\">O impacto de Didier Drogba e a divis\u00e3o do recorde<\/span><\/h2>\n<p><span style=\"font-weight: 400;\">Apesar de a marca ser dividida por quatro jogadores, o nome de <\/span><b>Didier Drogba \u00e9 o grande s\u00edmbolo dessa estat\u00edstica<\/b><span style=\"font-weight: 400;\">. Maior artilheiro geral da hist\u00f3ria da sele\u00e7\u00e3o (com 65 gols no total), o ex-atacante do Chelsea foi o capit\u00e3o da gera\u00e7\u00e3o que colocou os \u201cElefantes\u201d no mapa do futebol global. Foi dele o <\/span><b>primeiro gol do pa\u00eds em um Mundial<\/b><span style=\"font-weight: 400;\">, marcado na derrota por 2 a 1 para a Argentina na estreia da Copa de 2006, na Alemanha.<\/span><\/p>\n<p><span style=\"font-weight: 400;\">A din\u00e2mica dos outros tr\u00eas recordistas foi diferente e mais concentrada. <\/span><b>Aruna Dindane<\/b><span style=\"font-weight: 400;\"> construiu sua marca em um \u00fanico jogo memor\u00e1vel em 2006, quando anotou dois gols na vit\u00f3ria de virada sobre a S\u00e9rvia e Montenegro. J\u00e1 <\/span><b>Gervinho e Wilfried Bony<\/b><span style=\"font-weight: 400;\"> brilharam exclusivamente na Copa de 2014, no Brasil, onde cada um marcou duas vezes durante a campanha que terminou ainda na fase de grupos.<\/span><\/p>\n<h2><span style=\"font-weight: 400;\">Ranking dos maiores artilheiros marfinenses no torneio<\/span><\/h2>\n<p><span style=\"font-weight: 400;\">Desde a sua estreia na competi\u00e7\u00e3o em 2006 at\u00e9 a \u00faltima participa\u00e7\u00e3o em 2014, a sele\u00e7\u00e3o marfinense marcou <\/span><b>13 gols em Copas do Mundo<\/b><span style=\"font-weight: 400;\">. O topo da artilharia reflete a alta concentra\u00e7\u00e3o de talentos ofensivos que a equipe exportou para a Europa nessa d\u00e9cada.<\/span><\/p>\n<p><span style=\"font-weight: 400;\">Abaixo, os n\u00fameros exatos do primeiro escal\u00e3o de goleadores da sele\u00e7\u00e3o no torneio:<\/span><\/p>\n<h3><span style=\"font-weight: 400;\">1. Didier Drogba (2 gols)<\/span><\/h3>\n<p><span style=\"font-weight: 400;\">A lenda marfinense marcou contra a <\/span><b>Argentina em 2006<\/b><span style=\"font-weight: 400;\"> e contra o <\/span><b>Brasil em 2010<\/b><span style=\"font-weight: 400;\">. Ele atuou em oito partidas de Copa do Mundo ao longo das tr\u00eas edi\u00e7\u00f5es disputadas pela equipe.<\/span><\/p>\n<h3><span style=\"font-weight: 400;\">2. Aruna Dindane (2 gols)<\/span><\/h3>\n<p><span style=\"font-weight: 400;\">O centroavante marcou os seus dois \u00fanicos gols no Mundial em uma mesma partida: a <\/span><b>vit\u00f3ria por 3 a 2 contra a S\u00e9rvia e Montenegro<\/b><span style=\"font-weight: 400;\">, em 2006, que garantiu o primeiro triunfo da hist\u00f3ria do pa\u00eds na competi\u00e7\u00e3o.<\/span><\/p>\n<h3><span style=\"font-weight: 400;\">3. Gervinho (2 gols)<\/span><\/h3>\n<p><span style=\"font-weight: 400;\">O ponta marcou seus gols no Brasil, durante a <\/span><b>Copa do Mundo de 2014<\/b><span style=\"font-weight: 400;\">. Ele balan\u00e7ou as redes na vit\u00f3ria contra o <\/span><b>Jap\u00e3o<\/b><span style=\"font-weight: 400;\"> e na derrota apertada para a <\/span><b>Col\u00f4mbia<\/b><span style=\"font-weight: 400;\">.<\/span><\/p>\n<h3><span style=\"font-weight: 400;\">4. Wilfried Bony (2 gols)<\/span><\/h3>\n<p><span style=\"font-weight: 400;\">Tamb\u00e9m na edi\u00e7\u00e3o de <\/span><b>2014<\/b><span style=\"font-weight: 400;\">, o centroavante foi respons\u00e1vel por dois gols na fase de grupos. Ele marcou contra o <\/span><b>Jap\u00e3o<\/b><span style=\"font-weight: 400;\"> na estreia e anotou o gol de empate na derrota que custou a elimina\u00e7\u00e3o contra a <\/span><b>Gr\u00e9cia<\/b><span style=\"font-weight: 400;\">.<\/span><\/p>\n<h2><span style=\"font-weight: 400;\">Outros jogadores que balan\u00e7aram as redes<\/span><\/h2>\n<p><span style=\"font-weight: 400;\">Al\u00e9m do quarteto que lidera as estat\u00edsticas, outros cinco atletas registraram <\/span><b>um gol cada<\/b><span style=\"font-weight: 400;\"> com a camisa da Costa do Marfim nos Mundiais. A lista completa de quem j\u00e1 marcou no torneio inclui:<\/span><\/p>\n<ul>\n<li style=\"font-weight: 400;\" aria-level=\"1\"><b>Bonaventure Kalou<\/b><span style=\"font-weight: 400;\"> (2006, contra a S\u00e9rvia e Montenegro)<\/span><\/li>\n<li style=\"font-weight: 400;\" aria-level=\"1\"><b>Bakari Kon\u00e9<\/b><span style=\"font-weight: 400;\"> (2006, contra a Holanda)<\/span><\/li>\n<li style=\"font-weight: 400;\" aria-level=\"1\"><b>Yaya Tour\u00e9<\/b><span style=\"font-weight: 400;\"> (2010, contra a Coreia do Norte)<\/span><\/li>\n<li style=\"font-weight: 400;\" aria-level=\"1\"><b>Romaric<\/b><span style=\"font-weight: 400;\"> (2010, contra a Coreia do Norte)<\/span><\/li>\n<li style=\"font-weight: 400;\" aria-level=\"1\"><b>Salomon Kalou<\/b><span style=\"font-weight: 400;\"> (2010, contra a Coreia do Norte)<\/span><\/li>\n<\/ul>\n<h2><span style=\"font-weight: 400;\">O retorno dos Elefantes e a busca por um novo l\u00edder isolado<\/span><\/h2>\n<p><span style=\"font-weight: 400;\">Ap\u00f3s 12 anos de aus\u00eancia, a Costa do Marfim <\/span><b>retorna \u00e0 Copa do Mundo na edi\u00e7\u00e3o de 2026<\/b><span style=\"font-weight: 400;\">. A equipe atual chega embalada pelo recente t\u00edtulo da <\/span><b>Copa Africana de Na\u00e7\u00f5es de 2023<\/b><span style=\"font-weight: 400;\"> (conquistado no in\u00edcio de 2024) e apresenta um novo leque de pe\u00e7as ofensivas para o treinador Emerse Fa\u00e9.<\/span><\/p>\n<p><span style=\"font-weight: 400;\">Nomes hoje consolidados no cen\u00e1rio internacional, como <\/span><b>S\u00e9bastien Haller e Nicolas P\u00e9p\u00e9<\/b><span style=\"font-weight: 400;\">, al\u00e9m do meio-campista <\/span><b>Franck Kessi\u00e9<\/b><span style=\"font-weight: 400;\">, ter\u00e3o a oportunidade de quebrar esse longo empate qu\u00e1druplo. Como a marca de dois gols \u00e9 <\/span><b>estatisticamente baixa para um recorde nacional<\/b><span style=\"font-weight: 400;\">, a probabilidade de um novo jogador assumir a lideran\u00e7a isolada da artilharia marfinense \u00e9 alta durante o Mundial da Am\u00e9rica do Norte.<\/span><\/p>\n<p><span style=\"font-weight: 400;\">O fato de o recorde hist\u00f3rico do pa\u00eds estar estacionado em apenas duas bolas na rede reflete a <\/span><b>dificuldade cr\u00f4nica da Costa do Marfim em avan\u00e7ar para a fase de mata-mata<\/b><span style=\"font-weight: 400;\"> \u2014 um feito que escapou por pouco em 2006, 2010 e 2014. Superar essa marca em 2026 ser\u00e1 o primeiro degrau para consolidar uma campanha in\u00e9dita e escrever uma nova p\u00e1gina para a federa\u00e7\u00e3o no cen\u00e1rio global.<\/span><\/p>\n<\/div>\n","protected":false},"excerpt":{"rendered":"<p>Se voc\u00ea busca a resposta r\u00e1pida e exata para os registros da sele\u00e7\u00e3o africana, saiba quem \u00e9 o maior artilheiro da Costa do Marfim na hist\u00f3ria das Copas do Mundo: n\u00e3o existe um l\u00edder isolado, mas sim um empate qu\u00e1druplo no topo da lista. Os atacantes Didier Drogba, Aruna Dindane, Wilfried Bony e Gervinho dividem [&hellip;]<\/p>\n","protected":false},"author":260,"featured_media":68727,"comment_status":"closed","ping_status":"closed","sticky":false,"template":"","format":"standard","meta":{"_themeisle_gutenberg_block_has_review":false,"_jetpack_memberships_contains_paid_content":false,"footnotes":""},"categories":[12],"tags":[153],"class_list":{"0":"post-68726","1":"post","2":"type-post","3":"status-publish","4":"format-standard","5":"has-post-thumbnail","7":"category-esportes","8":"tag-esportes"},"jetpack_featured_media_url":"https:\/\/crajubaremacao.com.br\/wp-content\/uploads\/2026\/04\/artilheiros-da-costa-do-marfim-na-copa-do-mundo-didier-drogba-aruna-dindane-gervinho-e-wilfried-bony-750x423-1.jpg","jetpack_sharing_enabled":true,"_links":{"self":[{"href":"https:\/\/crajubaremacao.com.br\/index.php?rest_route=\/wp\/v2\/posts\/68726","targetHints":{"allow":["GET"]}}],"collection":[{"href":"https:\/\/crajubaremacao.com.br\/index.php?rest_route=\/wp\/v2\/posts"}],"about":[{"href":"https:\/\/crajubaremacao.com.br\/index.php?rest_route=\/wp\/v2\/types\/post"}],"author":[{"embeddable":true,"href":"https:\/\/crajubaremacao.com.br\/index.php?rest_route=\/wp\/v2\/users\/260"}],"replies":[{"embeddable":true,"href":"https:\/\/crajubaremacao.com.br\/index.php?rest_route=%2Fwp%2Fv2%2Fcomments&post=68726"}],"version-history":[{"count":0,"href":"https:\/\/crajubaremacao.com.br\/index.php?rest_route=\/wp\/v2\/posts\/68726\/revisions"}],"wp:featuredmedia":[{"embeddable":true,"href":"https:\/\/crajubaremacao.com.br\/index.php?rest_route=\/wp\/v2\/media\/68727"}],"wp:attachment":[{"href":"https:\/\/crajubaremacao.com.br\/index.php?rest_route=%2Fwp%2Fv2%2Fmedia&parent=68726"}],"wp:term":[{"taxonomy":"category","embeddable":true,"href":"https:\/\/crajubaremacao.com.br\/index.php?rest_route=%2Fwp%2Fv2%2Fcategories&post=68726"},{"taxonomy":"post_tag","embeddable":true,"href":"https:\/\/crajubaremacao.com.br\/index.php?rest_route=%2Fwp%2Fv2%2Ftags&post=68726"}],"curies":[{"name":"wp","href":"https:\/\/api.w.org\/{rel}","templated":true}]}}