{"id":68728,"date":"2026-04-26T06:02:47","date_gmt":"2026-04-26T09:02:47","guid":{"rendered":"https:\/\/crajubaremacao.com.br\/?p=68728"},"modified":"2026-04-26T06:02:47","modified_gmt":"2026-04-26T09:02:47","slug":"guia-da-pelicula-solar-como-se-proteger-do-sol-forte-no-carro","status":"publish","type":"post","link":"https:\/\/crajubaremacao.com.br\/?p=68728","title":{"rendered":"Guia da pel\u00edcula solar: como se proteger do sol forte no carro"},"content":{"rendered":"<div>\n<div style=\"margin-bottom: 15px;\"><img decoding=\"async\" class=\"type:primaryImage\" src=\"https:\/\/crajubaremacao.com.br\/wp-content\/uploads\/2026\/04\/MC_Combustivel_001-850x567-750x500-1.jpg\"><\/div>\n<p><?xml encoding=\"UTF-8\"><\/p>\n<p>Dirigir sob o sol intenso \u00e9 um desafio comum para motoristas, impactando n\u00e3o apenas o conforto t\u00e9rmico dentro da cabine, mas tamb\u00e9m a seguran\u00e7a e a sa\u00fade. A exposi\u00e7\u00e3o prolongada aos raios solares pode causar ofuscamento, fadiga visual e danos \u00e0 pele, al\u00e9m de superaquecer o interior do ve\u00edculo e degradar componentes como painel e estofados. A solu\u00e7\u00e3o t\u00e9cnica mais eficaz para mitigar esses problemas \u00e9 a aplica\u00e7\u00e3o de pel\u00edculas de controle solar nos vidros. Este guia detalha a import\u00e2ncia da pel\u00edcula solar, seu funcionamento, os tipos dispon\u00edveis e as normas legais que regulamentam seu uso, fornecendo um panorama completo para uma escolha informada.<\/p>\n<h2>Entendendo a tecnologia: o que \u00e9 e como funciona a pel\u00edcula solar<\/h2>\n<p>A pel\u00edcula de controle solar, popularmente conhecida como insulfilm, \u00e9 um laminado de poli\u00e9ster composto por m\u00faltiplas camadas projetadas para filtrar e rejeitar diferentes espectros da luz solar. Sua efic\u00e1cia n\u00e3o \u00e9 medida apenas pela tonalidade (escurecimento), mas por um conjunto de indicadores t\u00e9cnicos que definem sua performance. A tecnologia aplicada varia, incluindo desde simples tingimento at\u00e9 a impregna\u00e7\u00e3o com part\u00edculas de metal ou cer\u00e2mica.<\/p>\n<p>Os principais par\u00e2metros t\u00e9cnicos para avaliar uma pel\u00edcula s\u00e3o:<\/p>\n<ul>\n<li><strong>Transmiss\u00e3o Luminosa Vis\u00edvel (VLT):<\/strong> Percentual de luz vis\u00edvel que atravessa o vidro com a pel\u00edcula. Quanto menor o valor, mais escura a pel\u00edcula.<\/li>\n<li><strong>Rejei\u00e7\u00e3o de Energia Solar Total (TSER):<\/strong> Percentual total de energia solar (luz vis\u00edvel, ultravioleta e infravermelho) que a pel\u00edcula bloqueia. Este \u00e9 o indicador mais completo de performance t\u00e9rmica.<\/li>\n<li><strong>Rejei\u00e7\u00e3o de Raios Ultravioleta (UVR):<\/strong> Capacidade de bloquear a radia\u00e7\u00e3o UV, principal causadora de c\u00e2ncer de pele e do desbotamento de materiais internos. Pel\u00edculas de qualidade bloqueiam mais de 99% dos raios UV.<\/li>\n<li><strong>Rejei\u00e7\u00e3o de Infravermelho (IRR):<\/strong> Percentual de raios infravermelhos (respons\u00e1veis pela sensa\u00e7\u00e3o de calor) que s\u00e3o rejeitados. Um alto \u00edndice de IRR resulta em maior conforto t\u00e9rmico.<\/li>\n<\/ul>\n<h2>Tipos de pel\u00edcula e a import\u00e2ncia da escolha correta<\/h2>\n<p>O mercado oferece diferentes tecnologias de pel\u00edculas solares, cada uma com caracter\u00edsticas espec\u00edficas de performance, durabilidade e custo. A escolha adequada depende diretamente das necessidades do motorista, seja priorizando a est\u00e9tica, o conforto t\u00e9rmico ou a seguran\u00e7a.<\/p>\n<p>As principais categorias s\u00e3o:<\/p>\n<ul>\n<li><strong>B\u00e1sica (Tingida):<\/strong> Composta por camadas de poli\u00e9ster tingido, oferece principalmente privacidade e redu\u00e7\u00e3o do ofuscamento. Sua capacidade de rejei\u00e7\u00e3o de calor (IRR e TSER) \u00e9 baixa e tende a desbotar com o tempo.<\/li>\n<li><strong>Poli\u00e9ster Metalizado (HP \u2013 High Performance):<\/strong> Adiciona uma camada de part\u00edculas met\u00e1licas que reflete os raios solares, melhorando significativamente a rejei\u00e7\u00e3o de calor. Possui maior durabilidade e estabilidade de cor.<\/li>\n<li><strong>Carbono:<\/strong> Utiliza part\u00edculas de carbono em sua composi\u00e7\u00e3o. N\u00e3o \u00e9 metalizada, portanto n\u00e3o interfere em sinais de r\u00e1dio, GPS ou celular. Oferece boa rejei\u00e7\u00e3o de calor e um acabamento fosco, sem reflexos.<\/li>\n<li><strong>Cer\u00e2mica:<\/strong> Considerada a tecnologia mais avan\u00e7ada, utiliza nanopart\u00edculas de cer\u00e2mica que s\u00e3o altamente eficientes em bloquear os raios infravermelhos sem a necessidade de escurecer o vidro excessivamente. \u00c9 a op\u00e7\u00e3o com melhor performance t\u00e9rmica e clareza \u00f3tica.<\/li>\n<li><strong>Antivandalismo (Seguran\u00e7a):<\/strong> S\u00e3o pel\u00edculas mais espessas, projetadas para aumentar a resist\u00eancia do vidro a impactos, dificultando a quebra e a invas\u00e3o do ve\u00edculo. Podem ser combinadas com tecnologias de controle solar.<\/li>\n<\/ul>\n<h2>Legisla\u00e7\u00e3o e conformidade: o que diz o CONTRAN<\/h2>\n<p>A utiliza\u00e7\u00e3o de pel\u00edculas nos vidros de ve\u00edculos \u00e9 regulamentada no Brasil pelo Conselho Nacional de Tr\u00e2nsito (CONTRAN). A Resolu\u00e7\u00e3o n\u00ba 960\/2022 estabelece limites m\u00ednimos de transmit\u00e2ncia luminosa para garantir a seguran\u00e7a e a visibilidade do condutor. Desrespeitar essas normas \u00e9 considerado uma infra\u00e7\u00e3o grave.<\/p>\n<p>Os limites atuais s\u00e3o:<\/p>\n<ol>\n<li><strong>Para-brisa:<\/strong> Transmit\u00e2ncia luminosa m\u00ednima de 70%.<\/li>\n<li><strong>Vidros laterais dianteiros (motorista e passageiro):<\/strong> Transmit\u00e2ncia luminosa m\u00ednima de 70%.<\/li>\n<li><strong>Vidros laterais traseiros e vidro traseiro:<\/strong> Transmit\u00e2ncia luminosa m\u00ednima de 28%.<\/li>\n<li><strong>Vidros de teto:<\/strong> N\u00e3o h\u00e1 limite de transmit\u00e2ncia.<\/li>\n<\/ol>\n<p>\u00c9 obrigat\u00f3rio que a pel\u00edcula instalada possua uma chancela, uma marca\u00e7\u00e3o indel\u00e9vel que informa o percentual de transmiss\u00e3o luminosa. Pel\u00edculas espelhadas ou refletivas s\u00e3o proibidas. O descumprimento da legisla\u00e7\u00e3o acarreta multa, cinco pontos na CNH e a reten\u00e7\u00e3o do ve\u00edculo para regulariza\u00e7\u00e3o.<\/p>\n<p>Investir em uma pel\u00edcula solar de qualidade e instalada por um profissional qualificado \u00e9 fundamental para garantir n\u00e3o apenas o conforto e a prote\u00e7\u00e3o contra o sol forte, mas tamb\u00e9m a conformidade com a lei. A tecnologia vai muito al\u00e9m da est\u00e9tica, atuando como um componente funcional que melhora a seguran\u00e7a ao reduzir o ofuscamento, protege a sa\u00fade ao bloquear raios UV e aumenta a efici\u00eancia do ar-condicionado ao diminuir o calor interno. Portanto, a escolha deve ser baseada nas especifica\u00e7\u00f5es t\u00e9cnicas (TSER, UVR, IRR) e no respeito aos limites de transmit\u00e2ncia luminosa estabelecidos pela legisla\u00e7\u00e3o vigente.<\/p>\n<\/div>\n","protected":false},"excerpt":{"rendered":"<p>Dirigir sob o sol intenso \u00e9 um desafio comum para motoristas, impactando n\u00e3o apenas o conforto t\u00e9rmico dentro da cabine, mas tamb\u00e9m a seguran\u00e7a e a sa\u00fade. A exposi\u00e7\u00e3o prolongada aos raios solares pode causar ofuscamento, fadiga visual e danos \u00e0 pele, al\u00e9m de superaquecer o interior do ve\u00edculo e degradar componentes como painel e [&hellip;]<\/p>\n","protected":false},"author":117,"featured_media":68729,"comment_status":"closed","ping_status":"closed","sticky":false,"template":"","format":"standard","meta":{"_themeisle_gutenberg_block_has_review":false,"_jetpack_memberships_contains_paid_content":false,"footnotes":""},"categories":[2],"tags":[150],"class_list":{"0":"post-68728","1":"post","2":"type-post","3":"status-publish","4":"format-standard","5":"has-post-thumbnail","7":"category-brasil","8":"tag-brasil"},"jetpack_featured_media_url":"https:\/\/crajubaremacao.com.br\/wp-content\/uploads\/2026\/04\/MC_Combustivel_001-850x567-750x500-1.jpg","jetpack_sharing_enabled":true,"_links":{"self":[{"href":"https:\/\/crajubaremacao.com.br\/index.php?rest_route=\/wp\/v2\/posts\/68728","targetHints":{"allow":["GET"]}}],"collection":[{"href":"https:\/\/crajubaremacao.com.br\/index.php?rest_route=\/wp\/v2\/posts"}],"about":[{"href":"https:\/\/crajubaremacao.com.br\/index.php?rest_route=\/wp\/v2\/types\/post"}],"author":[{"embeddable":true,"href":"https:\/\/crajubaremacao.com.br\/index.php?rest_route=\/wp\/v2\/users\/117"}],"replies":[{"embeddable":true,"href":"https:\/\/crajubaremacao.com.br\/index.php?rest_route=%2Fwp%2Fv2%2Fcomments&post=68728"}],"version-history":[{"count":0,"href":"https:\/\/crajubaremacao.com.br\/index.php?rest_route=\/wp\/v2\/posts\/68728\/revisions"}],"wp:featuredmedia":[{"embeddable":true,"href":"https:\/\/crajubaremacao.com.br\/index.php?rest_route=\/wp\/v2\/media\/68729"}],"wp:attachment":[{"href":"https:\/\/crajubaremacao.com.br\/index.php?rest_route=%2Fwp%2Fv2%2Fmedia&parent=68728"}],"wp:term":[{"taxonomy":"category","embeddable":true,"href":"https:\/\/crajubaremacao.com.br\/index.php?rest_route=%2Fwp%2Fv2%2Fcategories&post=68728"},{"taxonomy":"post_tag","embeddable":true,"href":"https:\/\/crajubaremacao.com.br\/index.php?rest_route=%2Fwp%2Fv2%2Ftags&post=68728"}],"curies":[{"name":"wp","href":"https:\/\/api.w.org\/{rel}","templated":true}]}}