{"id":68730,"date":"2026-04-26T06:02:57","date_gmt":"2026-04-26T09:02:57","guid":{"rendered":"https:\/\/crajubaremacao.com.br\/?p=68730"},"modified":"2026-04-26T06:02:57","modified_gmt":"2026-04-26T09:02:57","slug":"ciro-gomes-diz-que-vai-decidir-sobre-candidatura-a-presidencia-em-maio","status":"publish","type":"post","link":"https:\/\/crajubaremacao.com.br\/?p=68730","title":{"rendered":"Ciro Gomes diz que vai decidir sobre candidatura \u00e0 presid\u00eancia em maio"},"content":{"rendered":"<div>\n<div style=\"margin-bottom: 15px;\"><img decoding=\"async\" class=\"type:primaryImage\" src=\"https:\/\/jpimg.com.br\/uploads\/2022\/08\/img7294416.200901-750x500.jpg\"><\/div>\n<p><?xml encoding=\"UTF-8\"><\/p>\n<p>Em um evento do PSDB em S\u00e3o Paulo neste s\u00e1bado (25), <strong>Ciro Gomes disse ainda n\u00e3o confirmou se vai aceitar a posi\u00e7\u00e3o \u00e0 presid\u00eancia da Rep\u00fablica.<\/strong> Segundo ele, a decis\u00e3o ser\u00e1 em maio, mas j\u00e1 coloca no discurso pautas de campanha e nega ser uma esp\u00e9cie de terceira via.<\/p>\n<p>Essa \u00e9 a primeira apari\u00e7\u00e3o p\u00fablica de Ciro Gomes desde que foi indicado pelo presidente nacional do PSDB, A\u00e9cio Neves, no dia 14 de abril, para a disputa.<\/p>\n<p>Em rela\u00e7\u00e3o ao Supremo Tribunal Federal (STF), <strong>Ciro Gomes tamb\u00e9m disse que n\u00e3o \u00e9 \u201crazo\u00e1vel\u201d que ministros estejam \u201ctodos os dias\u201d nas p\u00e1ginas policiais.<\/strong><\/p>\n<div id=\"chunk-1ht34\">\n<div class=\"mc-column content-text active-extra-styles \" data-block-type=\"unstyled\" data-block-weight=\"47\" data-block-id=\"4\">\n<p class=\" content-text__container \" data-track-category=\"Link no Texto\" data-track-links=\"\" data-mrf-recirculation=\"Mat\u00e9ria - Links no Texto\">Ciro disse ainda estar cansado em rela\u00e7\u00e3o \u00e0 pol\u00edtica nacional e que s\u00f3 considera a possibilidade diante da gravidade do cen\u00e1rio econ\u00f4mico e institucional do pa\u00eds.<\/p>\n<\/div>\n<\/div>\n<div id=\"chunk-fotqt\">\n<div class=\"content-ads content-ads--reveal\" data-block-type=\"ads\" data-block-id=\"5\">\n<div id=\"banner_materia2\" class=\"tag-manager-publicidade-container tag-manager-publicidade-banner_materia2 tag-manager-publicidade-container--carregado tag-manager-publicidade-container--visivel\" data-google-query-id=\"CIKpg5qlipQDFaVA3QIdhes1KA\">No \u00e2mbito das cr\u00edticas ao Judici\u00e1rio \u2013 uma pauta presente nos discursos de quase todos os pr\u00e9-candidatos \u2013 Ciro disse ser contra a indica\u00e7\u00e3o de Jorge Messias, advogado-geral da Uni\u00e3o do Brasil, \u00e0 Suprema Corte, para a vaga deixada por Lu\u00eds Roberto Barroso.<\/div>\n<\/div>\n<\/div>\n<div data-google-query-id=\"CIKpg5qlipQDFaVA3QIdhes1KA\"><\/div>\n<div data-google-query-id=\"CIKpg5qlipQDFaVA3QIdhes1KA\">Al\u00e9m de Ciro Gomes, o ex-prefeito de Santo Andr\u00e9, indicado pelo partido \u00e0 disputa do governo do estado, <strong>Paulo Serra, tamb\u00e9m esteve presente no evento.<\/strong><\/div>\n<div data-google-query-id=\"CIKpg5qlipQDFaVA3QIdhes1KA\">\n<p>Essa pode ser a quinta candidatura do cearense \u00e0 presid\u00eancia da Rep\u00fablica. As outras quatro candidaturas foram em: 1998, 2002, 2018 e 2022.<\/p>\n<p>Ciro tamb\u00e9m foi governador do estado do Cear\u00e1 entre 1991 e 1994. Al\u00e9m de ministro de duas pastas, em duas gest\u00f5es diferentes. <strong>Primeiro, ao ocupar o minist\u00e9rio da fazenda em 1994<\/strong>, no governo de Itamar Franco. E tamb\u00e9m no minist\u00e9rio da integra\u00e7\u00e3o nacional, no primeiro mandato de Lula, entre 2003 e 2006.<\/p>\n<\/div>\n<\/div>\n","protected":false},"excerpt":{"rendered":"<p>Em um evento do PSDB em S\u00e3o Paulo neste s\u00e1bado (25), Ciro Gomes disse ainda n\u00e3o confirmou se vai aceitar a posi\u00e7\u00e3o \u00e0 presid\u00eancia da Rep\u00fablica. Segundo ele, a decis\u00e3o ser\u00e1 em maio, mas j\u00e1 coloca no discurso pautas de campanha e nega ser uma esp\u00e9cie de terceira via. Essa \u00e9 a primeira apari\u00e7\u00e3o p\u00fablica [&hellip;]<\/p>\n","protected":false},"author":117,"featured_media":68731,"comment_status":"closed","ping_status":"closed","sticky":false,"template":"","format":"standard","meta":{"_themeisle_gutenberg_block_has_review":false,"_jetpack_memberships_contains_paid_content":false,"footnotes":""},"categories":[9],"tags":[129],"class_list":{"0":"post-68730","1":"post","2":"type-post","3":"status-publish","4":"format-standard","5":"has-post-thumbnail","7":"category-politica","8":"tag-politica"},"jetpack_featured_media_url":"https:\/\/crajubaremacao.com.br\/wp-content\/uploads\/2026\/04\/img7294416200901-750x500-1.jpg","jetpack_sharing_enabled":true,"_links":{"self":[{"href":"https:\/\/crajubaremacao.com.br\/index.php?rest_route=\/wp\/v2\/posts\/68730","targetHints":{"allow":["GET"]}}],"collection":[{"href":"https:\/\/crajubaremacao.com.br\/index.php?rest_route=\/wp\/v2\/posts"}],"about":[{"href":"https:\/\/crajubaremacao.com.br\/index.php?rest_route=\/wp\/v2\/types\/post"}],"author":[{"embeddable":true,"href":"https:\/\/crajubaremacao.com.br\/index.php?rest_route=\/wp\/v2\/users\/117"}],"replies":[{"embeddable":true,"href":"https:\/\/crajubaremacao.com.br\/index.php?rest_route=%2Fwp%2Fv2%2Fcomments&post=68730"}],"version-history":[{"count":0,"href":"https:\/\/crajubaremacao.com.br\/index.php?rest_route=\/wp\/v2\/posts\/68730\/revisions"}],"wp:featuredmedia":[{"embeddable":true,"href":"https:\/\/crajubaremacao.com.br\/index.php?rest_route=\/wp\/v2\/media\/68731"}],"wp:attachment":[{"href":"https:\/\/crajubaremacao.com.br\/index.php?rest_route=%2Fwp%2Fv2%2Fmedia&parent=68730"}],"wp:term":[{"taxonomy":"category","embeddable":true,"href":"https:\/\/crajubaremacao.com.br\/index.php?rest_route=%2Fwp%2Fv2%2Fcategories&post=68730"},{"taxonomy":"post_tag","embeddable":true,"href":"https:\/\/crajubaremacao.com.br\/index.php?rest_route=%2Fwp%2Fv2%2Ftags&post=68730"}],"curies":[{"name":"wp","href":"https:\/\/api.w.org\/{rel}","templated":true}]}}