{"id":68737,"date":"2026-04-26T09:02:34","date_gmt":"2026-04-26T12:02:34","guid":{"rendered":"https:\/\/crajubaremacao.com.br\/?p=68737"},"modified":"2026-04-26T09:02:34","modified_gmt":"2026-04-26T12:02:34","slug":"com-haddad-e-pigossi-como-referencias-tenis-feminino-do-brasil-se-destaca-nas-categorias-juvenis","status":"publish","type":"post","link":"https:\/\/crajubaremacao.com.br\/?p=68737","title":{"rendered":"Com Haddad e Pigossi como refer\u00eancias, t\u00eanis feminino do Brasil se destaca nas categorias juvenis"},"content":{"rendered":"<div>\n<div style=\"margin-bottom: 15px;\"><img decoding=\"async\" class=\"type:primaryImage\" src=\"https:\/\/jpimg.com.br\/uploads\/2026\/04\/nauhany-victoria-barros-vitoria-miranda-750x450.jpg\"><\/div>\n<p><?xml encoding=\"UTF-8\"><\/p>\n<p><span style=\"font-weight: 400;\">Bia Haddad quebrou barreiras, abriu espa\u00e7o para novas gera\u00e7\u00f5es do t\u00eanis feminino no Brasil e segue <strong>sendo<\/strong><\/span><b>\u00a0o maior nome da modalidade desde Maria Esther Bueno<\/b><span style=\"font-weight: 400;\">. Por\u00e9m, hoje, ela j\u00e1 n\u00e3o \u00e9 mais o \u00fanico nome forte.\u00a0<\/span><\/p>\n<p><span style=\"font-weight: 400;\">Ela divide a aten\u00e7\u00e3o com duas jovens promessas: <\/span><b>Nauhany Silva e Victoria Barros <\/b><span style=\"font-weight: 400;\">\u2013 ambas de 16 anos -, e duas velhas conhecidas da elite profissional: <\/span><b>Luisa Stefani,<\/b><span style=\"font-weight: 400;\"> que ocupa a 10\u00aa coloca\u00e7\u00e3o do ranking de duplas do WTA (Women\u2019s Tennis Association), e <\/span><b>Laura Pigossi<\/b><span style=\"font-weight: 400;\">, atual 217\u00aa colocada no simples.\u00a0<\/span><\/p>\n<p><span style=\"font-weight: 400;\">Bia ainda \u00e9 a n\u00famero 1 do Brasil \u2013 <\/span><b>atualmente ocupa a 69\u00aa posi\u00e7\u00e3o <\/b><span style=\"font-weight: 400;\">-, mas v\u00eam acumulando derrotas nas \u00faltimas temporadas. <\/span><b>Em 2026, por exemplo, soma duas vit\u00f3rias em 13 partidas disputadas. <\/b><span style=\"font-weight: 400;\">S\u00f3 venceu a catari Mubarak Al-Naimi, nas qualificat\u00f3rias de Doha, e a portuguesa Francisca Jorge, na estreia do Challenger de Oeiras, em Portugal.\u00a0<\/span><\/p>\n<p><span style=\"font-weight: 400;\">Enquanto Bia acumula n\u00fameros negativos,<\/span><b> suas compatriotas seguem o caminho inverso.<\/b><span style=\"font-weight: 400;\"> Nauhany Silva e Victoria Barros t\u00eam feito hist\u00f3ria em 2026. Com elas, pela primeira vez na hist\u00f3ria, o<\/span><b> Brasil tem duas jogadoras no top 10 do ranking juvenil da ITF<\/b><span style=\"font-weight: 400;\"> (International Tennis Federation). Victoria \u00e9 a 8\u00aa colocada e Nauhany, a 10\u00aa.\u00a0<\/span><\/p>\n<div id=\"attachment_2126881\" style=\"width: 760px\" class=\"wp-caption aligncenter\"><img loading=\"lazy\" loading=\"lazy\" decoding=\"async\" aria-describedby=\"caption-attachment-2126881\" class=\"wp-image-2126881 size-medium\" src=\"https:\/\/jpimg.com.br\/uploads\/2026\/04\/nana-e-victoria-barros-1-750x450.jpg\" alt=\"nana e victoria barros (1)\" width=\"750\" height=\"450\" srcset=\"\/\/jpimg.com.br\/uploads\/2026\/04\/nana-e-victoria-barros-1-750x450.jpg 750w, \/\/jpimg.com.br\/uploads\/2026\/04\/nana-e-victoria-barros-1-768x461.jpg 768w, \/\/jpimg.com.br\/uploads\/2026\/04\/nana-e-victoria-barros-1-345x207.jpg 345w, \/\/jpimg.com.br\/uploads\/2026\/04\/nana-e-victoria-barros-1-720x432.jpg 720w, \/\/jpimg.com.br\/uploads\/2026\/04\/nana-e-victoria-barros-1-960x576.jpg 960w, \/\/jpimg.com.br\/uploads\/2026\/04\/nana-e-victoria-barros-1-562x337.jpg 562w, \/\/jpimg.com.br\/uploads\/2026\/04\/nana-e-victoria-barros-1-600x360.jpg 600w, \/\/jpimg.com.br\/uploads\/2026\/04\/nana-e-victoria-barros-1.jpg 1000w\" sizes=\"auto, (max-width: 750px) 100vw, 750px\"><\/p>\n<p id=\"caption-attachment-2126881\" class=\"wp-caption-text\">Victoria Barros e Nauhany Silva <span style=\"font-weight: 400;\">s\u00e3o as promessas do Brasil no t\u00eanis<\/span>\u2502Gaspar N\u00f3brega\/CBT<\/p>\n<\/div>\n<p><span style=\"font-weight: 400;\">As duas protagonizarem, pela primeira vez em 40 anos, <\/span><b>uma final brasileira no Banana Bowl<\/b><span style=\"font-weight: 400;\"> \u2013 um dos mais tradicionais e importantes torneios internacionais de t\u00eanis juvenil do mundo -, que teve Nauhany como campe\u00e3 ap\u00f3s uma vit\u00f3ria por 2 a 1.\u00a0<\/span><\/p>\n<p><span style=\"font-weight: 400;\">O <\/span><b>feito a consagrou como a primeira atleta do Brasil a conquistar o torneio desde 1991.<\/b><span style=\"font-weight: 400;\"> Neste ano, ela j\u00e1 tinha quebrado outro tabu: foi campe\u00e3 do Brasil Juniors Cup e colocou o pa\u00eds no topo depois de 35 anos.\u00a0<\/span><\/p>\n<p><span style=\"font-weight: 400;\">Na mesma competi\u00e7\u00e3o, tamb\u00e9m venceu a disputa em duplas ao lado da argentina Sol Larraya. A <\/span><b>\u00faltima brasileira a vencer na categoria tinha sido Luisa Stefani, em 2015<\/b><span style=\"font-weight: 400;\">, um ano antes de Nauhany nascer.\u00a0<\/span><\/p>\n<div id=\"attachment_2107425\" style=\"width: 760px\" class=\"wp-caption aligncenter\"><img loading=\"lazy\" loading=\"lazy\" decoding=\"async\" aria-describedby=\"caption-attachment-2107425\" class=\"size-medium wp-image-2107425\" src=\"https:\/\/jpimg.com.br\/uploads\/2026\/02\/luisa-stefani-campea-750x450.jpg\" alt=\"luisa stefani campe\u00e3\" width=\"750\" height=\"450\" srcset=\"\/\/jpimg.com.br\/uploads\/2026\/02\/luisa-stefani-campea-750x450.jpg 750w, \/\/jpimg.com.br\/uploads\/2026\/02\/luisa-stefani-campea-768x461.jpg 768w, \/\/jpimg.com.br\/uploads\/2026\/02\/luisa-stefani-campea-345x207.jpg 345w, \/\/jpimg.com.br\/uploads\/2026\/02\/luisa-stefani-campea-720x432.jpg 720w, \/\/jpimg.com.br\/uploads\/2026\/02\/luisa-stefani-campea-960x576.jpg 960w, \/\/jpimg.com.br\/uploads\/2026\/02\/luisa-stefani-campea-562x337.jpg 562w, \/\/jpimg.com.br\/uploads\/2026\/02\/luisa-stefani-campea-600x360.jpg 600w, \/\/jpimg.com.br\/uploads\/2026\/02\/luisa-stefani-campea.jpg 1000w\" sizes=\"auto, (max-width: 750px) 100vw, 750px\"><\/p>\n<p id=\"caption-attachment-2107425\" class=\"wp-caption-text\">Lu\u00edsa Stefani conquista 15\u00ba t\u00edtulo da carreira \u2502ZDL\/Divulga\u00e7\u00e3o<\/p>\n<\/div>\n<p><span style=\"font-weight: 400;\">Se no juvenil o Brasil vem forte, quando o assunto \u00e9 o profissional, Luisa Stefani \u00e9 uma refer\u00eancia. Diferente de Bia, ela prioriza as competi\u00e7\u00f5es em duplas e \u00e9 a melhor brasileira no ranking \u2013 est\u00e1 no Top 10.<\/span><b> Luisa tem 15 t\u00edtulos WTA na carreira. <\/b><span style=\"font-weight: 400;\">O \u00faltimo conquistado foi em fevereiro deste ano, quando venceu o WTA 1000 de Dubai ao lado da canadense Gabriela Dabrowski.\u00a0<\/span><\/p>\n<p><span style=\"font-weight: 400;\">Laura Pigossi, assim como Bia, tamb\u00e9m n\u00e3o tem vivido seu melhor momento na carreira. A <\/span><b>segunda melhor brasileira no ranking mundial, come\u00e7ou 2026 na 201\u00aa posi\u00e7\u00e3o<\/b><span style=\"font-weight: 400;\">, mas as oscila\u00e7\u00f5es neste come\u00e7o de temporada fizeram ela cair. S\u00f3 que a vaga alcan\u00e7ada na semifinal do W50 no Burundi, fez com que ela subisse 8 posi\u00e7\u00f5es e se garantisse no qualificat\u00f3rio de Roland Garros.<\/span><\/p>\n<p><span style=\"font-weight: 400;\">Al\u00e9m de Vict\u00f3ria e Nauhany, a base do t\u00eanis feminino brasileiro tem outro destaque: A paranaense <\/span><b>Eduarda Gomes, de 13 anos, se tornou a campe\u00e3 mais nova do Roland Garros Junior Series<\/b><span style=\"font-weight: 400;\">, conquista que fez com que ela se juntasse \u00e0s conterr\u00e2neas no Grand Slam de Paris, e fosse exaltada na p\u00e1gina oficial do Roland Garros.<\/span><\/p>\n<blockquote class=\"instagram-media\" style=\"background: #FFF; border: 0; border-radius: 3px; box-shadow: 0 0 1px 0 rgba(0,0,0,0.5),0 1px 10px 0 rgba(0,0,0,0.15); margin: 1px; max-width: 540px; min-width: 326px; padding: 0; width: calc(100% - 2px);\" data-instgrm-captioned=\"\" data-instgrm-permalink=\"https:\/\/www.instagram.com\/reel\/DXUvJFxEfa0\/?utm_source=ig_embed&amp;utm_campaign=loading\" data-instgrm-version=\"14\">\n<div style=\"padding: 16px;\">\n\u00a0<\/p>\n<div style=\"display: flex; flex-direction: row; align-items: center;\">\n<div style=\"background-color: #f4f4f4; border-radius: 50%; flex-grow: 0; height: 40px; margin-right: 14px; width: 40px;\"><\/div>\n<div style=\"display: flex; flex-direction: column; flex-grow: 1; justify-content: center;\">\n<div style=\"background-color: #f4f4f4; border-radius: 4px; flex-grow: 0; height: 14px; margin-bottom: 6px; width: 100px;\"><\/div>\n<div style=\"background-color: #f4f4f4; border-radius: 4px; flex-grow: 0; height: 14px; width: 60px;\"><\/div>\n<\/div>\n<\/div>\n<div style=\"padding: 19% 0;\"><\/div>\n<div style=\"display: block; height: 50px; margin: 0 auto 12px; width: 50px;\"><\/div>\n<div style=\"padding-top: 8px;\">\n<div style=\"color: #3897f0; font-family: Arial,sans-serif; font-size: 14px; font-style: normal; font-weight: 550; line-height: 18px;\">Ver essa foto no Instagram<\/div>\n<\/div>\n<div style=\"padding: 12.5% 0;\"><\/div>\n<div style=\"display: flex; flex-direction: row; margin-bottom: 14px; align-items: center;\">\n<div>\n<div style=\"background-color: #f4f4f4; border-radius: 50%; height: 12.5px; width: 12.5px; transform: translateX(0px) translateY(7px);\"><\/div>\n<div style=\"background-color: #f4f4f4; height: 12.5px; transform: rotate(-45deg) translateX(3px) translateY(1px); width: 12.5px; flex-grow: 0; margin-right: 14px; margin-left: 2px;\"><\/div>\n<div style=\"background-color: #f4f4f4; border-radius: 50%; height: 12.5px; width: 12.5px; transform: translateX(9px) translateY(-18px);\"><\/div>\n<\/div>\n<div style=\"margin-left: 8px;\">\n<div style=\"background-color: #f4f4f4; border-radius: 50%; flex-grow: 0; height: 20px; width: 20px;\"><\/div>\n<div style=\"width: 0; height: 0; border-top: 2px solid transparent; border-left: 6px solid #f4f4f4; border-bottom: 2px solid transparent; transform: translateX(16px) translateY(-4px) rotate(30deg);\"><\/div>\n<\/div>\n<div style=\"margin-left: auto;\">\n<div style=\"width: 0px; border-top: 8px solid #F4F4F4; border-right: 8px solid transparent; transform: translateY(16px);\"><\/div>\n<div style=\"background-color: #f4f4f4; flex-grow: 0; height: 12px; width: 16px; transform: translateY(-4px);\"><\/div>\n<div style=\"width: 0; height: 0; border-top: 8px solid #F4F4F4; border-left: 8px solid transparent; transform: translateY(-4px) translateX(8px);\"><\/div>\n<\/div>\n<\/div>\n<div style=\"display: flex; flex-direction: column; flex-grow: 1; justify-content: center; margin-bottom: 24px;\">\n<div style=\"background-color: #f4f4f4; border-radius: 4px; flex-grow: 0; height: 14px; margin-bottom: 6px; width: 224px;\"><\/div>\n<div style=\"background-color: #f4f4f4; border-radius: 4px; flex-grow: 0; height: 14px; width: 144px;\"><\/div>\n<\/div>\n<p>\u00a0<br \/>\nUm post compartilhado por Roland-Garros (@rolandgarros)\n<\/p><\/div>\n<\/blockquote>\n<p><script async src=\"\/\/www.instagram.com\/embed.js\"><\/script><\/p>\n<h3><b>Brasil tamb\u00e9m \u00e9 refer\u00eancia no t\u00eanis paral\u00edmpico<\/b><\/h3>\n<p><span style=\"font-weight: 400;\">Quem tamb\u00e9m tem feito seu nome \u00e9 a mineira Vit\u00f3ria Miranda, de 18 anos, tenista paral\u00edmpica. Fez uma temporada de 2025 brilhante: <\/span><b>conquistou 10 t\u00edtulos de simples e 8 t\u00edtulos de duplas<\/b><span style=\"font-weight: 400;\">, com destaque para as vit\u00f3rias em simples e duplas no Australian Open e em Roland Garros J\u00fanior.\u00a0<\/span><\/p>\n<div id=\"attachment_2126878\" style=\"width: 760px\" class=\"wp-caption aligncenter\"><img loading=\"lazy\" loading=\"lazy\" decoding=\"async\" aria-describedby=\"caption-attachment-2126878\" class=\"size-medium wp-image-2126878\" src=\"https:\/\/jpimg.com.br\/uploads\/2026\/04\/vitoria-miranda-750x450.jpg\" alt=\"vit\u00f3ria miranda\" width=\"750\" height=\"450\" srcset=\"\/\/jpimg.com.br\/uploads\/2026\/04\/vitoria-miranda-750x450.jpg 750w, \/\/jpimg.com.br\/uploads\/2026\/04\/vitoria-miranda-768x461.jpg 768w, \/\/jpimg.com.br\/uploads\/2026\/04\/vitoria-miranda-345x207.jpg 345w, \/\/jpimg.com.br\/uploads\/2026\/04\/vitoria-miranda-720x432.jpg 720w, \/\/jpimg.com.br\/uploads\/2026\/04\/vitoria-miranda-960x576.jpg 960w, \/\/jpimg.com.br\/uploads\/2026\/04\/vitoria-miranda-562x337.jpg 562w, \/\/jpimg.com.br\/uploads\/2026\/04\/vitoria-miranda-600x360.jpg 600w, \/\/jpimg.com.br\/uploads\/2026\/04\/vitoria-miranda.jpg 1000w\" sizes=\"auto, (max-width: 750px) 100vw, 750px\"><\/p>\n<p id=\"caption-attachment-2126878\" class=\"wp-caption-text\">Vit\u00f3ria Miranda comemora no Parapan de Jovens Santiago 2025, Chile \u2502Marcello Zambrana\/CPB.<\/p>\n<\/div>\n<p><span style=\"font-weight: 400;\">As conquistas a colocaram no primeiro lugar do ranking da ITF e fizeram com que fosse eleita a melhor tenista jovem de cadeira de rodas \u2013 pr\u00eamio referente \u00e0 temporada de 2025. Essa foi a primeira vez que uma brasileira foi contemplada com o Pr\u00eamio J\u00fanior do ano da ITF. <\/span><b>Atualmente, Vit\u00f3ria est\u00e1 na 30\u00aa coloca\u00e7\u00e3o do ITF adulto.\u00a0<\/b><\/p>\n<p><span style=\"font-weight: 400;\">Os n\u00fameros e conquistas de Nauhany, Vict\u00f3ria Barros e Vit\u00f3ria Miranda d\u00e3o destaque para a poss\u00edvel nova era de ouro do t\u00eanis brasileiro feminino, al\u00e9m de fazer com que o ano de 2026 possa ser um ano de virada para a modalidade no Brasil, no juvenil e nas duplas, \u00e0 espera de uma recupera\u00e7\u00e3o das brasileiras no torneio simples.\u00a0<\/span><\/p>\n<div class=\"video-container\">\n<div class=\"youtube-video\" id=\"N3_R7LmQzE0\"><\/div>\n<\/div>\n<\/div>\n","protected":false},"excerpt":{"rendered":"<p>Bia Haddad quebrou barreiras, abriu espa\u00e7o para novas gera\u00e7\u00f5es do t\u00eanis feminino no Brasil e segue sendo\u00a0o maior nome da modalidade desde Maria Esther Bueno. Por\u00e9m, hoje, ela j\u00e1 n\u00e3o \u00e9 mais o \u00fanico nome forte.\u00a0 Ela divide a aten\u00e7\u00e3o com duas jovens promessas: Nauhany Silva e Victoria Barros \u2013 ambas de 16 anos -, [&hellip;]<\/p>\n","protected":false},"author":260,"featured_media":68738,"comment_status":"closed","ping_status":"closed","sticky":false,"template":"","format":"standard","meta":{"_themeisle_gutenberg_block_has_review":false,"_jetpack_memberships_contains_paid_content":false,"footnotes":""},"categories":[12],"tags":[153],"class_list":{"0":"post-68737","1":"post","2":"type-post","3":"status-publish","4":"format-standard","5":"has-post-thumbnail","7":"category-esportes","8":"tag-esportes"},"jetpack_featured_media_url":"https:\/\/crajubaremacao.com.br\/wp-content\/uploads\/2026\/04\/nauhany-victoria-barros-vitoria-miranda-750x450-1.jpg","jetpack_sharing_enabled":true,"_links":{"self":[{"href":"https:\/\/crajubaremacao.com.br\/index.php?rest_route=\/wp\/v2\/posts\/68737","targetHints":{"allow":["GET"]}}],"collection":[{"href":"https:\/\/crajubaremacao.com.br\/index.php?rest_route=\/wp\/v2\/posts"}],"about":[{"href":"https:\/\/crajubaremacao.com.br\/index.php?rest_route=\/wp\/v2\/types\/post"}],"author":[{"embeddable":true,"href":"https:\/\/crajubaremacao.com.br\/index.php?rest_route=\/wp\/v2\/users\/260"}],"replies":[{"embeddable":true,"href":"https:\/\/crajubaremacao.com.br\/index.php?rest_route=%2Fwp%2Fv2%2Fcomments&post=68737"}],"version-history":[{"count":0,"href":"https:\/\/crajubaremacao.com.br\/index.php?rest_route=\/wp\/v2\/posts\/68737\/revisions"}],"wp:featuredmedia":[{"embeddable":true,"href":"https:\/\/crajubaremacao.com.br\/index.php?rest_route=\/wp\/v2\/media\/68738"}],"wp:attachment":[{"href":"https:\/\/crajubaremacao.com.br\/index.php?rest_route=%2Fwp%2Fv2%2Fmedia&parent=68737"}],"wp:term":[{"taxonomy":"category","embeddable":true,"href":"https:\/\/crajubaremacao.com.br\/index.php?rest_route=%2Fwp%2Fv2%2Fcategories&post=68737"},{"taxonomy":"post_tag","embeddable":true,"href":"https:\/\/crajubaremacao.com.br\/index.php?rest_route=%2Fwp%2Fv2%2Ftags&post=68737"}],"curies":[{"name":"wp","href":"https:\/\/api.w.org\/{rel}","templated":true}]}}