{"id":68741,"date":"2026-04-26T12:00:28","date_gmt":"2026-04-26T15:00:28","guid":{"rendered":"https:\/\/crajubaremacao.com.br\/?p=68741"},"modified":"2026-04-26T12:00:28","modified_gmt":"2026-04-26T15:00:28","slug":"congresso-do-pt-exibe-banner-pedindo-volta-de-maduro-para-venezuela","status":"publish","type":"post","link":"https:\/\/crajubaremacao.com.br\/?p=68741","title":{"rendered":"Congresso do PT exibe banner pedindo volta de Maduro para Venezuela"},"content":{"rendered":"<div>\n<div style=\"margin-bottom: 15px;\"><img decoding=\"async\" class=\"type:primaryImage\" src=\"https:\/\/crajubaremacao.com.br\/wp-content\/uploads\/2026\/04\/pt-pede-volta-de-maduro-750x450-1.jpg\"><\/div>\n<p><?xml encoding=\"UTF-8\"><\/p>\n<p>Um banner pedindo a volta de N\u00edcolas Maduro e sua esposa, C\u00edlia Flores, foi exibido na sexta-feira (24) durante o 8\u00ba Congresso Brasil Justo, promovido pelo Partido dos Trabalhadores, em Bras\u00edlia. \u201cLos queremos de vuelta\u201d (n\u00f3s o queremos de volta, na tradu\u00e7\u00e3o) era o que estava escrito no banner exibido em ato de solidariedade.<\/p>\n<p>O ato criticou a captura de N\u00edcolas Maduro por parte das for\u00e7as armadas dos Estados Unidos, em 3 de janeiro de 2026. Os ditador venezuela e C\u00edlia se encontram em Nova York, onde aguardam julgamento. O presidente Lula n\u00e3o esteve presente pessoalmente no evento, mas enviou um video.<\/p>\n<blockquote class=\"instagram-media\" style=\"background: #FFF; border: 0; border-radius: 3px; box-shadow: 0 0 1px 0 rgba(0,0,0,0.5),0 1px 10px 0 rgba(0,0,0,0.15); margin: 1px; max-width: 540px; min-width: 326px; padding: 0; width: calc(100% - 2px);\" data-instgrm-captioned=\"\" data-instgrm-permalink=\"https:\/\/www.instagram.com\/reel\/DXiSJ06jG5X\/?utm_source=ig_embed&amp;utm_campaign=loading\" data-instgrm-version=\"14\">\n<div style=\"padding: 16px;\">\n\u00a0<\/p>\n<div style=\"display: flex; flex-direction: row; align-items: center;\">\n<div style=\"background-color: #f4f4f4; border-radius: 50%; flex-grow: 0; height: 40px; margin-right: 14px; width: 40px;\"><\/div>\n<div style=\"display: flex; flex-direction: column; flex-grow: 1; justify-content: center;\">\n<div style=\"background-color: #f4f4f4; border-radius: 4px; flex-grow: 0; height: 14px; margin-bottom: 6px; width: 100px;\"><\/div>\n<div style=\"background-color: #f4f4f4; border-radius: 4px; flex-grow: 0; height: 14px; width: 60px;\"><\/div>\n<\/div>\n<\/div>\n<div style=\"padding: 19% 0;\"><\/div>\n<div style=\"display: block; height: 50px; margin: 0 auto 12px; width: 50px;\"><\/div>\n<div style=\"padding-top: 8px;\">\n<div style=\"color: #3897f0; font-family: Arial,sans-serif; font-size: 14px; font-style: normal; font-weight: 550; line-height: 18px;\">Ver essa foto no Instagram<\/div>\n<\/div>\n<div style=\"padding: 12.5% 0;\"><\/div>\n<div style=\"display: flex; flex-direction: row; margin-bottom: 14px; align-items: center;\">\n<div>\n<div style=\"background-color: #f4f4f4; border-radius: 50%; height: 12.5px; width: 12.5px; transform: translateX(0px) translateY(7px);\"><\/div>\n<div style=\"background-color: #f4f4f4; height: 12.5px; transform: rotate(-45deg) translateX(3px) translateY(1px); width: 12.5px; flex-grow: 0; margin-right: 14px; margin-left: 2px;\"><\/div>\n<div style=\"background-color: #f4f4f4; border-radius: 50%; height: 12.5px; width: 12.5px; transform: translateX(9px) translateY(-18px);\"><\/div>\n<\/div>\n<div style=\"margin-left: 8px;\">\n<div style=\"background-color: #f4f4f4; border-radius: 50%; flex-grow: 0; height: 20px; width: 20px;\"><\/div>\n<div style=\"width: 0; height: 0; border-top: 2px solid transparent; border-left: 6px solid #f4f4f4; border-bottom: 2px solid transparent; transform: translateX(16px) translateY(-4px) rotate(30deg);\"><\/div>\n<\/div>\n<div style=\"margin-left: auto;\">\n<div style=\"width: 0px; border-top: 8px solid #F4F4F4; border-right: 8px solid transparent; transform: translateY(16px);\"><\/div>\n<div style=\"background-color: #f4f4f4; flex-grow: 0; height: 12px; width: 16px; transform: translateY(-4px);\"><\/div>\n<div style=\"width: 0; height: 0; border-top: 8px solid #F4F4F4; border-left: 8px solid transparent; transform: translateY(-4px) translateX(8px);\"><\/div>\n<\/div>\n<\/div>\n<div style=\"display: flex; flex-direction: column; flex-grow: 1; justify-content: center; margin-bottom: 24px;\">\n<div style=\"background-color: #f4f4f4; border-radius: 4px; flex-grow: 0; height: 14px; margin-bottom: 6px; width: 224px;\"><\/div>\n<div style=\"background-color: #f4f4f4; border-radius: 4px; flex-grow: 0; height: 14px; width: 144px;\"><\/div>\n<\/div>\n<p>\u00a0<br \/>\nUm post compartilhado por PT \u2013 Partido dos Trabalhadores (@ptbrasil)\n<\/p><\/div>\n<\/blockquote>\n<p><script async src=\"\/\/www.instagram.com\/embed.js\"><\/script><\/p>\n<p>Na \u00e9poca da captura, o Partido dos Trabalhadores (PT) divulgou uma nota condenando o ocorrido. \u201cO Partido dos Trabalhadores (PT) condena veementemente a agress\u00e3o militar dos Estados Unidos da Am\u00e9rica contra a Rep\u00fablica Bolivariana da Venezuela e seu povo. Diante dos fatos divulgados, o ato se caracteriza como um sequestro do presidente Nicol\u00e1s Maduro e da primeira-dama\u201d, dizia o comunicado.<\/p>\n<p>O partido tamb\u00e9m classificou a captura de Maduro como \u201csequestro\u201d. \u201cO bombardeio em Caracas e a sequestro do presidente configuram a mais grave agress\u00e3o internacional registrada na Am\u00e9rica do Sul no s\u00e9culo XXI [\u2026] A Am\u00e9rica Latina deve permanecer como uma zona de paz. A pol\u00edtica externa brasileira historicamente sustenta a solu\u00e7\u00e3o pac\u00edfica das controv\u00e9rsias, a n\u00e3o interven\u00e7\u00e3o e o respeito \u00e0 soberania como fundamentos da conviv\u00eancia internacional\u201d, escreveu.<\/p>\n<p>No dia 20 de fevereiro, o presidente Lula defendeu que Maduro seja julgado na Venezuela. O ditador venezuela est\u00e1 defito em Nova York, onde j\u00e1 compareceu ao tribunal duas vezes para ser acusado de tr\u00e1fico de coca\u00edna para os Estados Unidos, assim como sua esposa, Cilia Flores.<\/p>\n<p>A Jovem Pan procurou o PT para ouvir a manifesta\u00e7\u00e3o sobre o caso, mas, at\u00e9 a publica\u00e7\u00e3o n\u00e3o havia obtido retorno.<\/p>\n<\/div>\n","protected":false},"excerpt":{"rendered":"<p>Um banner pedindo a volta de N\u00edcolas Maduro e sua esposa, C\u00edlia Flores, foi exibido na sexta-feira (24) durante o 8\u00ba Congresso Brasil Justo, promovido pelo Partido dos Trabalhadores, em Bras\u00edlia. \u201cLos queremos de vuelta\u201d (n\u00f3s o queremos de volta, na tradu\u00e7\u00e3o) era o que estava escrito no banner exibido em ato de solidariedade. O [&hellip;]<\/p>\n","protected":false},"author":117,"featured_media":68742,"comment_status":"closed","ping_status":"closed","sticky":false,"template":"","format":"standard","meta":{"_themeisle_gutenberg_block_has_review":false,"_jetpack_memberships_contains_paid_content":false,"footnotes":""},"categories":[2],"tags":[150],"class_list":{"0":"post-68741","1":"post","2":"type-post","3":"status-publish","4":"format-standard","5":"has-post-thumbnail","7":"category-brasil","8":"tag-brasil"},"jetpack_featured_media_url":"https:\/\/crajubaremacao.com.br\/wp-content\/uploads\/2026\/04\/pt-pede-volta-de-maduro-750x450-1.jpg","jetpack_sharing_enabled":true,"_links":{"self":[{"href":"https:\/\/crajubaremacao.com.br\/index.php?rest_route=\/wp\/v2\/posts\/68741","targetHints":{"allow":["GET"]}}],"collection":[{"href":"https:\/\/crajubaremacao.com.br\/index.php?rest_route=\/wp\/v2\/posts"}],"about":[{"href":"https:\/\/crajubaremacao.com.br\/index.php?rest_route=\/wp\/v2\/types\/post"}],"author":[{"embeddable":true,"href":"https:\/\/crajubaremacao.com.br\/index.php?rest_route=\/wp\/v2\/users\/117"}],"replies":[{"embeddable":true,"href":"https:\/\/crajubaremacao.com.br\/index.php?rest_route=%2Fwp%2Fv2%2Fcomments&post=68741"}],"version-history":[{"count":0,"href":"https:\/\/crajubaremacao.com.br\/index.php?rest_route=\/wp\/v2\/posts\/68741\/revisions"}],"wp:featuredmedia":[{"embeddable":true,"href":"https:\/\/crajubaremacao.com.br\/index.php?rest_route=\/wp\/v2\/media\/68742"}],"wp:attachment":[{"href":"https:\/\/crajubaremacao.com.br\/index.php?rest_route=%2Fwp%2Fv2%2Fmedia&parent=68741"}],"wp:term":[{"taxonomy":"category","embeddable":true,"href":"https:\/\/crajubaremacao.com.br\/index.php?rest_route=%2Fwp%2Fv2%2Fcategories&post=68741"},{"taxonomy":"post_tag","embeddable":true,"href":"https:\/\/crajubaremacao.com.br\/index.php?rest_route=%2Fwp%2Fv2%2Ftags&post=68741"}],"curies":[{"name":"wp","href":"https:\/\/api.w.org\/{rel}","templated":true}]}}