{"id":68743,"date":"2026-04-26T12:00:41","date_gmt":"2026-04-26T15:00:41","guid":{"rendered":"https:\/\/crajubaremacao.com.br\/?p=68743"},"modified":"2026-04-26T12:00:41","modified_gmt":"2026-04-26T15:00:41","slug":"sem-caso-master-e-inss-mas-defendendo-reformas-pt-lanca-manifesto-para-as-eleicoes","status":"publish","type":"post","link":"https:\/\/crajubaremacao.com.br\/?p=68743","title":{"rendered":"Sem \u2018Caso Master\u2019 e \u2018INSS\u2019, mas defendendo reformas, PT lan\u00e7a manifesto para as elei\u00e7\u00f5es"},"content":{"rendered":"<div>\n<div style=\"margin-bottom: 15px;\"><img decoding=\"async\" class=\"type:primaryImage\" src=\"https:\/\/jpimg.com.br\/uploads\/2026\/03\/foto-jp-1-13-750x450.png\"><\/div>\n<p><?xml encoding=\"UTF-8\"><\/p>\n<p>O Partido dos Trabalhadores lan\u00e7ou um manifesto com as estrat\u00e9gias para as elei\u00e7\u00f5es de 2026 e a reelei\u00e7\u00e3o do presidente Luiz In\u00e1cio Lula da Silva. Entretanto deixou de fora refer\u00eancias ao Banco Master e o INSS (Instituto Nacional do Seguro Social), mas apostou nas reformas que dizem fazer parte de um \u201cum projeto nacional de desenvolvimento, orientado por objetivos estrat\u00e9gicos claros e sustentado por uma correla\u00e7\u00e3o de for\u00e7as capaz de<br \/>\nenfrentar privil\u00e9gios historicamente consolidados.\u201d.<\/p>\n<p>O manifesto do partido oficializa o apoio ao fim da escala de trabalho 6\u00d71 e outras seis necess\u00e1rias, como:<\/p>\n<ul>\n<li>Reforma pol\u00edtica e eleitora;<\/li>\n<li>Reforma tribut\u00e1ria;<\/li>\n<li>Reforma tecnol\u00f3gica;<\/li>\n<li>Reforma do Poder Judici\u00e1rio;<\/li>\n<li>Reforma administrativa.<\/li>\n<\/ul>\n<p>\u201cEsas reformas estruturantes organizam o n\u00facleo estrat\u00e9gico do projeto nacional e consolidam o caminho que o Brasil j\u00e1 come\u00e7ou a trilhar.\u201d, diz. \u201cElas implicam a continuidade e o aprofundamento das pol\u00edticas p\u00fablicas e projetos estruturantes em curso. E exigem que o Brasil d\u00ea um passo al\u00e9m neste pr\u00f3ximo ciclo: que consolide este legado.\u201d, acreita.<\/p>\n<h3><strong>For\u00e7a do Brasil e defesa soberania<\/strong><\/h3>\n<p>O documento de 8 p\u00e1ginas, intitulado \u201cConstruindo o futuro: Manifesto do PT para seguir transformando o pa\u00eds\u201d, come\u00e7a falando das tens\u00f5es geolpol\u00edticas mundias. \u201cAs elei\u00e7\u00f5es de 2026 ser\u00e3o disputadas no Brasil em um cen\u00e1rio de avan\u00e7o da extrema-direita e do fascismo nos principais pa\u00edses da Europa e das Am\u00e9ricas.\u201d, diz.\u00a0\u201cSistema que se organiza sob a l\u00f3gica da concentra\u00e7\u00e3o de riqueza, diante do colapso, n\u00e3o corrige suas distor\u00e7\u00f5es: socializa preju\u00edzos e preserva privil\u00e9gios.\u201d, acrescenta.<\/p>\n<p>\u201cA democracia \u00e9 tensionada pela desinforma\u00e7\u00e3o e pela captura do espa\u00e7o p\u00fablico por interesses privados. Nesse contexto,\u00a0 reelei\u00e7\u00e3o do Presidente Luiz In\u00e1cio Lula da Silva \u00e9 decisiva para o futuro do Brasil e para o campo democr\u00e1tico internacional.\u201d.<\/p>\n<p>Parte do documento alfineta os EUA, dizendo que a ordem internacional sob hegemonia dos Estados Unidos se desestabiliza diante da ascens\u00e3o de novas pot\u00eancias.\u00a0\u201cGuerras, san\u00e7\u00f5es, bloqueios e interven\u00e7\u00f5es voltam ao centro do tabuleiro geopol\u00edtico, corroendo o direito internacional e aprofundando crises\u201d, diz o documento. \u201cA democracia, cada vez mais mediada por plataformas privadas, tornou-se terreno de disputa desigual.\u201d, acrescenta.<\/p>\n<h3><strong>Terras raras\u00a0<\/strong><\/h3>\n<p>Outro assunto que se fez presente no manifesto, fora as terras raras, da qual o PT enfatizou que \u00e9 imperativo que<br \/>\no Brasil assuma o protagonismo sobre suas reservas \u201cExplicar o valor desses recursos \u00e9 explicar a nossa independ\u00eancia: sem terras raras, n\u00e3o h\u00e1 transi\u00e7\u00e3o energ\u00e9tica nem soberania digital.\u201d, diz.<\/p>\n<p>\u201d Brasil det\u00e9m uma das maiores reservas do planeta e n\u00e3o pode aceitar o papel de mero exportador de min\u00e9rio bruto; nosso projeto exige que o processamento e a intelig\u00eancia sobre esses minerais ocorram em solo nacional, gerando empregos qualificados e protegendo nossa riqueza contra a cobi\u00e7a internacional.\u201d, acrescenta.<\/p>\n<\/div>\n","protected":false},"excerpt":{"rendered":"<p>O Partido dos Trabalhadores lan\u00e7ou um manifesto com as estrat\u00e9gias para as elei\u00e7\u00f5es de 2026 e a reelei\u00e7\u00e3o do presidente Luiz In\u00e1cio Lula da Silva. Entretanto deixou de fora refer\u00eancias ao Banco Master e o INSS (Instituto Nacional do Seguro Social), mas apostou nas reformas que dizem fazer parte de um \u201cum projeto nacional de [&hellip;]<\/p>\n","protected":false},"author":117,"featured_media":68744,"comment_status":"closed","ping_status":"closed","sticky":false,"template":"","format":"standard","meta":{"_themeisle_gutenberg_block_has_review":false,"_jetpack_memberships_contains_paid_content":false,"footnotes":""},"categories":[9],"tags":[129],"class_list":{"0":"post-68743","1":"post","2":"type-post","3":"status-publish","4":"format-standard","5":"has-post-thumbnail","7":"category-politica","8":"tag-politica"},"jetpack_featured_media_url":"https:\/\/crajubaremacao.com.br\/wp-content\/uploads\/2026\/04\/foto-jp-1-13-750x450-1.png","jetpack_sharing_enabled":true,"_links":{"self":[{"href":"https:\/\/crajubaremacao.com.br\/index.php?rest_route=\/wp\/v2\/posts\/68743","targetHints":{"allow":["GET"]}}],"collection":[{"href":"https:\/\/crajubaremacao.com.br\/index.php?rest_route=\/wp\/v2\/posts"}],"about":[{"href":"https:\/\/crajubaremacao.com.br\/index.php?rest_route=\/wp\/v2\/types\/post"}],"author":[{"embeddable":true,"href":"https:\/\/crajubaremacao.com.br\/index.php?rest_route=\/wp\/v2\/users\/117"}],"replies":[{"embeddable":true,"href":"https:\/\/crajubaremacao.com.br\/index.php?rest_route=%2Fwp%2Fv2%2Fcomments&post=68743"}],"version-history":[{"count":0,"href":"https:\/\/crajubaremacao.com.br\/index.php?rest_route=\/wp\/v2\/posts\/68743\/revisions"}],"wp:featuredmedia":[{"embeddable":true,"href":"https:\/\/crajubaremacao.com.br\/index.php?rest_route=\/wp\/v2\/media\/68744"}],"wp:attachment":[{"href":"https:\/\/crajubaremacao.com.br\/index.php?rest_route=%2Fwp%2Fv2%2Fmedia&parent=68743"}],"wp:term":[{"taxonomy":"category","embeddable":true,"href":"https:\/\/crajubaremacao.com.br\/index.php?rest_route=%2Fwp%2Fv2%2Fcategories&post=68743"},{"taxonomy":"post_tag","embeddable":true,"href":"https:\/\/crajubaremacao.com.br\/index.php?rest_route=%2Fwp%2Fv2%2Ftags&post=68743"}],"curies":[{"name":"wp","href":"https:\/\/api.w.org\/{rel}","templated":true}]}}