{"id":68759,"date":"2026-04-26T18:05:02","date_gmt":"2026-04-26T21:05:02","guid":{"rendered":"https:\/\/crajubaremacao.com.br\/?p=68759"},"modified":"2026-04-26T18:05:02","modified_gmt":"2026-04-26T21:05:02","slug":"alteracao-na-escala-6x1-e-tendencia-natural-aponta-alckmin","status":"publish","type":"post","link":"https:\/\/crajubaremacao.com.br\/?p=68759","title":{"rendered":"Altera\u00e7\u00e3o na escala 6\u00d71 \u00e9 tend\u00eancia natural, aponta Alckmin"},"content":{"rendered":"<div>\n<div style=\"margin-bottom: 15px;\"><img decoding=\"async\" class=\"type:primaryImage\" src=\"https:\/\/jpimg.com.br\/uploads\/2025\/09\/cdg20250905040-750x500.jpg\"><\/div>\n<p><?xml encoding=\"UTF-8\"><\/p>\n<p>O vice-presidente da Rep\u00fablica, Geraldo Alckmin, afirmou neste domingo (26) que a<strong> altera\u00e7\u00e3o na escala 6\u00d71 de trabalho no Brasil \u00e9 um processo natural e visto em v\u00e1rias partes do mundo,<\/strong> diante do avan\u00e7o tecnol\u00f3gico e da moderniza\u00e7\u00e3o dos setores produtivos. Segundo ele, a atual jornada de 44 horas tende a ser revista gradualmente, impulsionada pelo aumento da produtividade<\/p>\n<p>Durante coletiva de imprensa ap\u00f3s a abertura oficial da 31\u00aa Agrishow 2026, em Ribeir\u00e3o Preto (SP), <strong>Alckmin citou o agroneg\u00f3cio como exemplo dessa mudan\u00e7a.<\/strong> Ele lembrou que, no passado, o corte de cana-de-a\u00e7\u00facar na regi\u00e3o de Ribeir\u00e3o Preto era feito manualmente, exigindo a queima pr\u00e9via da lavoura, o que deixava a cidade coberta pela fuma\u00e7a. Hoje, com a proibi\u00e7\u00e3o da pr\u00e1tica de queimada e a mecaniza\u00e7\u00e3o da colheita, o cen\u00e1rio mudou completamente, com colheita de cana crua.<\/p>\n<p>De acordo com o vice-presidente,<strong> a substitui\u00e7\u00e3o da atividade manual por m\u00e1quinas acabou, tamb\u00e9m, alterando o perfil dos trabalhadores no campo.<\/strong> \u201cN\u00e3o temos mais cortador de cana. Temos tecn\u00f3logo e especialista em agricultura de precis\u00e3o\u201d, afirmou. Para ele, a inova\u00e7\u00e3o tecnol\u00f3gica permite produzir mais com menos m\u00e3o de obra, exigindo qualifica\u00e7\u00e3o profissional e novas fun\u00e7\u00f5es no setor, o que permitiria, portanto, a redu\u00e7\u00e3o da escala semanal de trabalho, tema ainda pol\u00eamico no agroneg\u00f3cio.<\/p>\n<p>Alckmin ressaltou, por\u00e9m,<strong> que a transi\u00e7\u00e3o precisa respeitar as caracter\u00edsticas de cada segmento econ\u00f4mico.<\/strong> Ele observou que diversos setores j\u00e1 operam com jornadas de 40 horas semanais, enquanto outros ainda demandam adapta\u00e7\u00f5es espec\u00edficas.<\/p>\n<p>O vice-presidente defendeu que o tema seja debatido no Congresso Nacional, respons\u00e1vel por construir uma solu\u00e7\u00e3o equilibrada sobre o tema. \u201cA tend\u00eancia \u00e9 n\u00f3s sairmos da escala 6 por 1, mas h\u00e1 setores com especificidades. Cabe ao Congresso debater e buscar a melhor solu\u00e7\u00e3o\u201d, declarou.<\/p>\n<\/div>\n","protected":false},"excerpt":{"rendered":"<p>O vice-presidente da Rep\u00fablica, Geraldo Alckmin, afirmou neste domingo (26) que a altera\u00e7\u00e3o na escala 6\u00d71 de trabalho no Brasil \u00e9 um processo natural e visto em v\u00e1rias partes do mundo, diante do avan\u00e7o tecnol\u00f3gico e da moderniza\u00e7\u00e3o dos setores produtivos. Segundo ele, a atual jornada de 44 horas tende a ser revista gradualmente, impulsionada [&hellip;]<\/p>\n","protected":false},"author":117,"featured_media":68760,"comment_status":"closed","ping_status":"closed","sticky":false,"template":"","format":"standard","meta":{"_themeisle_gutenberg_block_has_review":false,"_jetpack_memberships_contains_paid_content":false,"footnotes":""},"categories":[9],"tags":[129],"class_list":{"0":"post-68759","1":"post","2":"type-post","3":"status-publish","4":"format-standard","5":"has-post-thumbnail","7":"category-politica","8":"tag-politica"},"jetpack_featured_media_url":"https:\/\/crajubaremacao.com.br\/wp-content\/uploads\/2026\/04\/cdg20250905040-750x500-1.jpg","jetpack_sharing_enabled":true,"_links":{"self":[{"href":"https:\/\/crajubaremacao.com.br\/index.php?rest_route=\/wp\/v2\/posts\/68759","targetHints":{"allow":["GET"]}}],"collection":[{"href":"https:\/\/crajubaremacao.com.br\/index.php?rest_route=\/wp\/v2\/posts"}],"about":[{"href":"https:\/\/crajubaremacao.com.br\/index.php?rest_route=\/wp\/v2\/types\/post"}],"author":[{"embeddable":true,"href":"https:\/\/crajubaremacao.com.br\/index.php?rest_route=\/wp\/v2\/users\/117"}],"replies":[{"embeddable":true,"href":"https:\/\/crajubaremacao.com.br\/index.php?rest_route=%2Fwp%2Fv2%2Fcomments&post=68759"}],"version-history":[{"count":0,"href":"https:\/\/crajubaremacao.com.br\/index.php?rest_route=\/wp\/v2\/posts\/68759\/revisions"}],"wp:featuredmedia":[{"embeddable":true,"href":"https:\/\/crajubaremacao.com.br\/index.php?rest_route=\/wp\/v2\/media\/68760"}],"wp:attachment":[{"href":"https:\/\/crajubaremacao.com.br\/index.php?rest_route=%2Fwp%2Fv2%2Fmedia&parent=68759"}],"wp:term":[{"taxonomy":"category","embeddable":true,"href":"https:\/\/crajubaremacao.com.br\/index.php?rest_route=%2Fwp%2Fv2%2Fcategories&post=68759"},{"taxonomy":"post_tag","embeddable":true,"href":"https:\/\/crajubaremacao.com.br\/index.php?rest_route=%2Fwp%2Fv2%2Ftags&post=68759"}],"curies":[{"name":"wp","href":"https:\/\/api.w.org\/{rel}","templated":true}]}}