{"id":68767,"date":"2026-04-27T00:00:49","date_gmt":"2026-04-27T03:00:49","guid":{"rendered":"https:\/\/crajubaremacao.com.br\/?p=68767"},"modified":"2026-04-27T00:00:49","modified_gmt":"2026-04-27T03:00:49","slug":"homem-morre-na-montagem-do-palco-para-o-show-de-shakira-em-copacabana","status":"publish","type":"post","link":"https:\/\/crajubaremacao.com.br\/?p=68767","title":{"rendered":"Homem morre na montagem do palco para o show de Shakira em Copacabana"},"content":{"rendered":"<div>\n<div style=\"margin-bottom: 15px;\"><img decoding=\"async\" class=\"type:primaryImage\" src=\"https:\/\/crajubaremacao.com.br\/wp-content\/uploads\/2026\/04\/movimentacao-dos-trabalhadores-para-a-retirada-da-vitima-dos-equipamentos-750x423-1.jpg\"><\/div>\n<p><?xml encoding=\"UTF-8\"><\/p>\n<p>Um trabalhador de uma empresa respons\u00e1vel pela montagem do palco do show da cantora Shakira, em Copacabana, na Zona Sul do Rio de Janeiro, <strong>morreu em um acidente neste domingo (26).<\/strong><\/p>\n<p>A v\u00edtima \u00e9 o serralheiro Gabriel de Jesus Firmino, de 28 anos, funcion\u00e1rio da empresa MG Coutinho Servi\u00e7os Cenogr\u00e1ficos. Ele foi prensado entre dois elevadores junto ao palco onde Shakira se apresentar\u00e1. <strong>Gabriel foi socorrido por integrantes da brigada de inc\u00eandio e levado para o Hospital Municipal Miguel Couto<\/strong>, na G\u00e1vea, mas n\u00e3o resistiu aos ferimentos.<\/p>\n<p>O Corpo de Bombeiros Militar do Estado do Rio de Janeiro (CBMERJ) informou em nota que a corpora\u00e7\u00e3o foi acionada na tarde deste domingo para o ocorrido. \u201cDe acordo com relatos de profissionais que estavam no local, um trabalhador sofreu esmagamento de membros inferiores em um sistema de eleva\u00e7\u00e3o\u201d, disse o CBMERJ.<\/p>\n<p>Eles tamb\u00e9m infomaram que, antes dos bombeiros chegarem,<strong> a v\u00edtima j\u00e1 havia sido tirada do equipamento<\/strong> por outros funcion\u00e1rios presentes.<\/p>\n<p>Militares da ambul\u00e2ncia do 3\u00ba Grupamento Mar\u00edtimo (GMAR-Copacabana) iniciaram imediatamente os primeiros socorros antes da ida ao hospital, mas Gabriel n\u00e3o aguentou.<\/p>\n<p>O caso foi registrado pela 12\u00aa DP (Copacabana) como les\u00e3o corporal culposa provocada como acidente de trabalho.<\/p>\n<p>A <strong>Jovem Pan<\/strong> entrou tentou contato com a empresa respons\u00e1vel pela montagem e a organizadora do evento mas ainda n\u00e3o obteve retorno.<\/p>\n<p>O show gratuito est\u00e1 marcado para o pr\u00f3ximo s\u00e1bado (2) e faz parte do projeto \u201cTodo Mundo no Rio\u201d, que acontece desde 2024 na praia de Copacabana.<\/p>\n<\/div>\n","protected":false},"excerpt":{"rendered":"<p>Um trabalhador de uma empresa respons\u00e1vel pela montagem do palco do show da cantora Shakira, em Copacabana, na Zona Sul do Rio de Janeiro, morreu em um acidente neste domingo (26). A v\u00edtima \u00e9 o serralheiro Gabriel de Jesus Firmino, de 28 anos, funcion\u00e1rio da empresa MG Coutinho Servi\u00e7os Cenogr\u00e1ficos. Ele foi prensado entre dois [&hellip;]<\/p>\n","protected":false},"author":117,"featured_media":68768,"comment_status":"closed","ping_status":"closed","sticky":false,"template":"","format":"standard","meta":{"_themeisle_gutenberg_block_has_review":false,"_jetpack_memberships_contains_paid_content":false,"footnotes":""},"categories":[2],"tags":[150],"class_list":{"0":"post-68767","1":"post","2":"type-post","3":"status-publish","4":"format-standard","5":"has-post-thumbnail","7":"category-brasil","8":"tag-brasil"},"jetpack_featured_media_url":"https:\/\/crajubaremacao.com.br\/wp-content\/uploads\/2026\/04\/movimentacao-dos-trabalhadores-para-a-retirada-da-vitima-dos-equipamentos-750x423-1.jpg","jetpack_sharing_enabled":true,"_links":{"self":[{"href":"https:\/\/crajubaremacao.com.br\/index.php?rest_route=\/wp\/v2\/posts\/68767","targetHints":{"allow":["GET"]}}],"collection":[{"href":"https:\/\/crajubaremacao.com.br\/index.php?rest_route=\/wp\/v2\/posts"}],"about":[{"href":"https:\/\/crajubaremacao.com.br\/index.php?rest_route=\/wp\/v2\/types\/post"}],"author":[{"embeddable":true,"href":"https:\/\/crajubaremacao.com.br\/index.php?rest_route=\/wp\/v2\/users\/117"}],"replies":[{"embeddable":true,"href":"https:\/\/crajubaremacao.com.br\/index.php?rest_route=%2Fwp%2Fv2%2Fcomments&post=68767"}],"version-history":[{"count":0,"href":"https:\/\/crajubaremacao.com.br\/index.php?rest_route=\/wp\/v2\/posts\/68767\/revisions"}],"wp:featuredmedia":[{"embeddable":true,"href":"https:\/\/crajubaremacao.com.br\/index.php?rest_route=\/wp\/v2\/media\/68768"}],"wp:attachment":[{"href":"https:\/\/crajubaremacao.com.br\/index.php?rest_route=%2Fwp%2Fv2%2Fmedia&parent=68767"}],"wp:term":[{"taxonomy":"category","embeddable":true,"href":"https:\/\/crajubaremacao.com.br\/index.php?rest_route=%2Fwp%2Fv2%2Fcategories&post=68767"},{"taxonomy":"post_tag","embeddable":true,"href":"https:\/\/crajubaremacao.com.br\/index.php?rest_route=%2Fwp%2Fv2%2Ftags&post=68767"}],"curies":[{"name":"wp","href":"https:\/\/api.w.org\/{rel}","templated":true}]}}