{"id":68769,"date":"2026-04-27T00:00:59","date_gmt":"2026-04-27T03:00:59","guid":{"rendered":"https:\/\/crajubaremacao.com.br\/?p=68769"},"modified":"2026-04-27T00:00:59","modified_gmt":"2026-04-27T03:00:59","slug":"dino-defende-pena-mais-rigorosa-em-casos-de-corrupcao-envolvendo-o-judiciario","status":"publish","type":"post","link":"https:\/\/crajubaremacao.com.br\/?p=68769","title":{"rendered":"Dino defende pena mais rigorosa em casos de corrup\u00e7\u00e3o envolvendo o Judici\u00e1rio"},"content":{"rendered":"<div>\n<div style=\"margin-bottom: 15px;\"><img decoding=\"async\" class=\"type:primaryImage\" src=\"https:\/\/jpimg.com.br\/uploads\/2025\/09\/54776184128_eee07c8c91_k-750x439.jpg\"><\/div>\n<p><?xml encoding=\"UTF-8\"><\/p>\n<div id=\"Corpo\">O ministro do Supremo Tribunal Federal (STF)<strong>\u00a0Fl\u00e1vio\u00a0Dino defendeu,<\/strong> em artigo publicado neste domingo (26) no <i>Correio Braziliense<\/i>, <strong>uma revis\u00e3o do C\u00f3digo Penal quanto a crimes no sistema de Justi\u00e7a,<\/strong> como corrup\u00e7\u00e3o, propondo penas mais altas, necessidade de regras pr\u00f3prias e r\u00e1pidas para afastamento e perda do cargo, e necessidade de responsabiliza\u00e7\u00e3o criminal quando da pr\u00e1tica que visa impedir \u201co bom funcionamento da Justi\u00e7a\u201d.<\/p>\n<p>No artigo, o ministro cita os cargos de \u201cju\u00edzes, procuradores, advogados (p\u00fablicos e privados), defensores, promotores, assessores, servidores do sistema de Justi\u00e7a em geral\u201d como <strong>exemplos que merecem um tratamento legal espec\u00edfico,<\/strong> defendendo que isso \u201cn\u00e3o se trata de ilus\u00e3o punitivista, e sim de usar os instrumentos proporcionais \u00e0 gravidade da situa\u00e7\u00e3o, \u00e0 relev\u00e2ncia do bem jur\u00eddico e \u00e0s condi\u00e7\u00f5es pr\u00f3prias dos profissionais do Direito, na medida em que \u00e9 evidentemente reprov\u00e1vel que um conhecedor e guardi\u00e3o da legalidade traia a sua toga ou beca\u201d.<\/p>\n<p>Tamb\u00e9m menciona que de 1993 \u2013 quando ingressou na magistratura federal em concurso p\u00fablico \u2013 para c\u00e1, a quantidade de casos de <strong>corrup\u00e7\u00e3o no sistema de Justi\u00e7a aumentou,<\/strong> os casos se tornaram mais graves, e houve um aumento na ostenta\u00e7\u00e3o de riqueza e poder por parte daqueles que cometem atos de improbidade administrativa.<\/p>\n<p>O ministro considera que \u00f3rg\u00e3os de controle, como o Conselho Nacional de Justi\u00e7a (CNJ), e atos normativos que estabelecem princ\u00edpios \u00e9ticos para carreiras do sistema da Justi\u00e7a \u201cseguem sendo importantes\u201d, mas ainda s\u00e3o insuficientes no combate \u00e0 corrup\u00e7\u00e3o.<\/p>\n<p>Assim, as penas ampliadas s\u00e3o defendidas em casos de \u201cpeculato, concuss\u00e3o, corrup\u00e7\u00e3o passiva, prevarica\u00e7\u00e3o, tr\u00e1fico de influ\u00eancia e corrup\u00e7\u00e3o ativa quando cometidos no \u00e2mbito do Sistema de Justi\u00e7a\u201d.<\/p>\n<p>No caso de cometimento de crime contra a Administra\u00e7\u00e3o da Justi\u00e7a,\u00a0<strong>Dino\u00a0defende que o recebimento da den\u00fancia deve impor o afastamento imediato do cargo<\/strong> do magistrado e dos membros do Minist\u00e9rio P\u00fablico, da Advocacia P\u00fablica, da Defensoria P\u00fablica e das assessorias. \u201cA condena\u00e7\u00e3o transitada em julgado, independentemente do tempo de pena privativa de liberdade imposto pelo julgador, deve gerar a perda autom\u00e1tica do cargo.\u201d<\/p>\n<p>J\u00e1 o \u201crecebimento de den\u00fancia contra advogado por cometimento de crime contra o sistema de Justi\u00e7a deve ensejar a suspens\u00e3o imediata da inscri\u00e7\u00e3o na Ordem do Advogados do Brasil e a condena\u00e7\u00e3o transitada em julgado deve implicar cancelamento definitivo da referida inscri\u00e7\u00e3o\u201d, acrescenta.<\/p>\n<\/div>\n<\/div>\n","protected":false},"excerpt":{"rendered":"<p>O ministro do Supremo Tribunal Federal (STF)\u00a0Fl\u00e1vio\u00a0Dino defendeu, em artigo publicado neste domingo (26) no Correio Braziliense, uma revis\u00e3o do C\u00f3digo Penal quanto a crimes no sistema de Justi\u00e7a, como corrup\u00e7\u00e3o, propondo penas mais altas, necessidade de regras pr\u00f3prias e r\u00e1pidas para afastamento e perda do cargo, e necessidade de responsabiliza\u00e7\u00e3o criminal quando da pr\u00e1tica [&hellip;]<\/p>\n","protected":false},"author":117,"featured_media":68770,"comment_status":"closed","ping_status":"closed","sticky":false,"template":"","format":"standard","meta":{"_themeisle_gutenberg_block_has_review":false,"_jetpack_memberships_contains_paid_content":false,"footnotes":""},"categories":[9],"tags":[129],"class_list":{"0":"post-68769","1":"post","2":"type-post","3":"status-publish","4":"format-standard","5":"has-post-thumbnail","7":"category-politica","8":"tag-politica"},"jetpack_featured_media_url":"https:\/\/crajubaremacao.com.br\/wp-content\/uploads\/2026\/04\/54776184128_eee07c8c91_k-750x439-1.jpg","jetpack_sharing_enabled":true,"_links":{"self":[{"href":"https:\/\/crajubaremacao.com.br\/index.php?rest_route=\/wp\/v2\/posts\/68769","targetHints":{"allow":["GET"]}}],"collection":[{"href":"https:\/\/crajubaremacao.com.br\/index.php?rest_route=\/wp\/v2\/posts"}],"about":[{"href":"https:\/\/crajubaremacao.com.br\/index.php?rest_route=\/wp\/v2\/types\/post"}],"author":[{"embeddable":true,"href":"https:\/\/crajubaremacao.com.br\/index.php?rest_route=\/wp\/v2\/users\/117"}],"replies":[{"embeddable":true,"href":"https:\/\/crajubaremacao.com.br\/index.php?rest_route=%2Fwp%2Fv2%2Fcomments&post=68769"}],"version-history":[{"count":0,"href":"https:\/\/crajubaremacao.com.br\/index.php?rest_route=\/wp\/v2\/posts\/68769\/revisions"}],"wp:featuredmedia":[{"embeddable":true,"href":"https:\/\/crajubaremacao.com.br\/index.php?rest_route=\/wp\/v2\/media\/68770"}],"wp:attachment":[{"href":"https:\/\/crajubaremacao.com.br\/index.php?rest_route=%2Fwp%2Fv2%2Fmedia&parent=68769"}],"wp:term":[{"taxonomy":"category","embeddable":true,"href":"https:\/\/crajubaremacao.com.br\/index.php?rest_route=%2Fwp%2Fv2%2Fcategories&post=68769"},{"taxonomy":"post_tag","embeddable":true,"href":"https:\/\/crajubaremacao.com.br\/index.php?rest_route=%2Fwp%2Fv2%2Ftags&post=68769"}],"curies":[{"name":"wp","href":"https:\/\/api.w.org\/{rel}","templated":true}]}}