{"id":68773,"date":"2026-04-27T03:10:27","date_gmt":"2026-04-27T06:10:27","guid":{"rendered":"https:\/\/crajubaremacao.com.br\/?p=68773"},"modified":"2026-04-27T03:10:27","modified_gmt":"2026-04-27T06:10:27","slug":"quatro-pessoas-sao-presas-suspeitas-de-integrar-quadrilha-especializada-em-furto-de-veiculos-em-fortaleza","status":"publish","type":"post","link":"https:\/\/crajubaremacao.com.br\/?p=68773","title":{"rendered":"Quatro pessoas s\u00e3o presas suspeitas de integrar quadrilha especializada em furto de ve\u00edculos, em Fortaleza"},"content":{"rendered":"<div><img decoding=\"async\" src=\"https:\/\/s2-g1.glbimg.com\/9OmtrZqTNeev8s2bTFucEpViZzI=\/i.s3.glbimg.com\/v1\/AUTH_59edd422c0c84a879bd37670ae4f538a\/internal_photos\/bs\/2026\/Y\/t\/iBfvNmQSKDVLoWKkcrGA\/veiculo-apreendido-depatri.jpg\"><br \/>     Pol\u00edcia prende quatro pessoas suspeitas de associa\u00e7\u00e3o criminosa especializada em furto de ve\u00edculos em Fortaleza<br \/>\nPol\u00edcia Civil do Cear\u00e1\/Divulga\u00e7\u00e3o<br \/>\nQuatro homens foram presos em Fortaleza, neste s\u00e1bado (25), por suspeita de envolvimento em uma associa\u00e7\u00e3o criminosa especializada no furto de ve\u00edculos. Os suspeitos foram detidos em flagrante no bairro Jo\u00e3o XXIII. Dois ve\u00edculos foram apreendidos.<br \/>\nDe acordo com a Pol\u00edcia Civil do Cear\u00e1, as buscas foram iniciadas depois que um ve\u00edculo foi furtado na sexta-feira (24). Durante a a\u00e7\u00e3o, este ve\u00edculo foi recuperado, al\u00e9m de um outro autom\u00f3vel utilizado pelos suspeitos.<br \/>\n&#x2705; Clique e siga o canal do g1 Cear\u00e1 no WhatsApp<br \/>\nOs presos s\u00e3o:<br \/>\nUm homem de 33 anos, com antecedentes criminais por homic\u00eddio doloso, inj\u00faria, tr\u00e1fico e uso de drogas, crimes de tr\u00e2nsito e contra a f\u00e9 p\u00fablica<br \/>\nUm homem de 45 anos, com antecedentes por roubo, tr\u00e1fico de drogas, amea\u00e7a, crimes de tr\u00e2nsito e porte ilegal de arma de fogo<br \/>\nUm homem de 28 anos, com antecedentes por tr\u00e1fico de drogas<br \/>\nUm homem de 22 anos<br \/>\nA identidade deles n\u00e3o foi divulgada. Os suspeitos foram levados para a 10\u00aa Delegacia de Pol\u00edcia Civil, onde foram autuados em flagrante pelos crimes de furto de ve\u00edculo e associa\u00e7\u00e3o criminosa.<br \/>\nO caso segue sendo investigado pela Delegacia de Roubos e Furtos de Ve\u00edculos. A a\u00e7\u00e3o contou com apoio tecnol\u00f3gico do N\u00facleo de Videomonitoramento (Nuvid), da Coordenadoria Integrada de Opera\u00e7\u00f5es de Seguran\u00e7a (Ciops).<br \/>\nV\u00eddeos em alta no g1<br \/>\nAssista aos v\u00eddeos mais vistos do Cear\u00e1:<\/div>\n","protected":false},"excerpt":{"rendered":"<p>Pol\u00edcia prende quatro pessoas suspeitas de associa\u00e7\u00e3o criminosa especializada em furto de ve\u00edculos em Fortaleza Pol\u00edcia Civil do Cear\u00e1\/Divulga\u00e7\u00e3o Quatro homens foram presos em Fortaleza, neste s\u00e1bado (25), por suspeita de envolvimento em uma associa\u00e7\u00e3o criminosa especializada no furto de ve\u00edculos. Os suspeitos foram detidos em flagrante no bairro Jo\u00e3o XXIII. Dois ve\u00edculos foram apreendidos. [&hellip;]<\/p>\n","protected":false},"author":264,"featured_media":68774,"comment_status":"closed","ping_status":"closed","sticky":false,"template":"","format":"standard","meta":{"_themeisle_gutenberg_block_has_review":false,"_jetpack_memberships_contains_paid_content":false,"footnotes":""},"categories":[4],"tags":[127,130],"class_list":{"0":"post-68773","1":"post","2":"type-post","3":"status-publish","4":"format-standard","5":"has-post-thumbnail","7":"category-regiao","8":"tag-cariri","9":"tag-ceara"},"jetpack_featured_media_url":"https:\/\/crajubaremacao.com.br\/wp-content\/uploads\/2026\/04\/veiculo-apreendido-depatri.jpg","jetpack_sharing_enabled":true,"_links":{"self":[{"href":"https:\/\/crajubaremacao.com.br\/index.php?rest_route=\/wp\/v2\/posts\/68773","targetHints":{"allow":["GET"]}}],"collection":[{"href":"https:\/\/crajubaremacao.com.br\/index.php?rest_route=\/wp\/v2\/posts"}],"about":[{"href":"https:\/\/crajubaremacao.com.br\/index.php?rest_route=\/wp\/v2\/types\/post"}],"author":[{"embeddable":true,"href":"https:\/\/crajubaremacao.com.br\/index.php?rest_route=\/wp\/v2\/users\/264"}],"replies":[{"embeddable":true,"href":"https:\/\/crajubaremacao.com.br\/index.php?rest_route=%2Fwp%2Fv2%2Fcomments&post=68773"}],"version-history":[{"count":0,"href":"https:\/\/crajubaremacao.com.br\/index.php?rest_route=\/wp\/v2\/posts\/68773\/revisions"}],"wp:featuredmedia":[{"embeddable":true,"href":"https:\/\/crajubaremacao.com.br\/index.php?rest_route=\/wp\/v2\/media\/68774"}],"wp:attachment":[{"href":"https:\/\/crajubaremacao.com.br\/index.php?rest_route=%2Fwp%2Fv2%2Fmedia&parent=68773"}],"wp:term":[{"taxonomy":"category","embeddable":true,"href":"https:\/\/crajubaremacao.com.br\/index.php?rest_route=%2Fwp%2Fv2%2Fcategories&post=68773"},{"taxonomy":"post_tag","embeddable":true,"href":"https:\/\/crajubaremacao.com.br\/index.php?rest_route=%2Fwp%2Fv2%2Ftags&post=68773"}],"curies":[{"name":"wp","href":"https:\/\/api.w.org\/{rel}","templated":true}]}}