{"id":68777,"date":"2026-04-27T03:10:46","date_gmt":"2026-04-27T06:10:46","guid":{"rendered":"https:\/\/crajubaremacao.com.br\/?p=68777"},"modified":"2026-04-27T03:10:46","modified_gmt":"2026-04-27T06:10:46","slug":"palmeiras-derrota-bragantino-para-manter-lideranca-no-brasileiro-flamengo-goleia-atletico-mg-por-4-a-0-em-belo-horizonte","status":"publish","type":"post","link":"https:\/\/crajubaremacao.com.br\/?p=68777","title":{"rendered":"Palmeiras derrota Bragantino para manter lideran\u00e7a no Brasileiro Flamengo goleia Atl\u00e9tico-MG por 4 a 0 em Belo Horizonte"},"content":{"rendered":"<div>\n<p>\u00a0<span style='background-color: white; color: #0c1a3d; font-family: \"Tipo Brasil Rounded\", Inter, sans-serif;'>O Palmeiras mostrou efici\u00eancia para derrotar o Bragantino por 1 a 0, na noite deste domingo (26) no Est\u00e1dio Municipal C\u00edcero de Souza Marques, em Bragan\u00e7a Paulista, para permanecer na lideran\u00e7a isolada do Campeonato Brasileiro.<\/span><img decoding=\"async\" src=\"https:\/\/agenciabrasil.ebc.com.br\/ebc.png?id=1687352&amp;o=node\" style='border: 0px; box-sizing: border-box; color: #0c1a3d; display: inline; font-family: \"Tipo Brasil Rounded\", Inter, sans-serif; height: 1px; margin: 0px; padding: 0px; width: 1px;'><img decoding=\"async\" src=\"https:\/\/agenciabrasil.ebc.com.br\/ebc.gif?id=1687352&amp;o=node\" style='border: 0px; box-sizing: border-box; color: #0c1a3d; display: inline; font-family: \"Tipo Brasil Rounded\", Inter, sans-serif; height: 1px; margin: 0px; padding: 0px; width: 1px;'><\/p>\n<div class=\"twitter-tweet twitter-tweet-rendered\" style='background-color: white; box-sizing: border-box; display: flex; font-family: \"Tipo Brasil Rounded\", Inter, sans-serif; margin: 10px 0px; max-width: 550px; padding: 0px; width: 400px;'><iframe allowfullscreen=\"true\" allowtransparency=\"true\" class=\"\" data-tweet-id=\"2048545307869221106\" frameborder=\"0\" id=\"twitter-widget-0\" scrolling=\"no\" src=\"https:\/\/platform.twitter.com\/embed\/Tweet.html?creatorScreenName=agenciabrasil&amp;dnt=false&amp;embedId=twitter-widget-0&amp;features=eyJ0ZndfdGltZWxpbmVfbGlzdCI6eyJidWNrZXQiOltdLCJ2ZXJzaW9uIjpudWxsfSwidGZ3X2ZvbGxvd2VyX2NvdW50X3N1bnNldCI6eyJidWNrZXQiOnRydWUsInZlcnNpb24iOm51bGx9LCJ0ZndfdHdlZXRfZWRpdF9iYWNrZW5kIjp7ImJ1Y2tldCI6Im9uIiwidmVyc2lvbiI6bnVsbH0sInRmd19yZWZzcmNfc2Vzc2lvbiI6eyJidWNrZXQiOiJvbiIsInZlcnNpb24iOm51bGx9LCJ0ZndfZm9zbnJfc29mdF9pbnRlcnZlbnRpb25zX2VuYWJsZWQiOnsiYnVja2V0Ijoib24iLCJ2ZXJzaW9uIjpudWxsfSwidGZ3X21peGVkX21lZGlhXzE1ODk3Ijp7ImJ1Y2tldCI6InRyZWF0bWVudCIsInZlcnNpb24iOm51bGx9LCJ0ZndfZXhwZXJpbWVudHNfY29va2llX2V4cGlyYXRpb24iOnsiYnVja2V0IjoxMjA5NjAwLCJ2ZXJzaW9uIjpudWxsfSwidGZ3X3Nob3dfYmlyZHdhdGNoX3Bpdm90c19lbmFibGVkIjp7ImJ1Y2tldCI6Im9uIiwidmVyc2lvbiI6bnVsbH0sInRmd19kdXBsaWNhdGVfc2NyaWJlc190b19zZXR0aW5ncyI6eyJidWNrZXQiOiJvbiIsInZlcnNpb24iOm51bGx9LCJ0ZndfdXNlX3Byb2ZpbGVfaW1hZ2Vfc2hhcGVfZW5hYmxlZCI6eyJidWNrZXQiOiJvbiIsInZlcnNpb24iOm51bGx9LCJ0ZndfdmlkZW9faGxzX2R5bmFtaWNfbWFuaWZlc3RzXzE1MDgyIjp7ImJ1Y2tldCI6InRydWVfYml0cmF0ZSIsInZlcnNpb24iOm51bGx9LCJ0ZndfbGVnYWN5X3RpbWVsaW5lX3N1bnNldCI6eyJidWNrZXQiOnRydWUsInZlcnNpb24iOm51bGx9LCJ0ZndfdHdlZXRfZWRpdF9mcm9udGVuZCI6eyJidWNrZXQiOiJvbiIsInZlcnNpb24iOm51bGx9fQ%3D%3D&amp;frame=false&amp;hideCard=false&amp;hideThread=false&amp;id=2048545307869221106&amp;lang=pt&amp;origin=https%3A%2F%2Fagenciabrasil.ebc.com.br%2Fesportes%2Fnoticia%2F2026-04%2Fpalmeiras-derrota-bragantino-para-manter-lideranca-no-brasileiro&amp;sessionId=4c5521a01469b8b33ab8e88dd062178d2b2daf96&amp;siteScreenName=agenciabrasil&amp;theme=light&amp;widgetsVersion=2615f7e52b7e0%3A1702314776716&amp;width=550px\" style=\"box-sizing: border-box; display: block; flex-grow: 1; height: 870px; margin: 0px; padding: 0px; position: static; visibility: visible; width: 400px;\" title=\"X Post\"><\/iframe><\/div>\n<p style='background-color: white; box-sizing: border-box; color: #0c1a3d; font-family: \"Tipo Brasil Rounded\", Inter, sans-serif; line-height: 1.5; margin: 1.3rem 0px 0px; padding: 0px;'>Gra\u00e7as aos tr\u00eas pontos somados fora de casa, o Verd\u00e3o chegou aos 32 pontos na 13\u00aa rodada da competi\u00e7\u00e3o. J\u00e1 para o Massa Bruta o rev\u00e9s representou permanecer com 17 pontos, na 9\u00aa coloca\u00e7\u00e3o da classifica\u00e7\u00e3o.<\/p>\n<p style='background-color: white; box-sizing: border-box; color: #0c1a3d; font-family: \"Tipo Brasil Rounded\", Inter, sans-serif; line-height: 1.5; margin: 1.3rem 0px 0px; padding: 0px;'>Em um confronto muito parelho, a vit\u00f3ria da equipe comandada pelo t\u00e9cnico portugu\u00eas Abel Ferreira foi garantida gra\u00e7as a gol do argentino Flaco L\u00f3pez aos 20 minutos do primeiro tempo ap\u00f3s jogada de muita ra\u00e7a do atacante paraguaio Ram\u00f3n Sosa.<\/p>\n<p style='background-color: white; box-sizing: border-box; color: #0c1a3d; font-family: \"Tipo Brasil Rounded\", Inter, sans-serif; line-height: 1.5; margin: 1.3rem 0px 0px; padding: 0px;'>J\u00e1 a vice-lideran\u00e7a do Brasileiro continua sendo ocupada pelo Flamengo, que, atuando em Belo Horizonte, superou o Atl\u00e9tico-MG por 4 a 0 com gols de Arrascaeta, Plata e Pedro (dois). Com o resultado o\u00a0Rubro-Negro alcan\u00e7ou os 26 pontos. Com o rev\u00e9s em casa, o Galo fica na 15\u00aa posi\u00e7\u00e3o com 14 pontos.<\/p>\n<div class=\"twitter-tweet twitter-tweet-rendered\" style='background-color: white; box-sizing: border-box; display: flex; font-family: \"Tipo Brasil Rounded\", Inter, sans-serif; margin: 10px 0px; max-width: 550px; padding: 0px; width: 400px;'><iframe allowfullscreen=\"true\" allowtransparency=\"true\" class=\"\" data-tweet-id=\"2048574152655745373\" frameborder=\"0\" id=\"twitter-widget-1\" scrolling=\"no\" src=\"https:\/\/platform.twitter.com\/embed\/Tweet.html?creatorScreenName=agenciabrasil&amp;dnt=false&amp;embedId=twitter-widget-1&amp;features=eyJ0ZndfdGltZWxpbmVfbGlzdCI6eyJidWNrZXQiOltdLCJ2ZXJzaW9uIjpudWxsfSwidGZ3X2ZvbGxvd2VyX2NvdW50X3N1bnNldCI6eyJidWNrZXQiOnRydWUsInZlcnNpb24iOm51bGx9LCJ0ZndfdHdlZXRfZWRpdF9iYWNrZW5kIjp7ImJ1Y2tldCI6Im9uIiwidmVyc2lvbiI6bnVsbH0sInRmd19yZWZzcmNfc2Vzc2lvbiI6eyJidWNrZXQiOiJvbiIsInZlcnNpb24iOm51bGx9LCJ0ZndfZm9zbnJfc29mdF9pbnRlcnZlbnRpb25zX2VuYWJsZWQiOnsiYnVja2V0Ijoib24iLCJ2ZXJzaW9uIjpudWxsfSwidGZ3X21peGVkX21lZGlhXzE1ODk3Ijp7ImJ1Y2tldCI6InRyZWF0bWVudCIsInZlcnNpb24iOm51bGx9LCJ0ZndfZXhwZXJpbWVudHNfY29va2llX2V4cGlyYXRpb24iOnsiYnVja2V0IjoxMjA5NjAwLCJ2ZXJzaW9uIjpudWxsfSwidGZ3X3Nob3dfYmlyZHdhdGNoX3Bpdm90c19lbmFibGVkIjp7ImJ1Y2tldCI6Im9uIiwidmVyc2lvbiI6bnVsbH0sInRmd19kdXBsaWNhdGVfc2NyaWJlc190b19zZXR0aW5ncyI6eyJidWNrZXQiOiJvbiIsInZlcnNpb24iOm51bGx9LCJ0ZndfdXNlX3Byb2ZpbGVfaW1hZ2Vfc2hhcGVfZW5hYmxlZCI6eyJidWNrZXQiOiJvbiIsInZlcnNpb24iOm51bGx9LCJ0ZndfdmlkZW9faGxzX2R5bmFtaWNfbWFuaWZlc3RzXzE1MDgyIjp7ImJ1Y2tldCI6InRydWVfYml0cmF0ZSIsInZlcnNpb24iOm51bGx9LCJ0ZndfbGVnYWN5X3RpbWVsaW5lX3N1bnNldCI6eyJidWNrZXQiOnRydWUsInZlcnNpb24iOm51bGx9LCJ0ZndfdHdlZXRfZWRpdF9mcm9udGVuZCI6eyJidWNrZXQiOiJvbiIsInZlcnNpb24iOm51bGx9fQ%3D%3D&amp;frame=false&amp;hideCard=false&amp;hideThread=false&amp;id=2048574152655745373&amp;lang=pt&amp;origin=https%3A%2F%2Fagenciabrasil.ebc.com.br%2Fesportes%2Fnoticia%2F2026-04%2Fpalmeiras-derrota-bragantino-para-manter-lideranca-no-brasileiro&amp;sessionId=4c5521a01469b8b33ab8e88dd062178d2b2daf96&amp;siteScreenName=agenciabrasil&amp;theme=light&amp;widgetsVersion=2615f7e52b7e0%3A1702314776716&amp;width=550px\" style=\"box-sizing: border-box; display: block; flex-grow: 1; height: 892px; margin: 0px; padding: 0px; position: static; visibility: visible; width: 400px;\" title=\"X Post\"><\/iframe><\/div>\n<p style='background-color: white; box-sizing: border-box; color: #0c1a3d; font-family: \"Tipo Brasil Rounded\", Inter, sans-serif; line-height: 1.5; margin: 1.3rem 0px 0px; padding: 0px;'>Com a mesma pontua\u00e7\u00e3o, mas ocupando a terceira coloca\u00e7\u00e3o, o Fluminense superou a lanterna Chapecoense por 2 a 1 no est\u00e1dio do Maracan\u00e3 gra\u00e7as ao faro de gol do atacante John Kennedy. O Tricolor das Laranjeiras abriu o placar com Savarino em cobran\u00e7a de p\u00eanalti, mas a Chape igualou com um belo chute de longa dist\u00e2ncia de \u00canio. E quando tudo indicava que o confronto terminaria em igualdade, o camisa nove do Flu decidiu a partida.<\/p>\n<div class=\"twitter-tweet twitter-tweet-rendered\" style='background-color: white; box-sizing: border-box; display: flex; font-family: \"Tipo Brasil Rounded\", Inter, sans-serif; margin: 10px 0px; max-width: 550px; padding: 0px; width: 400px;'><iframe allowfullscreen=\"true\" allowtransparency=\"true\" class=\"\" data-tweet-id=\"2048574967885824032\" frameborder=\"0\" id=\"twitter-widget-2\" scrolling=\"no\" src=\"https:\/\/platform.twitter.com\/embed\/Tweet.html?creatorScreenName=agenciabrasil&amp;dnt=false&amp;embedId=twitter-widget-2&amp;features=eyJ0ZndfdGltZWxpbmVfbGlzdCI6eyJidWNrZXQiOltdLCJ2ZXJzaW9uIjpudWxsfSwidGZ3X2ZvbGxvd2VyX2NvdW50X3N1bnNldCI6eyJidWNrZXQiOnRydWUsInZlcnNpb24iOm51bGx9LCJ0ZndfdHdlZXRfZWRpdF9iYWNrZW5kIjp7ImJ1Y2tldCI6Im9uIiwidmVyc2lvbiI6bnVsbH0sInRmd19yZWZzcmNfc2Vzc2lvbiI6eyJidWNrZXQiOiJvbiIsInZlcnNpb24iOm51bGx9LCJ0ZndfZm9zbnJfc29mdF9pbnRlcnZlbnRpb25zX2VuYWJsZWQiOnsiYnVja2V0Ijoib24iLCJ2ZXJzaW9uIjpudWxsfSwidGZ3X21peGVkX21lZGlhXzE1ODk3Ijp7ImJ1Y2tldCI6InRyZWF0bWVudCIsInZlcnNpb24iOm51bGx9LCJ0ZndfZXhwZXJpbWVudHNfY29va2llX2V4cGlyYXRpb24iOnsiYnVja2V0IjoxMjA5NjAwLCJ2ZXJzaW9uIjpudWxsfSwidGZ3X3Nob3dfYmlyZHdhdGNoX3Bpdm90c19lbmFibGVkIjp7ImJ1Y2tldCI6Im9uIiwidmVyc2lvbiI6bnVsbH0sInRmd19kdXBsaWNhdGVfc2NyaWJlc190b19zZXR0aW5ncyI6eyJidWNrZXQiOiJvbiIsInZlcnNpb24iOm51bGx9LCJ0ZndfdXNlX3Byb2ZpbGVfaW1hZ2Vfc2hhcGVfZW5hYmxlZCI6eyJidWNrZXQiOiJvbiIsInZlcnNpb24iOm51bGx9LCJ0ZndfdmlkZW9faGxzX2R5bmFtaWNfbWFuaWZlc3RzXzE1MDgyIjp7ImJ1Y2tldCI6InRydWVfYml0cmF0ZSIsInZlcnNpb24iOm51bGx9LCJ0ZndfbGVnYWN5X3RpbWVsaW5lX3N1bnNldCI6eyJidWNrZXQiOnRydWUsInZlcnNpb24iOm51bGx9LCJ0ZndfdHdlZXRfZWRpdF9mcm9udGVuZCI6eyJidWNrZXQiOiJvbiIsInZlcnNpb24iOm51bGx9fQ%3D%3D&amp;frame=false&amp;hideCard=false&amp;hideThread=false&amp;id=2048574967885824032&amp;lang=pt&amp;origin=https%3A%2F%2Fagenciabrasil.ebc.com.br%2Fesportes%2Fnoticia%2F2026-04%2Fpalmeiras-derrota-bragantino-para-manter-lideranca-no-brasileiro&amp;sessionId=4c5521a01469b8b33ab8e88dd062178d2b2daf96&amp;siteScreenName=agenciabrasil&amp;theme=light&amp;widgetsVersion=2615f7e52b7e0%3A1702314776716&amp;width=550px\" style=\"box-sizing: border-box; display: block; flex-grow: 1; height: 819px; margin: 0px; padding: 0px; position: static; visibility: visible; width: 400px;\" title=\"X Post\"><\/iframe><\/div>\n<h2 style='background-color: white; box-sizing: border-box; color: #0c1a3d; font-family: \"Tipo Brasil Rounded\", Inter, sans-serif; margin: 1.25em 0px 0px; padding: 0px;'>Outros resultados:<\/h2>\n<p style='background-color: white; box-sizing: border-box; color: #0c1a3d; font-family: \"Tipo Brasil Rounded\", Inter, sans-serif; line-height: 1.5; margin: 1.3rem 0px 0px; padding: 0px;'>Corinthians 1 x 0 Vasco<br style=\"box-sizing: border-box; margin: 0px; padding: 0px;\">Gr\u00eamio 1 x 0 Coritiba<br style=\"box-sizing: border-box; margin: 0px; padding: 0px;\">Athletico-PR 3 x 1 Vit\u00f3ria<\/p>\n<\/div>\n","protected":false},"excerpt":{"rendered":"<p>\u00a0O Palmeiras mostrou efici\u00eancia para derrotar o Bragantino por 1 a 0, na noite deste domingo (26) no Est\u00e1dio Municipal C\u00edcero de Souza Marques, em Bragan\u00e7a Paulista, para permanecer na lideran\u00e7a isolada do Campeonato Brasileiro. Gra\u00e7as aos tr\u00eas pontos somados fora de casa, o Verd\u00e3o chegou aos 32 pontos na 13\u00aa rodada da competi\u00e7\u00e3o. J\u00e1 [&hellip;]<\/p>\n","protected":false},"author":88,"featured_media":0,"comment_status":"closed","ping_status":"closed","sticky":false,"template":"","format":"standard","meta":{"_themeisle_gutenberg_block_has_review":false,"_jetpack_memberships_contains_paid_content":false,"footnotes":""},"categories":[4],"tags":[127,130],"class_list":{"0":"post-68777","1":"post","2":"type-post","3":"status-publish","4":"format-standard","6":"category-regiao","7":"tag-cariri","8":"tag-ceara"},"jetpack_featured_media_url":"","jetpack_sharing_enabled":true,"_links":{"self":[{"href":"https:\/\/crajubaremacao.com.br\/index.php?rest_route=\/wp\/v2\/posts\/68777","targetHints":{"allow":["GET"]}}],"collection":[{"href":"https:\/\/crajubaremacao.com.br\/index.php?rest_route=\/wp\/v2\/posts"}],"about":[{"href":"https:\/\/crajubaremacao.com.br\/index.php?rest_route=\/wp\/v2\/types\/post"}],"author":[{"embeddable":true,"href":"https:\/\/crajubaremacao.com.br\/index.php?rest_route=\/wp\/v2\/users\/88"}],"replies":[{"embeddable":true,"href":"https:\/\/crajubaremacao.com.br\/index.php?rest_route=%2Fwp%2Fv2%2Fcomments&post=68777"}],"version-history":[{"count":0,"href":"https:\/\/crajubaremacao.com.br\/index.php?rest_route=\/wp\/v2\/posts\/68777\/revisions"}],"wp:attachment":[{"href":"https:\/\/crajubaremacao.com.br\/index.php?rest_route=%2Fwp%2Fv2%2Fmedia&parent=68777"}],"wp:term":[{"taxonomy":"category","embeddable":true,"href":"https:\/\/crajubaremacao.com.br\/index.php?rest_route=%2Fwp%2Fv2%2Fcategories&post=68777"},{"taxonomy":"post_tag","embeddable":true,"href":"https:\/\/crajubaremacao.com.br\/index.php?rest_route=%2Fwp%2Fv2%2Ftags&post=68777"}],"curies":[{"name":"wp","href":"https:\/\/api.w.org\/{rel}","templated":true}]}}