{"id":68788,"date":"2026-04-27T12:04:17","date_gmt":"2026-04-27T15:04:17","guid":{"rendered":"https:\/\/crajubaremacao.com.br\/?p=68788"},"modified":"2026-04-27T12:04:17","modified_gmt":"2026-04-27T15:04:17","slug":"jogos-universitarios-acabam-em-agressao-e-risco-de-incendio-no-interior-de-sao-paulo","status":"publish","type":"post","link":"https:\/\/crajubaremacao.com.br\/?p=68788","title":{"rendered":"Jogos universit\u00e1rios acabam em agress\u00e3o e risco de inc\u00eandio no interior de S\u00e3o Paulo"},"content":{"rendered":"<div>\n<div style=\"margin-bottom: 15px;\"><img decoding=\"async\" class=\"type:primaryImage\" src=\"https:\/\/crajubaremacao.com.br\/wp-content\/uploads\/2026\/04\/oi-gente-passando-para-dizer-que-estou-bem-recebi-alta-hoje-da-uti-e-agora-estou-no-quarto-e-479x500-1.jpg\"><\/div>\n<p><?xml encoding=\"UTF-8\"><\/p>\n<p>Os jogos universit\u00e1rios conhecidos como <strong>\u201cEconom\u00edadas\u201d, realizados em <span class=\"hover:entity-accent entity-underline inline cursor-pointer align-baseline\"><span class=\"whitespace-normal\">S\u00e3o Carlos, no interior de S\u00e3o Paulo, <\/span><\/span>terminaram em confus\u00e3o no \u00faltimo dia 21,<\/strong> com registro de agress\u00f5es contra o promotor do evento e um princ\u00edpio de inc\u00eandio causado pelo uso de sinalizador dentro do gin\u00e1sio.<\/p>\n<p><strong>Cada uma das ocorr\u00eancias gerou uma multa de R$ 20 mil para a ag\u00eancia Criativa,<\/strong> respons\u00e1vel pela organiza\u00e7\u00e3o da festa universit\u00e1ria, imposta pela prefeitura.<\/p>\n<p><strong>Clovis Roberto de Le\u00e3o, de 28 anos, diz que foi agredido por tr\u00eas estudantes da Universidade Presbiteriana Mackenzie<\/strong> ap\u00f3s defender sua amiga, que teria sido ofendida por eles.<\/p>\n<p>De acordo com outra amiga do promotor e influenciador, um dos estudantes se aproximou da amiga de Clovis, causando empurr\u00f5es e na retirada do estudante do local por seguran\u00e7as da festa. Do lado de fora do evento, ele e outros alunos voltaram a provocar o influenciador.<\/p>\n<div id=\"chunk-438jl\">\n<div class=\"mc-column content-text active-extra-styles \" data-block-type=\"unstyled\" data-block-weight=\"35\" data-block-id=\"23\">\n<p class=\" content-text__container \" data-track-category=\"Link no Texto\" data-track-links=\"\" data-mrf-recirculation=\"Mat\u00e9ria - Links no Texto\"><strong>Ainda segundo a testemunha, Cl\u00f3vis foi cercado e agredido por cerca de quatro pessoas.<\/strong> A Universidade Presbiteriana Mackenzie informou, em nota, que repudia qualquer ato de viol\u00eancia e que apura o caso.<\/p>\n<\/div>\n<\/div>\n<p><strong>Clovis foi internado na UTI da Santa Casa de S\u00e3o Carlos ap\u00f3s sofrer uma convuls\u00e3o ao chegar em casa.<\/strong> O promotor recebeu alta na quinta-feira (23), por\u00e9m, foi novamente internado no s\u00e1bado (25), devido a uma infec\u00e7\u00e3o.<\/p>\n<h2>Princ\u00edpio de inc\u00eandio<\/h2>\n<p>Na segunda-feira (20), durante uma partida de basquete da Econom\u00edadas, <strong>um aluno da Funda\u00e7\u00e3o Getulio Vargas (FGV) lan\u00e7ou um sinalizador na arquibancada,<\/strong> o que levou outros artefatos do mesmo tipo, que estavam em uma caixa, a entrarem em combust\u00e3o. O gin\u00e1sio do Santa Felicia ficou infestado de fuma\u00e7a.<\/p>\n<p><strong>O local foi evacuado imediatamente e n\u00e3o houve\u00a0 registro de feridos, segundo a prefeitura de S\u00e3o Carlos.<\/strong><\/p>\n<p><strong>Ap\u00f3s o caos, a Criativa foi multada em R$ 40 mil e tem um prazo de 10 dias para apresentar sua defesa.<\/strong><\/p>\n<p><strong>A ag\u00eancia se pronunciou por meio de uma nota em seu instagram.<\/strong> \u201cA organiza\u00e7\u00e3o do Econom\u00edadas manifesta profunda solidariedade ao nosso amigo promotor Clovis Roberto de Le\u00e3o, bem como a seus familiares e amigos, desejando sua plena e r\u00e1pida recupera\u00e7\u00e3o. Reiteramos nosso rep\u00fadio veemente a qualquer forma de viol\u00eancia\u201d, disse a Criativa.<\/p>\n<p>A organiza\u00e7\u00e3o do Econom\u00edadas tamb\u00e9m informou que instaurou apura\u00e7\u00e3o interna para o \u201ccompleto esclarecimento dos fatos\u201d e permanece \u00e0 disposi\u00e7\u00e3o para colaborar com as investiga\u00e7\u00f5es.<\/p>\n<p>A <strong>Jovem Pan<\/strong> tenta contato com a Pol\u00edcia Civil sobre o caso. As universidades Mackenzie e FGV tamb\u00e9m foram procuradas para envio de posicionamento. Se houver resposta, o texto ser\u00e1 atualizado.<\/p>\n<blockquote class=\"instagram-media\" style=\"background: #FFF; border: 0; border-radius: 3px; box-shadow: 0 0 1px 0 rgba(0,0,0,0.5),0 1px 10px 0 rgba(0,0,0,0.15); margin: 1px; max-width: 540px; min-width: 326px; padding: 0; width: calc(100% - 2px);\" data-instgrm-captioned=\"\" data-instgrm-permalink=\"https:\/\/www.instagram.com\/p\/DXaOq6ilg24\/?utm_source=ig_embed&amp;utm_campaign=loading\" data-instgrm-version=\"14\">\n<div style=\"padding: 16px;\">\n\u00a0<\/p>\n<div style=\"display: flex; flex-direction: row; align-items: center;\">\n<div style=\"background-color: #f4f4f4; border-radius: 50%; flex-grow: 0; height: 40px; margin-right: 14px; width: 40px;\"><\/div>\n<div style=\"display: flex; flex-direction: column; flex-grow: 1; justify-content: center;\">\n<div style=\"background-color: #f4f4f4; border-radius: 4px; flex-grow: 0; height: 14px; margin-bottom: 6px; width: 100px;\"><\/div>\n<div style=\"background-color: #f4f4f4; border-radius: 4px; flex-grow: 0; height: 14px; width: 60px;\"><\/div>\n<\/div>\n<\/div>\n<div style=\"padding: 19% 0;\"><\/div>\n<div style=\"display: block; height: 50px; margin: 0 auto 12px; width: 50px;\"><\/div>\n<div style=\"padding-top: 8px;\">\n<div style=\"color: #3897f0; font-family: Arial,sans-serif; font-size: 14px; font-style: normal; font-weight: 550; line-height: 18px;\">Ver essa foto no Instagram<\/div>\n<\/div>\n<div style=\"padding: 12.5% 0;\"><\/div>\n<div style=\"display: flex; flex-direction: row; margin-bottom: 14px; align-items: center;\">\n<div>\n<div style=\"background-color: #f4f4f4; border-radius: 50%; height: 12.5px; width: 12.5px; transform: translateX(0px) translateY(7px);\"><\/div>\n<div style=\"background-color: #f4f4f4; height: 12.5px; transform: rotate(-45deg) translateX(3px) translateY(1px); width: 12.5px; flex-grow: 0; margin-right: 14px; margin-left: 2px;\"><\/div>\n<div style=\"background-color: #f4f4f4; border-radius: 50%; height: 12.5px; width: 12.5px; transform: translateX(9px) translateY(-18px);\"><\/div>\n<\/div>\n<div style=\"margin-left: 8px;\">\n<div style=\"background-color: #f4f4f4; border-radius: 50%; flex-grow: 0; height: 20px; width: 20px;\"><\/div>\n<div style=\"width: 0; height: 0; border-top: 2px solid transparent; border-left: 6px solid #f4f4f4; border-bottom: 2px solid transparent; transform: translateX(16px) translateY(-4px) rotate(30deg);\"><\/div>\n<\/div>\n<div style=\"margin-left: auto;\">\n<div style=\"width: 0px; border-top: 8px solid #F4F4F4; border-right: 8px solid transparent; transform: translateY(16px);\"><\/div>\n<div style=\"background-color: #f4f4f4; flex-grow: 0; height: 12px; width: 16px; transform: translateY(-4px);\"><\/div>\n<div style=\"width: 0; height: 0; border-top: 8px solid #F4F4F4; border-left: 8px solid transparent; transform: translateY(-4px) translateX(8px);\"><\/div>\n<\/div>\n<\/div>\n<div style=\"display: flex; flex-direction: column; flex-grow: 1; justify-content: center; margin-bottom: 24px;\">\n<div style=\"background-color: #f4f4f4; border-radius: 4px; flex-grow: 0; height: 14px; margin-bottom: 6px; width: 224px;\"><\/div>\n<div style=\"background-color: #f4f4f4; border-radius: 4px; flex-grow: 0; height: 14px; width: 144px;\"><\/div>\n<\/div>\n<p>\u00a0<br \/>\nUm post compartilhado por Economiadas (@oeconomiadas)\n<\/p><\/div>\n<\/blockquote>\n<p><script async src=\"\/\/www.instagram.com\/embed.js\"><\/script><\/p>\n<\/div>\n","protected":false},"excerpt":{"rendered":"<p>Os jogos universit\u00e1rios conhecidos como \u201cEconom\u00edadas\u201d, realizados em S\u00e3o Carlos, no interior de S\u00e3o Paulo, terminaram em confus\u00e3o no \u00faltimo dia 21, com registro de agress\u00f5es contra o promotor do evento e um princ\u00edpio de inc\u00eandio causado pelo uso de sinalizador dentro do gin\u00e1sio. Cada uma das ocorr\u00eancias gerou uma multa de R$ 20 mil [&hellip;]<\/p>\n","protected":false},"author":117,"featured_media":68789,"comment_status":"closed","ping_status":"closed","sticky":false,"template":"","format":"standard","meta":{"_themeisle_gutenberg_block_has_review":false,"_jetpack_memberships_contains_paid_content":false,"footnotes":""},"categories":[2],"tags":[150],"class_list":{"0":"post-68788","1":"post","2":"type-post","3":"status-publish","4":"format-standard","5":"has-post-thumbnail","7":"category-brasil","8":"tag-brasil"},"jetpack_featured_media_url":"https:\/\/crajubaremacao.com.br\/wp-content\/uploads\/2026\/04\/oi-gente-passando-para-dizer-que-estou-bem-recebi-alta-hoje-da-uti-e-agora-estou-no-quarto-e-479x500-1.jpg","jetpack_sharing_enabled":true,"_links":{"self":[{"href":"https:\/\/crajubaremacao.com.br\/index.php?rest_route=\/wp\/v2\/posts\/68788","targetHints":{"allow":["GET"]}}],"collection":[{"href":"https:\/\/crajubaremacao.com.br\/index.php?rest_route=\/wp\/v2\/posts"}],"about":[{"href":"https:\/\/crajubaremacao.com.br\/index.php?rest_route=\/wp\/v2\/types\/post"}],"author":[{"embeddable":true,"href":"https:\/\/crajubaremacao.com.br\/index.php?rest_route=\/wp\/v2\/users\/117"}],"replies":[{"embeddable":true,"href":"https:\/\/crajubaremacao.com.br\/index.php?rest_route=%2Fwp%2Fv2%2Fcomments&post=68788"}],"version-history":[{"count":0,"href":"https:\/\/crajubaremacao.com.br\/index.php?rest_route=\/wp\/v2\/posts\/68788\/revisions"}],"wp:featuredmedia":[{"embeddable":true,"href":"https:\/\/crajubaremacao.com.br\/index.php?rest_route=\/wp\/v2\/media\/68789"}],"wp:attachment":[{"href":"https:\/\/crajubaremacao.com.br\/index.php?rest_route=%2Fwp%2Fv2%2Fmedia&parent=68788"}],"wp:term":[{"taxonomy":"category","embeddable":true,"href":"https:\/\/crajubaremacao.com.br\/index.php?rest_route=%2Fwp%2Fv2%2Fcategories&post=68788"},{"taxonomy":"post_tag","embeddable":true,"href":"https:\/\/crajubaremacao.com.br\/index.php?rest_route=%2Fwp%2Fv2%2Ftags&post=68788"}],"curies":[{"name":"wp","href":"https:\/\/api.w.org\/{rel}","templated":true}]}}