{"id":68796,"date":"2026-04-27T15:02:15","date_gmt":"2026-04-27T18:02:15","guid":{"rendered":"https:\/\/crajubaremacao.com.br\/?p=68796"},"modified":"2026-04-27T15:02:15","modified_gmt":"2026-04-27T18:02:15","slug":"modric-sofre-duas-fraturas-no-rosto-e-preocupa-a-croacia-para-a-copa","status":"publish","type":"post","link":"https:\/\/crajubaremacao.com.br\/?p=68796","title":{"rendered":"Modric sofre duas fraturas no rosto e preocupa a Cro\u00e1cia para a Copa"},"content":{"rendered":"<div>\n<div style=\"margin-bottom: 15px;\"><img decoding=\"async\" class=\"type:primaryImage\" src=\"https:\/\/jpimg.com.br\/uploads\/2026\/04\/snapinsta.to_670585946_18590085343007234_2562428061654657096_n-750x450.jpg\"><\/div>\n<p><?xml encoding=\"UTF-8\"><\/p>\n<p>Os problemas de<strong> contus\u00e3o para a Copa do Mundo<\/strong> do Canad\u00e1, Estados Unidos e M\u00e9xico<strong> parecem sem fim<\/strong>. E mais uma sele\u00e7\u00e3o mostra preocupa\u00e7\u00e3o com um de seus principais jogadores, restando pouco mais de 40 dias para a largada da competi\u00e7\u00e3o. Astro da Cro\u00e1cia, o meia <strong>Luka Modric sofreu duas fraturas no rosto<\/strong> e est\u00e1 fora da temporada no Milan.<\/p>\n<p>O time de Mil\u00e3o e a Juventus disputavam cl\u00e1ssico acirrado pelas primeiras coloca\u00e7\u00f5es do Campeonato Italiano neste domingo quando, ap\u00f3s uma disputa pelo alto na intermedi\u00e1ria, <strong>Modric e Locatelli se chocaram fortemente de cabe\u00e7a<\/strong>.<\/p>\n<p>Ambos foram ao ch\u00e3o e o croata precisou ser substitu\u00eddo pelo protocolo de concuss\u00e3o. Saiu de campo grogue e exames nesta segunda-feira constataram duas fraturas no osso zigom\u00e1tico (ma\u00e7\u00e3 do rosto), <strong>antecipando o fim da temporada para o experiente meia de 40 anos<\/strong>.<\/p>\n<p>\u201cModric me disse: \u2018Sua cabe\u00e7a \u00e9 dura. Eu disse a ele: \u2018a sua tamb\u00e9m&#8217;\u201d, afirmou Locatelli ap\u00f3s a partida, revelando que pediu desculpas ao rival de 38 anos. \u201cColidimos forte, isso \u00e9 claro. Sinto muito por isso acontecer com qualquer jogador, mas um campe\u00e3o como ele sair de uma partida dessa forma \u00e9 lament\u00e1vel para todos. Estou triste por isso e j\u00e1 me desculpei com ele\u201d, revelou o defensor. \u201cEspero que se recupere o mais r\u00e1pido poss\u00edvel e, no final, que seja apenas um hematoma. Tenho todo respeito por ele.\u201d<\/p>\n<p>Infelizmente para Modric, n\u00e3o foi apenas o hematoma previsto por Locatelli. E sua <strong>presen\u00e7a na Copa do Mundo \u00e9 incerta por causa da fragilidade do setor atingido<\/strong>. Os croatas devem utilizar uma m\u00e1scara especial de prote\u00e7\u00e3o para o armador jogar na Copa.<\/p>\n<p>A Cro\u00e1cia est\u00e1 no Grupo L do Mundial, ao lado da forte Inglaterra, advers\u00e1ria da estreia, dia 17 de junho, al\u00e9m de Panam\u00e1 (rival do dia 23) e Gana (se enfrentam no dia 27). Apontada como forte candidata \u00e0 vaga junto dos ingleses, os croatas poderiam poupar Modric em algum jogo da primeira fase por \u201cpreven\u00e7\u00e3o\u201d at\u00e9 a cicatriza\u00e7\u00e3o das fraturas.<\/p>\n<\/div>\n","protected":false},"excerpt":{"rendered":"<p>Os problemas de contus\u00e3o para a Copa do Mundo do Canad\u00e1, Estados Unidos e M\u00e9xico parecem sem fim. E mais uma sele\u00e7\u00e3o mostra preocupa\u00e7\u00e3o com um de seus principais jogadores, restando pouco mais de 40 dias para a largada da competi\u00e7\u00e3o. Astro da Cro\u00e1cia, o meia Luka Modric sofreu duas fraturas no rosto e est\u00e1 [&hellip;]<\/p>\n","protected":false},"author":260,"featured_media":68797,"comment_status":"closed","ping_status":"closed","sticky":false,"template":"","format":"standard","meta":{"_themeisle_gutenberg_block_has_review":false,"_jetpack_memberships_contains_paid_content":false,"footnotes":""},"categories":[12],"tags":[153],"class_list":{"0":"post-68796","1":"post","2":"type-post","3":"status-publish","4":"format-standard","5":"has-post-thumbnail","7":"category-esportes","8":"tag-esportes"},"jetpack_featured_media_url":"https:\/\/crajubaremacao.com.br\/wp-content\/uploads\/2026\/04\/snapinstato_670585946_18590085343007234_2562428061654657096_n-750x450-1.jpg","jetpack_sharing_enabled":true,"_links":{"self":[{"href":"https:\/\/crajubaremacao.com.br\/index.php?rest_route=\/wp\/v2\/posts\/68796","targetHints":{"allow":["GET"]}}],"collection":[{"href":"https:\/\/crajubaremacao.com.br\/index.php?rest_route=\/wp\/v2\/posts"}],"about":[{"href":"https:\/\/crajubaremacao.com.br\/index.php?rest_route=\/wp\/v2\/types\/post"}],"author":[{"embeddable":true,"href":"https:\/\/crajubaremacao.com.br\/index.php?rest_route=\/wp\/v2\/users\/260"}],"replies":[{"embeddable":true,"href":"https:\/\/crajubaremacao.com.br\/index.php?rest_route=%2Fwp%2Fv2%2Fcomments&post=68796"}],"version-history":[{"count":0,"href":"https:\/\/crajubaremacao.com.br\/index.php?rest_route=\/wp\/v2\/posts\/68796\/revisions"}],"wp:featuredmedia":[{"embeddable":true,"href":"https:\/\/crajubaremacao.com.br\/index.php?rest_route=\/wp\/v2\/media\/68797"}],"wp:attachment":[{"href":"https:\/\/crajubaremacao.com.br\/index.php?rest_route=%2Fwp%2Fv2%2Fmedia&parent=68796"}],"wp:term":[{"taxonomy":"category","embeddable":true,"href":"https:\/\/crajubaremacao.com.br\/index.php?rest_route=%2Fwp%2Fv2%2Fcategories&post=68796"},{"taxonomy":"post_tag","embeddable":true,"href":"https:\/\/crajubaremacao.com.br\/index.php?rest_route=%2Fwp%2Fv2%2Ftags&post=68796"}],"curies":[{"name":"wp","href":"https:\/\/api.w.org\/{rel}","templated":true}]}}