{"id":68798,"date":"2026-04-27T18:02:03","date_gmt":"2026-04-27T21:02:03","guid":{"rendered":"https:\/\/crajubaremacao.com.br\/?p=68798"},"modified":"2026-04-27T18:02:03","modified_gmt":"2026-04-27T21:02:03","slug":"copa-do-mundo-2026-veja-os-craques-que-vao-ficar-de-fora-por-lesao","status":"publish","type":"post","link":"https:\/\/crajubaremacao.com.br\/?p=68798","title":{"rendered":"Copa do Mundo 2026: veja os craques que v\u00e3o ficar de fora por les\u00e3o"},"content":{"rendered":"<div>\n<div style=\"margin-bottom: 15px;\"><img decoding=\"async\" class=\"type:primaryImage\" src=\"https:\/\/jpimg.com.br\/uploads\/2025\/12\/design-sem-nome-2-2-750x450.png\"><\/div>\n<p><?xml encoding=\"UTF-8\"><\/p>\n<p>A lista de craques que est\u00e3o fora da Copa do Mundo 2026 <strong>ganhou mais um novo integrante<\/strong> nesta segunda-feira (27). O meia <strong>Xavi Simons<\/strong>, do Tottenham, <strong>teve confirmada les\u00e3o no ligamento do joelho<\/strong> sofrida durante a vit\u00f3ria sobre o Wolverhampton no \u00faltimo s\u00e1bado (25), e tem previs\u00e3o de voltar aos gramados apenas em 2027.<\/p>\n<p>Na Sele\u00e7\u00e3o Brasileira, o<strong> atacante Rodrygo, do Real Madrid, \u00e9 um desfalque confirmado<\/strong>. Ele rompeu o ligamento cruzado anterior (LCA) e o menisco do joelho direito em mar\u00e7o, em duelo contra o Getafe, por La Liga.<\/p>\n<p>J\u00e1 o<strong> zagueiro<a href=\"https:\/\/jovempan.com.br\/esportes\/militao-passara-por-novo-exame-na-segunda-e-deve-ficar-fora-da-copa-do-mundo.html\"> \u00c9der Milit\u00e3o, tamb\u00e9m do time espanhol, lesionou gravemente<\/a> o m\u00fasculo da coxa esquerda recentemente<\/strong>, no jogo contra o Alav\u00e9s, tamb\u00e9m pelo Campeonato Espanhol. A princ\u00edpio, ele precisar\u00e1 passar por cirurgia e pode ficar afastado dos gramados por cinco meses. No entanto, segundo o portal ge, o defensor vai consultar um especialista na Finl\u00e2ndia para tentar jogar a Copa do Mundo.<\/p>\n<p>Outro brasileiro que corre o risco de ficar fora do Mundial \u00e9<strong> Est\u00eav\u00e3o, do Chelsea<\/strong>. O atacante sofreu estiramento no m\u00fasculo posterior da coxa direita e deveria passar por cirurgia que o tiraria da disputa por um lugar na lista do italiano Carlo Ancelotti, que ser\u00e1 anunciada no dia 18 de maio. Entretanto, <strong>ele busca voltar ao Brasil para tratar a les\u00e3o e estar pronto para a Copa<\/strong>.<\/p>\n<p>Companheiro de Rodrygo e Milit\u00e3o no Real Madrid, o meia Arda Guler, principal estrela da Turquia, teve les\u00e3o muscular no b\u00edceps femoral da perna direita e <strong>corre risco de n\u00e3o representar sua na\u00e7\u00e3o nos gramados da Am\u00e9rica do Norte<\/strong>.<\/p>\n<p>Na Fran\u00e7a, <strong><a href=\"https:\/\/jovempan.com.br\/esportes\/futebol\/ekitike-rompe-tendao-de-aquiles-e-fica-de-fora-da-copa-diz-site.html\">Hugo Ekitike, atacante do Liverpool, rompeu o tend\u00e3o de Aquiles<\/a> na volta das quartas de final da Champions League contra o PSG<\/strong>. Como a previs\u00e3o \u00e9 de que ele se recupere entre nove e doze meses, ele n\u00e3o estar\u00e1 dispon\u00edvel para a sele\u00e7\u00e3o francesa. Outra preocupa\u00e7\u00e3o do t\u00e9cnico Didier Deschamps \u00e9 com o craque Kylian Mbapp\u00e9, do Real, que j\u00e1 est\u00e1 fora dos \u00faltimos jogos da temporada da equipe espanhol por les\u00e3o no m\u00fasculo da coxa esquerda. Inicialmente, a previs\u00e3o \u00e9 de que ele retorne a tempo para a Copa.<\/p>\n<p>Na Espanha, o atacante Samu, do Porto, <strong>rompeu o ligamento cruzado anterior do joelho direito na semifinal da Ta\u00e7a de Portugal<\/strong> contra o Sporting, em fevereiro. Ele passou por cirurgia, est\u00e1 em processo de recupera\u00e7\u00e3o e n\u00e3o se recuperar\u00e1 a tempo do Mundial. Al\u00e9m dele, a estrela<strong> Lamine Yamal, do Barcelona, teve les\u00e3o muscular em duelo contra o Celta por La Liga e pode desfalcar a sele\u00e7\u00e3o espanhola no in\u00edcio da Copa<\/strong>.<\/p>\n<p>Pela sele\u00e7\u00e3o alem\u00e3, Serge Gnabry, meia do Bayern de Munique, \u00e9 uma baixa certa. Na volta das quartas de final da Champions League, ele sofreu rompimento no m\u00fasculo adutor da coxa direita do atleta e n\u00e3o se recuperar\u00e1 a tempo do Mundial.<\/p>\n<p>O <strong><a href=\"https:\/\/jovempan.com.br\/esportes\/futebol\/modric-sofre-duas-fraturas-no-rosto-e-preocupa-a-croacia-para-a-copa.html\">veterano Luka Modric, do Milan, teve fraturas no rosto<\/a> constatadas e j\u00e1 confirmou que est\u00e1 fora do resto de temporada no Milan<\/strong>. Al\u00e9m disso, ele preocupa a sele\u00e7\u00e3o da Cro\u00e1cia, que pode ficar sem capit\u00e3o na disputa do Mundial.<\/p>\n<p>J\u00e1 a Argentina, atual campe\u00e3 do mundo, tem duas aus\u00eancias confirmadas na zaga. Juan Foyth, do Villarreal, que lesionou o tend\u00e3o de Aquiles, e Cristian Romero, do Tottenham, que machucou o ligamento cruzado do joelho direito, n\u00e3o v\u00e3o defender o t\u00edtulo nesta Copa.<\/p>\n<h2>Veja a lista de desfalques confirmados para a Copa do Mundo:<\/h2>\n<p>Brasil \u2013 Rodrygo (Real Madrid)<\/p>\n<p>Alemanha \u2013 Serge Gnabry (Bayern de Munique)<\/p>\n<p>Argentina \u2013 Juan Foyth (Villarreal) e Cristian Romero (Tottenham)<\/p>\n<p>Austr\u00e1lia \u2013 Lewis Miller (Blackburn Rovers)<\/p>\n<p>Egito \u2013 Mohamed Hamdy (Pyramids)<\/p>\n<p>Espanha \u2013 Samu Aghehowa (Porto)<\/p>\n<p>Estados Unidos \u2013 Patrick Agyemang (Derby County)<\/p>\n<p>Fran\u00e7a \u2013 Hugo Ekitike (Liverpool)<\/p>\n<p>Gana \u2013 Mohammed Salisu (Monaco)<\/p>\n<p>Holanda \u2013 Xavi Simmons (Tottenham)<\/p>\n<p>Inglaterra \u2013 Reece James (Chelsea) e Jack Grealish (Everton)<\/p>\n<p>Jap\u00e3o \u2013 Takumi Minamino (Monaco)<\/p>\n<p>Jord\u00e2nia \u2013 Yazan Al-Naimat (Al-Arabi)<\/p>\n<p>Marrocos \u2013 Hamza Igamane (Lille)<\/p>\n<p>M\u00e9xico \u2013 Luis Malag\u00f3n (Am\u00e9rica-M\u00c9X)<\/p>\n<p>Nova Zel\u00e2ndia \u2013 Oliver Sail (Auckland FC)<\/p>\n<p>Uzbequist\u00e3o \u2013 Husniddin Aliqulov (\u00c7aykur Rizespor) e Jaloliddin Masharipov (Esteghlal)<\/p>\n<\/div>\n","protected":false},"excerpt":{"rendered":"<p>A lista de craques que est\u00e3o fora da Copa do Mundo 2026 ganhou mais um novo integrante nesta segunda-feira (27). O meia Xavi Simons, do Tottenham, teve confirmada les\u00e3o no ligamento do joelho sofrida durante a vit\u00f3ria sobre o Wolverhampton no \u00faltimo s\u00e1bado (25), e tem previs\u00e3o de voltar aos gramados apenas em 2027. Na [&hellip;]<\/p>\n","protected":false},"author":260,"featured_media":68799,"comment_status":"closed","ping_status":"closed","sticky":false,"template":"","format":"standard","meta":{"_themeisle_gutenberg_block_has_review":false,"_jetpack_memberships_contains_paid_content":false,"footnotes":""},"categories":[12],"tags":[153],"class_list":{"0":"post-68798","1":"post","2":"type-post","3":"status-publish","4":"format-standard","5":"has-post-thumbnail","7":"category-esportes","8":"tag-esportes"},"jetpack_featured_media_url":"https:\/\/crajubaremacao.com.br\/wp-content\/uploads\/2026\/04\/design-sem-nome-2-2-750x450-1.png","jetpack_sharing_enabled":true,"_links":{"self":[{"href":"https:\/\/crajubaremacao.com.br\/index.php?rest_route=\/wp\/v2\/posts\/68798","targetHints":{"allow":["GET"]}}],"collection":[{"href":"https:\/\/crajubaremacao.com.br\/index.php?rest_route=\/wp\/v2\/posts"}],"about":[{"href":"https:\/\/crajubaremacao.com.br\/index.php?rest_route=\/wp\/v2\/types\/post"}],"author":[{"embeddable":true,"href":"https:\/\/crajubaremacao.com.br\/index.php?rest_route=\/wp\/v2\/users\/260"}],"replies":[{"embeddable":true,"href":"https:\/\/crajubaremacao.com.br\/index.php?rest_route=%2Fwp%2Fv2%2Fcomments&post=68798"}],"version-history":[{"count":0,"href":"https:\/\/crajubaremacao.com.br\/index.php?rest_route=\/wp\/v2\/posts\/68798\/revisions"}],"wp:featuredmedia":[{"embeddable":true,"href":"https:\/\/crajubaremacao.com.br\/index.php?rest_route=\/wp\/v2\/media\/68799"}],"wp:attachment":[{"href":"https:\/\/crajubaremacao.com.br\/index.php?rest_route=%2Fwp%2Fv2%2Fmedia&parent=68798"}],"wp:term":[{"taxonomy":"category","embeddable":true,"href":"https:\/\/crajubaremacao.com.br\/index.php?rest_route=%2Fwp%2Fv2%2Fcategories&post=68798"},{"taxonomy":"post_tag","embeddable":true,"href":"https:\/\/crajubaremacao.com.br\/index.php?rest_route=%2Fwp%2Fv2%2Ftags&post=68798"}],"curies":[{"name":"wp","href":"https:\/\/api.w.org\/{rel}","templated":true}]}}