{"id":68800,"date":"2026-04-27T18:02:15","date_gmt":"2026-04-27T21:02:15","guid":{"rendered":"https:\/\/crajubaremacao.com.br\/?p=68800"},"modified":"2026-04-27T18:02:15","modified_gmt":"2026-04-27T21:02:15","slug":"inmet-emite-aviso-de-baixas-temperaturas-com-risco-de-geada-em-rs-e-sc","status":"publish","type":"post","link":"https:\/\/crajubaremacao.com.br\/?p=68800","title":{"rendered":"Inmet emite aviso de baixas temperaturas com risco de geada em RS e SC"},"content":{"rendered":"<div>\n<div style=\"margin-bottom: 15px;\"><img decoding=\"async\" class=\"type:primaryImage\" src=\"https:\/\/crajubaremacao.com.br\/wp-content\/uploads\/2026\/04\/993b7579e5b9bbf044f1fbc37018dc91f3557d12-750x500-1.jpg\"><\/div>\n<p><?xml encoding=\"UTF-8\"><\/p>\n<p>Uma<strong> nova massa de ar polar<\/strong>, que chega com o avan\u00e7o de uma frente fria, deve<strong> provocar uma queda acentuada<\/strong> nas temperaturas na regi\u00e3o Sul do Brasil a partir desta segunda-feira (27). O Instituto Nacional de Meteorologia (<strong>Inmet<\/strong>) <strong>emitiu avisos de baixas temperaturas<\/strong> e risco de vendavais para cidades do Rio Grande do Sul, de Santa Catarina e do Paran\u00e1.<\/p>\n<p>O alerta vale at\u00e9 a ter\u00e7a-feira (28), dia que deve registrar as temperaturas mais baixas. De acordo com o Inmet, o Estado ga\u00facho e partes do Paran\u00e1 e de Santa Catarina podem registrar temperaturas entre 3\u00baC e 5\u00baC.<\/p>\n<p>A Defesa Civil do Rio Grande do Sul prev\u00ea que, <strong>apesar do tempo firme na ter\u00e7a-feira, as m\u00ednimas devem ficar entre 1\u00b0C e 13\u00b0C<\/strong>, favorecendo a forma\u00e7\u00e3o de geada na campanha, sul, centro, norte, serra, vales e na por\u00e7\u00e3o oeste da regi\u00e3o metropolitana de Porto Alegre. Em Santa Catarina, as \u00e1reas com maior risco de geada s\u00e3o os pontos mais altos da serra.<\/p>\n<p>Conforme o Climatempo, a <strong>geada pode atingir os dois Estados nas primeiras horas da ter\u00e7a-feira<\/strong>. Segundo o instituto, a combina\u00e7\u00e3o entre ar frio, tempo mais aberto e vento mais fraco durante a madrugada favorece a forma\u00e7\u00e3o do fen\u00f4meno.<\/p>\n<p>O Inmet informou que a passagem da frente fria tamb\u00e9m poder\u00e1 causar fen\u00f4menos adversos, como temporais, chuvas intensas, rajadas de vento, raios e possibilidade de granizo nos primeiros dias desta semana. No Rio Grande do Sul e em Santa Catarina, a<strong> previs\u00e3o \u00e9 de acumulados de chuva de at\u00e9 80 mm<\/strong>, em sete dias. No Paran\u00e1, os acumulados n\u00e3o devem superar os 70 mm.<\/p>\n<\/div>\n","protected":false},"excerpt":{"rendered":"<p>Uma nova massa de ar polar, que chega com o avan\u00e7o de uma frente fria, deve provocar uma queda acentuada nas temperaturas na regi\u00e3o Sul do Brasil a partir desta segunda-feira (27). O Instituto Nacional de Meteorologia (Inmet) emitiu avisos de baixas temperaturas e risco de vendavais para cidades do Rio Grande do Sul, de [&hellip;]<\/p>\n","protected":false},"author":117,"featured_media":68801,"comment_status":"closed","ping_status":"closed","sticky":false,"template":"","format":"standard","meta":{"_themeisle_gutenberg_block_has_review":false,"_jetpack_memberships_contains_paid_content":false,"footnotes":""},"categories":[2],"tags":[150],"class_list":{"0":"post-68800","1":"post","2":"type-post","3":"status-publish","4":"format-standard","5":"has-post-thumbnail","7":"category-brasil","8":"tag-brasil"},"jetpack_featured_media_url":"https:\/\/crajubaremacao.com.br\/wp-content\/uploads\/2026\/04\/993b7579e5b9bbf044f1fbc37018dc91f3557d12-750x500-1.jpg","jetpack_sharing_enabled":true,"_links":{"self":[{"href":"https:\/\/crajubaremacao.com.br\/index.php?rest_route=\/wp\/v2\/posts\/68800","targetHints":{"allow":["GET"]}}],"collection":[{"href":"https:\/\/crajubaremacao.com.br\/index.php?rest_route=\/wp\/v2\/posts"}],"about":[{"href":"https:\/\/crajubaremacao.com.br\/index.php?rest_route=\/wp\/v2\/types\/post"}],"author":[{"embeddable":true,"href":"https:\/\/crajubaremacao.com.br\/index.php?rest_route=\/wp\/v2\/users\/117"}],"replies":[{"embeddable":true,"href":"https:\/\/crajubaremacao.com.br\/index.php?rest_route=%2Fwp%2Fv2%2Fcomments&post=68800"}],"version-history":[{"count":0,"href":"https:\/\/crajubaremacao.com.br\/index.php?rest_route=\/wp\/v2\/posts\/68800\/revisions"}],"wp:featuredmedia":[{"embeddable":true,"href":"https:\/\/crajubaremacao.com.br\/index.php?rest_route=\/wp\/v2\/media\/68801"}],"wp:attachment":[{"href":"https:\/\/crajubaremacao.com.br\/index.php?rest_route=%2Fwp%2Fv2%2Fmedia&parent=68800"}],"wp:term":[{"taxonomy":"category","embeddable":true,"href":"https:\/\/crajubaremacao.com.br\/index.php?rest_route=%2Fwp%2Fv2%2Fcategories&post=68800"},{"taxonomy":"post_tag","embeddable":true,"href":"https:\/\/crajubaremacao.com.br\/index.php?rest_route=%2Fwp%2Fv2%2Ftags&post=68800"}],"curies":[{"name":"wp","href":"https:\/\/api.w.org\/{rel}","templated":true}]}}