{"id":68808,"date":"2026-04-27T18:03:35","date_gmt":"2026-04-27T21:03:35","guid":{"rendered":"https:\/\/crajubaremacao.com.br\/?p=68808"},"modified":"2026-04-27T18:03:35","modified_gmt":"2026-04-27T21:03:35","slug":"salao-de-pequim-brasil-tera-1-mil-carregadores-ultrarrapidos-da-byd-com-recarga-em-9-minutos-ate-2027-video","status":"publish","type":"post","link":"https:\/\/crajubaremacao.com.br\/?p=68808","title":{"rendered":"Sal\u00e3o de Pequim: Brasil ter\u00e1 1 mil carregadores ultrarr\u00e1pidos da BYD com recarga em 9 minutos at\u00e9 2027; V\u00cdDEO"},"content":{"rendered":"<div><img decoding=\"async\" src=\"https:\/\/s2-g1.glbimg.com\/VhD1gGM2KFAHdd5Bf-AObKOsjgY=\/i.s3.glbimg.com\/v1\/AUTH_59edd422c0c84a879bd37670ae4f538a\/internal_photos\/bs\/2026\/H\/F\/mBGS23RtSP0PXu5h0GKw\/img-5046.jpg\"><br \/>     Carregador ultrarr\u00e1pido da BYD vai at\u00e9 97% em 9 minutos<br \/>\nA BYD apresentou, durante o Sal\u00e3o do Autom\u00f3vel de Pequim, uma tecnologia que promete recarregar 97% da bateria de um carro el\u00e9trico em apenas nove minutos. A novidade chegar\u00e1 ao Brasil ainda neste ano.<br \/>\nO equipamento fornece 1.500 kW de pot\u00eancia, n\u00famero cinco vezes maior do que o dos carregadores r\u00e1pidos mais avan\u00e7ados dispon\u00edveis hoje no Brasil, que operam em torno de 300 kW. Com isso, a BYD afirma ser poss\u00edvel recuperar 70% da bateria em cinco minutos e chegar a 97% em nove minutos.<br \/>\n&#x2705; Clique aqui para seguir o canal do g1 Carros no WhatsApp<br \/>\nA solu\u00e7\u00e3o exibida no evento consiste em uma estrutura em formato de \u201cT\u201d, com dois pontos de recarga. Assim, dois ve\u00edculos podem ser carregados simultaneamente.<br \/>\nDois fatores s\u00e3o essenciais para que a recarga ultrarr\u00e1pida funcione. O primeiro diz respeito ao local da instala\u00e7\u00e3o, que precisa contar com infraestrutura capaz de suportar um volume t\u00e3o grande de energia concentrado em um \u00fanico ponto.<br \/>\n(O rep\u00f3rter viajou para o evento a convite da Leapmotor e GWM.)<br \/>\nPara contornar essa limita\u00e7\u00e3o, a BYD utiliza um conjunto de baterias que \u00e9 carregado gradualmente quando n\u00e3o h\u00e1 ve\u00edculos conectados. Quando um carro \u00e9 plugado, tanto a rede el\u00e9trica quanto esse banco de baterias passam a fornecer energia ao ve\u00edculo na maior velocidade poss\u00edvel.<br \/>\nEm entrevista ao g1, Alexandre Baldy, vice-presidente s\u00eanior da BYD no Brasil, afirmou que a estrutura atual de carregadores r\u00e1pidos pode ser adaptada para operar com pot\u00eancias acima de 1.000 kW.<br \/>\nCarregador ultrarr\u00e1pido da BYD no Sal\u00e3o do Autom\u00f3vel de Pequim<br \/>\nAndr\u00e9 Foga\u00e7a\/g1<br \/>\n\u201cVoc\u00ea incorpora um banco de baterias para que voc\u00ea armazene eletricidade continuamente, para que elas estejam sendo carregadas, para que voc\u00ea tenha um carro que, quando parar para ser carregado, tenha 400 km em 5 minutos&#8221;, explicou o executivo.<br \/>\nSegundo Baldy, esses carregadores estar\u00e3o dispon\u00edveis nas concession\u00e1rias da Denza, marca de luxo da BYD. Ele tamb\u00e9m afirmou que haver\u00e1 novos pontos de recarga, organizados como hubs com v\u00e1rios equipamentos, somando 1.000 carregadores em todo o Brasil at\u00e9 o fim de 2027.<br \/>\nO segundo ponto fundamental \u00e9 que o ve\u00edculo conectado ao carregador seja capaz de receber a tens\u00e3o fornecida. Atualmente, alguns modelos da Denza j\u00e1 s\u00e3o compat\u00edveis, e a BYD pretende ampliar essa capacidade para outros carros da marca.<br \/>\nPara efeito de compara\u00e7\u00e3o, o carro el\u00e9trico mais barato da BYD, o Dolphin Mini, suporta recarga de at\u00e9 40 kW. Mesmo que seja conectado a um eletroposto de 1.500 kW, ele receber\u00e1 apenas a pot\u00eancia m\u00e1xima que consegue suportar.<br \/>\nPara suportar uma recarga t\u00e3o r\u00e1pida, o ve\u00edculo precisa contar com diversos componentes espec\u00edficos, incluindo sistemas de seguran\u00e7a refor\u00e7ados para a bateria, motor e o pr\u00f3prio carregador.<\/div>\n","protected":false},"excerpt":{"rendered":"<p>Carregador ultrarr\u00e1pido da BYD vai at\u00e9 97% em 9 minutos A BYD apresentou, durante o Sal\u00e3o do Autom\u00f3vel de Pequim, uma tecnologia que promete recarregar 97% da bateria de um carro el\u00e9trico em apenas nove minutos. A novidade chegar\u00e1 ao Brasil ainda neste ano. O equipamento fornece 1.500 kW de pot\u00eancia, n\u00famero cinco vezes maior [&hellip;]<\/p>\n","protected":false},"author":261,"featured_media":0,"comment_status":"closed","ping_status":"closed","sticky":false,"template":"","format":"standard","meta":{"_themeisle_gutenberg_block_has_review":false,"_jetpack_memberships_contains_paid_content":false,"footnotes":""},"categories":[6],"tags":[158,159],"class_list":{"0":"post-68808","1":"post","2":"type-post","3":"status-publish","4":"format-standard","6":"category-carros","7":"tag-carros","8":"tag-motos"},"jetpack_featured_media_url":"","jetpack_sharing_enabled":true,"_links":{"self":[{"href":"https:\/\/crajubaremacao.com.br\/index.php?rest_route=\/wp\/v2\/posts\/68808","targetHints":{"allow":["GET"]}}],"collection":[{"href":"https:\/\/crajubaremacao.com.br\/index.php?rest_route=\/wp\/v2\/posts"}],"about":[{"href":"https:\/\/crajubaremacao.com.br\/index.php?rest_route=\/wp\/v2\/types\/post"}],"author":[{"embeddable":true,"href":"https:\/\/crajubaremacao.com.br\/index.php?rest_route=\/wp\/v2\/users\/261"}],"replies":[{"embeddable":true,"href":"https:\/\/crajubaremacao.com.br\/index.php?rest_route=%2Fwp%2Fv2%2Fcomments&post=68808"}],"version-history":[{"count":0,"href":"https:\/\/crajubaremacao.com.br\/index.php?rest_route=\/wp\/v2\/posts\/68808\/revisions"}],"wp:attachment":[{"href":"https:\/\/crajubaremacao.com.br\/index.php?rest_route=%2Fwp%2Fv2%2Fmedia&parent=68808"}],"wp:term":[{"taxonomy":"category","embeddable":true,"href":"https:\/\/crajubaremacao.com.br\/index.php?rest_route=%2Fwp%2Fv2%2Fcategories&post=68808"},{"taxonomy":"post_tag","embeddable":true,"href":"https:\/\/crajubaremacao.com.br\/index.php?rest_route=%2Fwp%2Fv2%2Ftags&post=68808"}],"curies":[{"name":"wp","href":"https:\/\/api.w.org\/{rel}","templated":true}]}}