{"id":68810,"date":"2026-04-28T00:03:55","date_gmt":"2026-04-28T03:03:55","guid":{"rendered":"https:\/\/crajubaremacao.com.br\/?p=68810"},"modified":"2026-04-28T00:03:55","modified_gmt":"2026-04-28T03:03:55","slug":"damares-declara-apoio-a-leila-do-volei-mas-recua-e-cita-michelle-e-bia-kicis-para-o-senado","status":"publish","type":"post","link":"https:\/\/crajubaremacao.com.br\/?p=68810","title":{"rendered":"Damares declara apoio \u00e0 Leila do V\u00f4lei, mas recua e cita Michelle e Bia Kicis para o Senado"},"content":{"rendered":"<div>\n<div style=\"margin-bottom: 15px;\"><img decoding=\"async\" class=\"type:primaryImage\" src=\"https:\/\/jpimg.com.br\/uploads\/2026\/04\/damares-alves-750x500.jpg\"><\/div>\n<p><?xml encoding=\"UTF-8\"><\/p>\n<p>A senadora <strong>Damares Alves<\/strong> (Republicanos-DF) disse na sexta-feira (24) que ir\u00e1 <strong>\u201ctorcer muito\u201d para estar com a senadora Leila do V\u00f4lei<\/strong> (PDT-DF) <strong>no Senado em 2027<\/strong>. A declara\u00e7\u00e3o foi dada em discurso no Plen\u00e1rio da Casa Alta durante sess\u00e3o especial para celebrar o 66\u00ba anivers\u00e1rio de Bras\u00edlia.<\/p>\n<p>\u201c<strong>Queria muito que Leila estivesse sentada nesta cadeira no pr\u00f3ximo ano<\/strong>. Eu ainda vou ficar mais uns cinco anos aqui, Leila, e eu queria muito continuar dividindo essa mesa com voc\u00ea (\u2026) Que honra, Leila, ser sua parceira. E, eu vou continuar torcendo muito para, no ano que vem, estarmos aqui de novo juntas\u201d, declarou Damares.<\/p>\n<p>Nesta segunda-feira (27), a parlamentar foi \u00e0s redes sociais para <strong>esclarecer que suas candidatas ao Senado<\/strong> s\u00e3o a ex-primeira-dama <strong>Michelle Bolsonaro<\/strong> e a deputada federal <strong>Bia Kicis<\/strong> (PL-DF). Damares afirmou que houve <strong>\u201calgum mal-entendido\u201d<\/strong>.<\/p>\n<blockquote class=\"twitter-tweet\">\n<p>Gente, houve algum mal-entendido. Minhas pr\u00e9-candidatas ao Senado pelo DF s\u00e3o Michelle Bolsonaro e Bia Kicis. Estamos juntas, por Bras\u00edlia e pelo Brasil.\u2014 Damares Alves (@DamaresAlves) <a href=\"https:\/\/twitter.com\/DamaresAlves\/status\/2048808167845326906?ref_src=twsrc%5Etfw\">April 27, 2026<\/a><\/p>\n<\/blockquote>\n<p><script async src=\"https:\/\/platform.twitter.com\/widgets.js\" charset=\"utf-8\"><\/script><\/p>\n<p>No pleito eleitoral deste ano, <strong>s\u00e3o duas vagas para o Senado<\/strong> por cada um dos estados e o Distrito Federal. Atualmente, Damares, Leila do V\u00f4lei e o senador Izalci Lucas (PL-DF) ocupam os tr\u00eas assentos do DF na Casa Alta.<\/p>\n<p><strong>Os mandatos de Leila e Izalci encerram neste ano<\/strong>. Damares permanece no Senado por mais quatro anos.<\/p>\n<p><strong>Aliada do presidente Luiz In\u00e1cio Lula da Silva (PT)<\/strong>, Leila anunciou na ter\u00e7a-feira (21) que <strong>disputar\u00e1 a reelei\u00e7\u00e3o<\/strong> do Senado.<\/p>\n<p>J\u00e1 Izalci se lan\u00e7ou<strong> <a href=\"https:\/\/jovempan.com.br\/opiniao-jovem-pan\/comentaristas\/bruno-pinheiro\/no-senado-izalci-reafirma-candidatura-ao-gdf-e-manda-recado-a-michele-bolsonaro.html\">pr\u00e9-candidato ao Governo do Distrito Federal (GDF)<\/a><\/strong>. Entretanto, o <strong>nome apoiado por Michelle e Bia Kicis<\/strong> para o Pal\u00e1cio do Buriti \u00e9 o da atual governadora <strong>Celina Le\u00e3o<\/strong> (PP).<\/p>\n<\/div>\n","protected":false},"excerpt":{"rendered":"<p>A senadora Damares Alves (Republicanos-DF) disse na sexta-feira (24) que ir\u00e1 \u201ctorcer muito\u201d para estar com a senadora Leila do V\u00f4lei (PDT-DF) no Senado em 2027. A declara\u00e7\u00e3o foi dada em discurso no Plen\u00e1rio da Casa Alta durante sess\u00e3o especial para celebrar o 66\u00ba anivers\u00e1rio de Bras\u00edlia. \u201cQueria muito que Leila estivesse sentada nesta cadeira [&hellip;]<\/p>\n","protected":false},"author":117,"featured_media":68811,"comment_status":"closed","ping_status":"closed","sticky":false,"template":"","format":"standard","meta":{"_themeisle_gutenberg_block_has_review":false,"_jetpack_memberships_contains_paid_content":false,"footnotes":""},"categories":[9],"tags":[129],"class_list":{"0":"post-68810","1":"post","2":"type-post","3":"status-publish","4":"format-standard","5":"has-post-thumbnail","7":"category-politica","8":"tag-politica"},"jetpack_featured_media_url":"https:\/\/crajubaremacao.com.br\/wp-content\/uploads\/2026\/04\/damares-alves-750x500-1.jpg","jetpack_sharing_enabled":true,"_links":{"self":[{"href":"https:\/\/crajubaremacao.com.br\/index.php?rest_route=\/wp\/v2\/posts\/68810","targetHints":{"allow":["GET"]}}],"collection":[{"href":"https:\/\/crajubaremacao.com.br\/index.php?rest_route=\/wp\/v2\/posts"}],"about":[{"href":"https:\/\/crajubaremacao.com.br\/index.php?rest_route=\/wp\/v2\/types\/post"}],"author":[{"embeddable":true,"href":"https:\/\/crajubaremacao.com.br\/index.php?rest_route=\/wp\/v2\/users\/117"}],"replies":[{"embeddable":true,"href":"https:\/\/crajubaremacao.com.br\/index.php?rest_route=%2Fwp%2Fv2%2Fcomments&post=68810"}],"version-history":[{"count":0,"href":"https:\/\/crajubaremacao.com.br\/index.php?rest_route=\/wp\/v2\/posts\/68810\/revisions"}],"wp:featuredmedia":[{"embeddable":true,"href":"https:\/\/crajubaremacao.com.br\/index.php?rest_route=\/wp\/v2\/media\/68811"}],"wp:attachment":[{"href":"https:\/\/crajubaremacao.com.br\/index.php?rest_route=%2Fwp%2Fv2%2Fmedia&parent=68810"}],"wp:term":[{"taxonomy":"category","embeddable":true,"href":"https:\/\/crajubaremacao.com.br\/index.php?rest_route=%2Fwp%2Fv2%2Fcategories&post=68810"},{"taxonomy":"post_tag","embeddable":true,"href":"https:\/\/crajubaremacao.com.br\/index.php?rest_route=%2Fwp%2Fv2%2Ftags&post=68810"}],"curies":[{"name":"wp","href":"https:\/\/api.w.org\/{rel}","templated":true}]}}