{"id":68820,"date":"2026-04-28T03:04:41","date_gmt":"2026-04-28T06:04:41","guid":{"rendered":"https:\/\/crajubaremacao.com.br\/?p=68820"},"modified":"2026-04-28T03:04:41","modified_gmt":"2026-04-28T06:04:41","slug":"consuni-cria-nova-unidade-academica-e-secretaria-e-concede-titulo-de-doutora-honoris-causa-a-margareth-menezes","status":"publish","type":"post","link":"https:\/\/crajubaremacao.com.br\/?p=68820","title":{"rendered":"Consuni cria nova unidade acad\u00eamica e secretaria e concede t\u00edtulo de Doutora Honoris Causa a Margareth Menezes"},"content":{"rendered":"<div>\n<p>\u00a0<span style=\"background-color: #f9f9f9; color: #444444; font-family: Tahoma, Geneva, sans-serif; font-size: 13px;\">Conselho Universit\u00e1rio (Consuni) da Universidade Federal do Cear\u00e1 (UFC) aprovou, na \u00faltima sexta-feira (24), a cria\u00e7\u00e3o da sua mais nova unidade acad\u00eamica: o<\/span><span style=\"background-color: #f9f9f9; color: #444444; font-family: Tahoma, Geneva, sans-serif; font-size: 13px;\">\u00a0<\/span><strong style=\"border: 0px; color: #444444; font-family: inherit; font-feature-settings: inherit; font-kerning: inherit; font-language-override: inherit; font-optical-sizing: inherit; font-size-adjust: inherit; font-size: inherit; font-stretch: inherit; font-style: inherit; font-variant: inherit; font-variation-settings: inherit; font-weight: bold; line-height: inherit; margin: 0px; padding: 0px; vertical-align: baseline;\">Instituto de Filosofia e Estudos Cl\u00e1ssicos (Ifec)<\/strong><span style=\"background-color: #f9f9f9; color: #444444; font-family: Tahoma, Geneva, sans-serif; font-size: 13px;\">. Ap\u00f3s relatoria feita pelo diretor do Instituto de Cultura e Arte (ICA) da UFC, professor Iv\u00e2nio Lopes, a proposta foi aprovada por aclama\u00e7\u00e3o durante a 29\u00aa sess\u00e3o extraordin\u00e1ria do conselho.<\/span><\/p>\n<p style=\"background-color: #f9f9f9; border: 0px; color: #444444; font-family: Tahoma, Geneva, sans-serif; font-feature-settings: inherit; font-kerning: inherit; font-language-override: inherit; font-optical-sizing: inherit; font-size-adjust: inherit; font-size: 13px; font-stretch: inherit; font-variant-alternates: inherit; font-variant-east-asian: inherit; font-variant-emoji: inherit; font-variant-numeric: inherit; font-variant-position: inherit; font-variation-settings: inherit; line-height: 22px; margin: 0px 0px 16px; padding: 0px; vertical-align: baseline;\">\n<figure style=\"border: 0px; font: inherit; margin: 0px 0px 8px; padding: 0px; vertical-align: baseline;\"><img decoding=\"async\" alt=\"ft 260427 consuni\" src=\"https:\/\/www.ufc.br\/images\/ft_260427_consuni.jpg\" style=\"border: 0px; display: block; font: inherit; height: auto; margin: 0px auto; max-width: 100%; padding: 0px; vertical-align: baseline; width: 340px;\"><figcaption style=\"border: 0px; color: #666666; font-family: inherit; font-feature-settings: inherit; font-kerning: inherit; font-language-override: inherit; font-optical-sizing: inherit; font-size-adjust: inherit; font-size: 12px; font-stretch: inherit; font-style: italic; font-variant: inherit; font-variation-settings: inherit; font-weight: inherit; line-height: inherit; margin: 8px 0px 0px; padding: 0px; text-align: center; vertical-align: baseline;\">Consuni cria nova unidade acad\u00eamica, secretaria e concede t\u00edtulo de Doutora Honoris Causa a Margareth Menezes (Foto: Ribamar Neto\/UFC)<\/figcaption><\/figure>\n<\/p>\n<p style=\"background-color: #f9f9f9; border: 0px; color: #444444; font-family: Tahoma, Geneva, sans-serif; font-feature-settings: inherit; font-kerning: inherit; font-language-override: inherit; font-optical-sizing: inherit; font-size-adjust: inherit; font-size: 13px; font-stretch: inherit; font-variant-alternates: inherit; font-variant-east-asian: inherit; font-variant-emoji: inherit; font-variant-numeric: inherit; font-variant-position: inherit; font-variation-settings: inherit; line-height: 22px; margin: 0px 0px 16px; padding: 0px; vertical-align: baseline;\">O docente ressaltou que a cria\u00e7\u00e3o do Ifec permitir\u00e1 \u00e0 universidade \u201credescobrir as suas ra\u00edzes\u201d. Ele tra\u00e7ou um hist\u00f3rico que remonta \u00e0 funda\u00e7\u00e3o da Faculdade Cat\u00f3lica de Filosofia, em 1947, como o \u201cfio condutor que entrela\u00e7aria as demais unidades acad\u00eamicas\u201d ao ser agregada \u00e0 UFC em 1955, antes de ser dissolvida pela reforma universit\u00e1ria de 1968.<\/p>\n<p style=\"background-color: #f9f9f9; border: 0px; color: #444444; font-family: Tahoma, Geneva, sans-serif; font-feature-settings: inherit; font-kerning: inherit; font-language-override: inherit; font-optical-sizing: inherit; font-size-adjust: inherit; font-size: 13px; font-stretch: inherit; font-variant-alternates: inherit; font-variant-east-asian: inherit; font-variant-emoji: inherit; font-variant-numeric: inherit; font-variant-position: inherit; font-variation-settings: inherit; line-height: 22px; margin: 0px 0px 16px; padding: 0px; vertical-align: baseline;\">O novo instituto abranger\u00e1 docentes de Filosofia e do N\u00facleo de Cultura Cl\u00e1ssica, garantindo a alunos e pesquisadores o acesso direto a \u201cfontes prim\u00e1rias do pensamento antigo\u201d em grego e latim.<\/p>\n<p style=\"background-color: #f9f9f9; border: 0px; color: #444444; font-family: Tahoma, Geneva, sans-serif; font-feature-settings: inherit; font-kerning: inherit; font-language-override: inherit; font-optical-sizing: inherit; font-size-adjust: inherit; font-size: 13px; font-stretch: inherit; font-variant-alternates: inherit; font-variant-east-asian: inherit; font-variant-emoji: inherit; font-variant-numeric: inherit; font-variant-position: inherit; font-variation-settings: inherit; line-height: 22px; margin: 0px 0px 16px; padding: 0px; vertical-align: baseline;\">O professor Iv\u00e2nio Lopes ainda destacou que est\u00e1 prevista a cria\u00e7\u00e3o de um bacharelado em Filosofia e Estudos Cl\u00e1ssicos. Ele enfatizou que, embora seja uma modalidade presente em grandes centros universit\u00e1rios internacionais, a gradua\u00e7\u00e3o da UFC ser\u00e1 \u201c\u00fanica em atividade no pa\u00eds\u201d em sua configura\u00e7\u00e3o proposta, inovando ao oferecer uma forma\u00e7\u00e3o que articula a reflex\u00e3o filos\u00f3fica ao acesso direto \u00e0s tradi\u00e7\u00f5es cl\u00e1ssicas.<\/p>\n<p style=\"background-color: #f9f9f9; border: 0px; color: #444444; font-family: Tahoma, Geneva, sans-serif; font-feature-settings: inherit; font-kerning: inherit; font-language-override: inherit; font-optical-sizing: inherit; font-size-adjust: inherit; font-size: 13px; font-stretch: inherit; font-variant-alternates: inherit; font-variant-east-asian: inherit; font-variant-emoji: inherit; font-variant-numeric: inherit; font-variant-position: inherit; font-variation-settings: inherit; line-height: 22px; margin: 0px 0px 16px; padding: 0px; vertical-align: baseline;\">A nova unidade funcionar\u00e1 no Campus do Benfica, utilizando provisoriamente estruturas cedidas pelo Cetrede e pelo Instituto de Arquitetura e Urbanismo e Design (Iaud). O relator destacou que a expectativa \u00e9 viabilizar em breve um espa\u00e7o f\u00edsico pr\u00f3prio e definitivo, tamb\u00e9m no Campus do Benfica.<\/p>\n<p style=\"background-color: #f9f9f9; border: 0px; color: #444444; font-family: Tahoma, Geneva, sans-serif; font-feature-settings: inherit; font-kerning: inherit; font-language-override: inherit; font-optical-sizing: inherit; font-size-adjust: inherit; font-size: 13px; font-stretch: inherit; font-variant-alternates: inherit; font-variant-east-asian: inherit; font-variant-emoji: inherit; font-variant-numeric: inherit; font-variant-position: inherit; font-variation-settings: inherit; line-height: 22px; margin: 0px 0px 16px; padding: 0px; vertical-align: baseline;\">Com a formaliza\u00e7\u00e3o do Ifec, a estrutura acad\u00eamica j\u00e1 consolidada passar\u00e1 por uma transi\u00e7\u00e3o. Os atuais cursos de gradua\u00e7\u00e3o (licenciatura e bacharelado em Filosofia) e de p\u00f3s-gradua\u00e7\u00e3o ser\u00e3o integralmente vinculados \u00e0 nova unidade, com a devida atualiza\u00e7\u00e3o dos c\u00f3digos de suas respectivas disciplinas.<\/p>\n<p style=\"background-color: #f9f9f9; border: 0px; color: #444444; font-family: Tahoma, Geneva, sans-serif; font-feature-settings: inherit; font-kerning: inherit; font-language-override: inherit; font-optical-sizing: inherit; font-size-adjust: inherit; font-size: 13px; font-stretch: inherit; font-variant-alternates: inherit; font-variant-east-asian: inherit; font-variant-emoji: inherit; font-variant-numeric: inherit; font-variant-position: inherit; font-variation-settings: inherit; line-height: 22px; margin: 0px 0px 16px; padding: 0px; vertical-align: baseline;\"><strong style=\"border: 0px; font-family: inherit; font-feature-settings: inherit; font-kerning: inherit; font-language-override: inherit; font-optical-sizing: inherit; font-size-adjust: inherit; font-size: inherit; font-stretch: inherit; font-style: inherit; font-variant: inherit; font-variation-settings: inherit; font-weight: bold; line-height: inherit; margin: 0px; padding: 0px; vertical-align: baseline;\">EQUIDADE, DIVERSIDADE E INCLUS\u00c3O<\/strong>\u00a0\u2013 Na mesma sess\u00e3o, tamb\u00e9m foi aprovada por aclama\u00e7\u00e3o a cria\u00e7\u00e3o da\u00a0<strong style=\"border: 0px; font-family: inherit; font-feature-settings: inherit; font-kerning: inherit; font-language-override: inherit; font-optical-sizing: inherit; font-size-adjust: inherit; font-size: inherit; font-stretch: inherit; font-style: inherit; font-variant: inherit; font-variation-settings: inherit; font-weight: bold; line-height: inherit; margin: 0px; padding: 0px; vertical-align: baseline;\">Secretaria de Promo\u00e7\u00e3o da Equidade, Diversidade e Inclus\u00e3o (SPEDI)<\/strong>, que atuar\u00e1 como \u00f3rg\u00e3o suplementar subordinado \u00e0 Reitoria. A nova secretaria materializa a\u00a0<a href=\"https:\/\/www.ufc.br\/images\/_files\/noticias\/2025\/251219_resolucao49-2025-consuni.pdf\" style=\"border-color: currentcolor currentcolor rgb(102, 153, 255); border-image: initial; border-style: none none dotted; border-width: 0px 0px 1px; color: #00629c; font: inherit; margin: 0px; padding: 0px; text-decoration: none; vertical-align: baseline;\">Pol\u00edtica de Enfrentamento e de Preven\u00e7\u00e3o aos Ass\u00e9dios e \u00e0s Discrimina\u00e7\u00f5es<\/a>, aprovada pelo Consuni no ano passado.<\/p>\n<p style=\"background-color: #f9f9f9; border: 0px; color: #444444; font-family: Tahoma, Geneva, sans-serif; font-feature-settings: inherit; font-kerning: inherit; font-language-override: inherit; font-optical-sizing: inherit; font-size-adjust: inherit; font-size: 13px; font-stretch: inherit; font-variant-alternates: inherit; font-variant-east-asian: inherit; font-variant-emoji: inherit; font-variant-numeric: inherit; font-variant-position: inherit; font-variation-settings: inherit; line-height: 22px; margin: 0px 0px 16px; padding: 0px; vertical-align: baseline;\">O relator da mat\u00e9ria e pr\u00f3-reitor de Assist\u00eancia Estudantil, Bruno Rocha, afirmou que a SPEDI surge como a \u201cinst\u00e2ncia central da articula\u00e7\u00e3o, coordena\u00e7\u00e3o, integra\u00e7\u00e3o e promo\u00e7\u00e3o das a\u00e7\u00f5es destinadas \u00e0 preven\u00e7\u00e3o e ao enfrentamento dos ass\u00e9dios e das discrimina\u00e7\u00f5es\u201d no \u00e2mbito da UFC.<\/p>\n<p style=\"background-color: #f9f9f9; border: 0px; color: #444444; font-family: Tahoma, Geneva, sans-serif; font-feature-settings: inherit; font-kerning: inherit; font-language-override: inherit; font-optical-sizing: inherit; font-size-adjust: inherit; font-size: 13px; font-stretch: inherit; font-variant-alternates: inherit; font-variant-east-asian: inherit; font-variant-emoji: inherit; font-variant-numeric: inherit; font-variant-position: inherit; font-variation-settings: inherit; line-height: 22px; margin: 0px 0px 16px; padding: 0px; vertical-align: baseline;\">A estrutura administrativa da nova secretaria contar\u00e1 com a Coordenadoria de Enfrentamento e Preven\u00e7\u00e3o aos Ass\u00e9dios e Discrimina\u00e7\u00f5es, que abrigar\u00e1 o N\u00facleo de Acolhimento e o N\u00facleo de Acompanhamento e Media\u00e7\u00e3o de Conflitos, al\u00e9m de duas frentes espec\u00edficas: a Coordenadoria de G\u00eanero e Diversidade e a Coordenadoria de Pol\u00edticas e Ativos Raciais.<\/p>\n<p style=\"background-color: #f9f9f9; border: 0px; color: #444444; font-family: Tahoma, Geneva, sans-serif; font-feature-settings: inherit; font-kerning: inherit; font-language-override: inherit; font-optical-sizing: inherit; font-size-adjust: inherit; font-size: 13px; font-stretch: inherit; font-variant-alternates: inherit; font-variant-east-asian: inherit; font-variant-emoji: inherit; font-variant-numeric: inherit; font-variant-position: inherit; font-variation-settings: inherit; line-height: 22px; margin: 0px 0px 16px; padding: 0px; vertical-align: baseline;\">Ao consolidar esta estrutura, o pr\u00f3-reitor Bruno enfatizou que a UFC se posiciona como \u201crefer\u00eancia entre as universidades federais\u201d pela capacidade de traduzir princ\u00edpios \u00e9ticos em \u201ca\u00e7\u00f5es concretas pautadas no respeito, na justi\u00e7a social e na dignidade humana\u201d.<\/p>\n<p style=\"background-color: #f9f9f9; border: 0px; color: #444444; font-family: Tahoma, Geneva, sans-serif; font-feature-settings: inherit; font-kerning: inherit; font-language-override: inherit; font-optical-sizing: inherit; font-size-adjust: inherit; font-size: 13px; font-stretch: inherit; font-variant-alternates: inherit; font-variant-east-asian: inherit; font-variant-emoji: inherit; font-variant-numeric: inherit; font-variant-position: inherit; font-variation-settings: inherit; line-height: 22px; margin: 0px 0px 16px; padding: 0px; vertical-align: baseline;\"><strong style=\"border: 0px; font-family: inherit; font-feature-settings: inherit; font-kerning: inherit; font-language-override: inherit; font-optical-sizing: inherit; font-size-adjust: inherit; font-size: inherit; font-stretch: inherit; font-style: inherit; font-variant: inherit; font-variation-settings: inherit; font-weight: bold; line-height: inherit; margin: 0px; padding: 0px; vertical-align: baseline;\">POL\u00cdTICA DE CULTURA<\/strong>\u00a0\u2013 O Consuni tamb\u00e9m aprovou a\u00a0<strong style=\"border: 0px; font-family: inherit; font-feature-settings: inherit; font-kerning: inherit; font-language-override: inherit; font-optical-sizing: inherit; font-size-adjust: inherit; font-size: inherit; font-stretch: inherit; font-style: inherit; font-variant: inherit; font-variation-settings: inherit; font-weight: bold; line-height: inherit; margin: 0px; padding: 0px; vertical-align: baseline;\">institui\u00e7\u00e3o da Pol\u00edtica de Cultura da UFC<\/strong>, relatada pelo pr\u00f3-reitor de Cultura, Sandro Gouveia, como um marco para orientar a formula\u00e7\u00e3o, execu\u00e7\u00e3o, monitoramento e avalia\u00e7\u00e3o das pol\u00edticas culturais da institui\u00e7\u00e3o.<\/p>\n<p style=\"background-color: #f9f9f9; border: 0px; color: #444444; font-family: Tahoma, Geneva, sans-serif; font-feature-settings: inherit; font-kerning: inherit; font-language-override: inherit; font-optical-sizing: inherit; font-size-adjust: inherit; font-size: 13px; font-stretch: inherit; font-variant-alternates: inherit; font-variant-east-asian: inherit; font-variant-emoji: inherit; font-variant-numeric: inherit; font-variant-position: inherit; font-variation-settings: inherit; line-height: 22px; margin: 0px 0px 16px; padding: 0px; vertical-align: baseline;\">Ele destacou que a cria\u00e7\u00e3o da pol\u00edtica\u00a0<strong style=\"border: 0px; font-family: inherit; font-feature-settings: inherit; font-kerning: inherit; font-language-override: inherit; font-optical-sizing: inherit; font-size-adjust: inherit; font-size: inherit; font-stretch: inherit; font-style: inherit; font-variant: inherit; font-variation-settings: inherit; font-weight: bold; line-height: inherit; margin: 0px; padding: 0px; vertical-align: baseline;\">estabelece um norte estrat\u00e9gico permanente, integrando a cultura como pilar fundamental do Plano de Desenvolvimento Institucional (PDI)<\/strong>\u00a0e garantindo que as a\u00e7\u00f5es deixem de ser iniciativas isoladas para se tornarem um compromisso estruturante da universidade. Ele resumiu o impacto da medida ressaltando que \u201cmuito mais do que organizar a\u00e7\u00f5es, trata-se de dar densidade institucional a algo que sempre existiu, a cultura como dimens\u00e3o construtiva da universidade.\u201d.<\/p>\n<p style=\"background-color: #f9f9f9; border: 0px; color: #444444; font-family: Tahoma, Geneva, sans-serif; font-feature-settings: inherit; font-kerning: inherit; font-language-override: inherit; font-optical-sizing: inherit; font-size-adjust: inherit; font-size: 13px; font-stretch: inherit; font-variant-alternates: inherit; font-variant-east-asian: inherit; font-variant-emoji: inherit; font-variant-numeric: inherit; font-variant-position: inherit; font-variation-settings: inherit; line-height: 22px; margin: 0px 0px 16px; padding: 0px; vertical-align: baseline;\">Al\u00e9m disso, o pr\u00f3-reitor enfatizou que o documento assegura que a universidade tenha a seguran\u00e7a administrativa necess\u00e1ria para gerir seus acervos e produ\u00e7\u00f5es art\u00edsticas com autonomia e clareza.<\/p>\n<p style=\"background-color: #f9f9f9; border: 0px; color: #444444; font-family: Tahoma, Geneva, sans-serif; font-feature-settings: inherit; font-kerning: inherit; font-language-override: inherit; font-optical-sizing: inherit; font-size-adjust: inherit; font-size: 13px; font-stretch: inherit; font-variant-alternates: inherit; font-variant-east-asian: inherit; font-variant-emoji: inherit; font-variant-numeric: inherit; font-variant-position: inherit; font-variation-settings: inherit; line-height: 22px; margin: 0px 0px 16px; padding: 0px; vertical-align: baseline;\">A pol\u00edtica estrutura-se em sete eixos estrat\u00e9gicos, que abrangem desde direitos culturais e economia criativa at\u00e9 a cultura digital e cient\u00edfica, alinhando a universidade ao Sistema Nacional de Cultura (Lei n\u00ba 14.835\/2024).<\/p>\n<p style=\"background-color: #f9f9f9; border: 0px; color: #444444; font-family: Tahoma, Geneva, sans-serif; font-feature-settings: inherit; font-kerning: inherit; font-language-override: inherit; font-optical-sizing: inherit; font-size-adjust: inherit; font-size: 13px; font-stretch: inherit; font-variant-alternates: inherit; font-variant-east-asian: inherit; font-variant-emoji: inherit; font-variant-numeric: inherit; font-variant-position: inherit; font-variation-settings: inherit; line-height: 22px; margin: 0px 0px 16px; padding: 0px; vertical-align: baseline;\"><strong style=\"border: 0px; font-family: inherit; font-feature-settings: inherit; font-kerning: inherit; font-language-override: inherit; font-optical-sizing: inherit; font-size-adjust: inherit; font-size: inherit; font-stretch: inherit; font-style: inherit; font-variant: inherit; font-variation-settings: inherit; font-weight: bold; line-height: inherit; margin: 0px; padding: 0px; vertical-align: baseline;\">DOUTORA HONORIS CAUSA<\/strong>\u00a0\u2013 Em sintonia com a Pol\u00edtica de Cultura, o Consuni aprovou, por unanimidade, a\u00a0<strong style=\"border: 0px; font-family: inherit; font-feature-settings: inherit; font-kerning: inherit; font-language-override: inherit; font-optical-sizing: inherit; font-size-adjust: inherit; font-size: inherit; font-stretch: inherit; font-style: inherit; font-variant: inherit; font-variation-settings: inherit; font-weight: bold; line-height: inherit; margin: 0px; padding: 0px; vertical-align: baseline;\">concess\u00e3o do t\u00edtulo de Doutora Honoris Causa \u00e0 cantora, compositora e ministra da Cultura (MinC), Margareth Menezes<\/strong>.<\/p>\n<p style=\"background-color: #f9f9f9; border: 0px; color: #444444; font-family: Tahoma, Geneva, sans-serif; font-feature-settings: inherit; font-kerning: inherit; font-language-override: inherit; font-optical-sizing: inherit; font-size-adjust: inherit; font-size: 13px; font-stretch: inherit; font-variant-alternates: inherit; font-variant-east-asian: inherit; font-variant-emoji: inherit; font-variant-numeric: inherit; font-variant-position: inherit; font-variation-settings: inherit; line-height: 22px; margin: 0px 0px 16px; padding: 0px; vertical-align: baseline;\">A aprova\u00e7\u00e3o do t\u00edtulo destaca sua relev\u00e2ncia transversal, unindo uma carreira art\u00edstica de 36 anos \u00e0 sua atua\u00e7\u00e3o como gestora cultural. Com uma trajet\u00f3ria que se iniciou nos palcos do teatro baiano nos anos 1980 e se consolidou mundialmente com o lan\u00e7amento de 17 obras e indica\u00e7\u00f5es ao Grammy, Margareth \u00e9 a principal idealizadora do \u201cAfropop Brasileiro\u201d, movimento que funde ritmos ancestrais afro-brasileiros com sonoridades contempor\u00e2neas.<\/p>\n<p style=\"background-color: #f9f9f9; border: 0px; color: #444444; font-family: Tahoma, Geneva, sans-serif; font-feature-settings: inherit; font-kerning: inherit; font-language-override: inherit; font-optical-sizing: inherit; font-size-adjust: inherit; font-size: 13px; font-stretch: inherit; font-variant-alternates: inherit; font-variant-east-asian: inherit; font-variant-emoji: inherit; font-variant-numeric: inherit; font-variant-position: inherit; font-variation-settings: inherit; line-height: 22px; margin: 0px 0px 16px; padding: 0px; vertical-align: baseline;\">Relatada pelo conselheiro Iv\u00e2nio Lopes, a pauta foi apresentada como um \u201cmarco hist\u00f3rico\u201d que reconhece a embaixadora da cultura popular da Unesco por sua capacidade de transformar a arte em ferramenta de desenvolvimento.<\/p>\n<p style=\"background-color: #f9f9f9; border: 0px; color: #444444; font-family: Tahoma, Geneva, sans-serif; font-feature-settings: inherit; font-kerning: inherit; font-language-override: inherit; font-optical-sizing: inherit; font-size-adjust: inherit; font-size: 13px; font-stretch: inherit; font-variant-alternates: inherit; font-variant-east-asian: inherit; font-variant-emoji: inherit; font-variant-numeric: inherit; font-variant-position: inherit; font-variation-settings: inherit; line-height: 22px; margin: 0px 0px 16px; padding: 0px; vertical-align: baseline;\">Como gestora, sua experi\u00eancia engloba a funda\u00e7\u00e3o da Associa\u00e7\u00e3o F\u00e1brica Cultural e a dire\u00e7\u00e3o de seu pr\u00f3prio selo musical (Estrela do Mar). \u00c0 frente do Minist\u00e9rio da Cultura desde 2023, ela conduziu marcos decisivos como a 4\u00aa Confer\u00eancia Nacional de Cultura e a san\u00e7\u00e3o da Lei n\u00ba 14.835\/2024, que instituiu o Marco Regulat\u00f3rio do Sistema Nacional de Cultura. Al\u00e9m disso, Margareth promoveu a integra\u00e7\u00e3o in\u00e9dita entre as pol\u00edticas de cultura e educa\u00e7\u00e3o atrav\u00e9s do Comit\u00ea T\u00e9cnico Interministerial, resultando em a\u00e7\u00f5es como o programa \u201cArte e Cultura na Educa\u00e7\u00e3o de Tempo Integral\u201d.<\/p>\n<p style=\"background-color: #f9f9f9; border: 0px; color: #444444; font-family: Tahoma, Geneva, sans-serif; font-feature-settings: inherit; font-kerning: inherit; font-language-override: inherit; font-optical-sizing: inherit; font-size-adjust: inherit; font-size: 13px; font-stretch: inherit; font-variant-alternates: inherit; font-variant-east-asian: inherit; font-variant-emoji: inherit; font-variant-numeric: inherit; font-variant-position: inherit; font-variation-settings: inherit; line-height: 22px; margin: 0px 0px 16px; padding: 0px; vertical-align: baseline;\">Essas iniciativas j\u00e1 geraram impactos diretos para a UFC, que hoje integra a rede de universidades parceiras do MinC com mais de dez termos de coopera\u00e7\u00e3o vigentes.<\/p>\n<p style=\"background-color: #f9f9f9; border: 0px; color: #444444; font-family: Tahoma, Geneva, sans-serif; font-feature-settings: inherit; font-kerning: inherit; font-language-override: inherit; font-optical-sizing: inherit; font-size-adjust: inherit; font-size: 13px; font-stretch: inherit; font-variant-alternates: inherit; font-variant-east-asian: inherit; font-variant-emoji: inherit; font-variant-numeric: inherit; font-variant-position: inherit; font-variation-settings: inherit; line-height: 22px; margin: 0px 0px 16px; padding: 0px; vertical-align: baseline;\"><strong style=\"border: 0px; font-family: inherit; font-feature-settings: inherit; font-kerning: inherit; font-language-override: inherit; font-optical-sizing: inherit; font-size-adjust: inherit; font-size: inherit; font-stretch: inherit; font-style: inherit; font-variant: inherit; font-variation-settings: inherit; font-weight: bold; line-height: inherit; margin: 0px; padding: 0px; vertical-align: baseline;\">OUTRAS DECIS\u00d5ES<\/strong>\u00a0\u2013 O conselho aprovou, ainda, a cria\u00e7\u00e3o das coordena\u00e7\u00f5es de licenciatura em Geografia e em Ci\u00eancias Biol\u00f3gicas. A medida \u00e9 estrat\u00e9gica para qualificar a governan\u00e7a acad\u00eamica ao separar as gest\u00f5es de bacharelado e licenciatura, o que permite um foco dedicado \u00e0s pol\u00edticas de forma\u00e7\u00e3o de professores.<\/p>\n<p style=\"background-color: #f9f9f9; border: 0px; color: #444444; font-family: Tahoma, Geneva, sans-serif; font-feature-settings: inherit; font-kerning: inherit; font-language-override: inherit; font-optical-sizing: inherit; font-size-adjust: inherit; font-size: 13px; font-stretch: inherit; font-variant-alternates: inherit; font-variant-east-asian: inherit; font-variant-emoji: inherit; font-variant-numeric: inherit; font-variant-position: inherit; font-variation-settings: inherit; line-height: 22px; margin: 0px 0px 16px; padding: 0px; vertical-align: baseline;\">Ainda na reuni\u00e3o foi aprovada a reformula\u00e7\u00e3o estrutural da Pr\u00f3-Reitoria de Extens\u00e3o (Prex), visando modernizar fluxos de trabalho e reduzir sobreposi\u00e7\u00f5es administrativas. Relatada pelo pr\u00f3-reitor adjunto de Extens\u00e3o, Thiago de Sales Silva, a mudan\u00e7a incluiu a cria\u00e7\u00e3o da Coordenadoria de Articula\u00e7\u00e3o Social, unidade que passa a centralizar o di\u00e1logo com atores externos e a formaliza\u00e7\u00e3o de parcerias estrat\u00e9gicas.<\/p>\n<p style=\"background-color: #f9f9f9; border: 0px; color: #444444; font-family: Tahoma, Geneva, sans-serif; font-feature-settings: inherit; font-kerning: inherit; font-language-override: inherit; font-optical-sizing: inherit; font-size-adjust: inherit; font-size: 13px; font-stretch: inherit; font-variant-alternates: inherit; font-variant-east-asian: inherit; font-variant-emoji: inherit; font-variant-numeric: inherit; font-variant-position: inherit; font-variation-settings: inherit; line-height: 22px; margin: 0px 0px 16px; padding: 0px; vertical-align: baseline;\">Fonte:\u00a0<em style=\"border: 0px; font-family: inherit; font-feature-settings: inherit; font-kerning: inherit; font-language-override: inherit; font-optical-sizing: inherit; font-size-adjust: inherit; font-size: inherit; font-stretch: inherit; font-variant: inherit; font-variation-settings: inherit; font-weight: inherit; line-height: inherit; margin: 0px; padding: 0px; vertical-align: baseline;\">Divis\u00e3o de Apoio aos Conselhos Superiores da UFC \u2013 e-mail:\u00a0<span id=\"cloake1248e54a1bd64f52af50db0d7c3f60b\" style=\"border: 0px; font: inherit; margin: 0px; padding: 0px; vertical-align: baseline;\"><a href=\"mailto:conselhos@ufc.br\" style=\"border-color: currentcolor currentcolor rgb(102, 153, 255); border-image: initial; border-style: none none dotted; border-width: 0px 0px 1px; color: #00629c; font: inherit; margin: 0px; padding: 0px; text-decoration: none; vertical-align: baseline;\">conselhos@ufc.br<\/a><\/span><\/em><\/p>\n<\/div>\n","protected":false},"excerpt":{"rendered":"<p>\u00a0Conselho Universit\u00e1rio (Consuni) da Universidade Federal do Cear\u00e1 (UFC) aprovou, na \u00faltima sexta-feira (24), a cria\u00e7\u00e3o da sua mais nova unidade acad\u00eamica: o\u00a0Instituto de Filosofia e Estudos Cl\u00e1ssicos (Ifec). Ap\u00f3s relatoria feita pelo diretor do Instituto de Cultura e Arte (ICA) da UFC, professor Iv\u00e2nio Lopes, a proposta foi aprovada por aclama\u00e7\u00e3o durante a 29\u00aa [&hellip;]<\/p>\n","protected":false},"author":88,"featured_media":68821,"comment_status":"closed","ping_status":"closed","sticky":false,"template":"","format":"standard","meta":{"_themeisle_gutenberg_block_has_review":false,"_jetpack_memberships_contains_paid_content":false,"footnotes":""},"categories":[4],"tags":[127,130],"class_list":{"0":"post-68820","1":"post","2":"type-post","3":"status-publish","4":"format-standard","5":"has-post-thumbnail","7":"category-regiao","8":"tag-cariri","9":"tag-ceara"},"jetpack_featured_media_url":"https:\/\/crajubaremacao.com.br\/wp-content\/uploads\/2026\/04\/ft_260427_consuni.jpg","jetpack_sharing_enabled":true,"_links":{"self":[{"href":"https:\/\/crajubaremacao.com.br\/index.php?rest_route=\/wp\/v2\/posts\/68820","targetHints":{"allow":["GET"]}}],"collection":[{"href":"https:\/\/crajubaremacao.com.br\/index.php?rest_route=\/wp\/v2\/posts"}],"about":[{"href":"https:\/\/crajubaremacao.com.br\/index.php?rest_route=\/wp\/v2\/types\/post"}],"author":[{"embeddable":true,"href":"https:\/\/crajubaremacao.com.br\/index.php?rest_route=\/wp\/v2\/users\/88"}],"replies":[{"embeddable":true,"href":"https:\/\/crajubaremacao.com.br\/index.php?rest_route=%2Fwp%2Fv2%2Fcomments&post=68820"}],"version-history":[{"count":0,"href":"https:\/\/crajubaremacao.com.br\/index.php?rest_route=\/wp\/v2\/posts\/68820\/revisions"}],"wp:featuredmedia":[{"embeddable":true,"href":"https:\/\/crajubaremacao.com.br\/index.php?rest_route=\/wp\/v2\/media\/68821"}],"wp:attachment":[{"href":"https:\/\/crajubaremacao.com.br\/index.php?rest_route=%2Fwp%2Fv2%2Fmedia&parent=68820"}],"wp:term":[{"taxonomy":"category","embeddable":true,"href":"https:\/\/crajubaremacao.com.br\/index.php?rest_route=%2Fwp%2Fv2%2Fcategories&post=68820"},{"taxonomy":"post_tag","embeddable":true,"href":"https:\/\/crajubaremacao.com.br\/index.php?rest_route=%2Fwp%2Fv2%2Ftags&post=68820"}],"curies":[{"name":"wp","href":"https:\/\/api.w.org\/{rel}","templated":true}]}}