{"id":68822,"date":"2026-04-28T05:00:19","date_gmt":"2026-04-28T08:00:19","guid":{"rendered":"https:\/\/crajubaremacao.com.br\/?p=68822"},"modified":"2026-04-28T05:00:19","modified_gmt":"2026-04-28T08:00:19","slug":"em-cruz-governo-do-ceara-entrega-batalhao-do-raio-sistema-de-videomonitoramento-e-inicia-obras-de-requalificacao-hidrica","status":"publish","type":"post","link":"https:\/\/crajubaremacao.com.br\/?p=68822","title":{"rendered":"Em Cruz, Governo do Cear\u00e1 entrega Batalh\u00e3o do Raio, sistema de videomonitoramento e inicia obras de requalifica\u00e7\u00e3o h\u00eddrica"},"content":{"rendered":"<div>\n<p class=\"has-text-align-center\"><em>Munic\u00edpio agora disp\u00f5e de efetivo com 23 profissionais do grupamento, oito motocicletas, uma viatura e 14 c\u00e2meras<\/em><\/p>\n<p>A noite desta segunda-feira (27) chegou para o munic\u00edpio de Cruz repleta de entregas por parte do Governo do Cear\u00e1. Em evento comandado pelo governador Elmano de Freitas, a popula\u00e7\u00e3o da cidade recebeu o Batalh\u00e3o do Comando de Policiamento de Rondas de A\u00e7\u00f5es Intensivas e Ostensivas (CPRaio) da Pol\u00edcia Militar (PMCE) e o novo sistema de videomonitoramento. O chefe do Executivo Estadual autorizou, ainda, o in\u00edcio das obras para a requalifica\u00e7\u00e3o do sistema h\u00eddrico no distrito de Lagoa dos Monteiros.<\/p>\n<figure class=\"wp-block-image size-large\"><img fetchpriority=\"high\" fetchpriority=\"high\" decoding=\"async\" width=\"1200\" height=\"800\" src=\"https:\/\/www.ce.gov.br\/wp-content\/uploads\/2026\/04\/1R8A3854-1200x800.jpg\" alt=\"\" class=\"wp-image-320228\" srcset=\"https:\/\/www.ce.gov.br\/wp-content\/uploads\/2026\/04\/1R8A3854-1200x800.jpg 1200w, https:\/\/www.ce.gov.br\/wp-content\/uploads\/2026\/04\/1R8A3854-600x400.jpg 600w, https:\/\/www.ce.gov.br\/wp-content\/uploads\/2026\/04\/1R8A3854-768x512.jpg 768w, https:\/\/www.ce.gov.br\/wp-content\/uploads\/2026\/04\/1R8A3854-1536x1024.jpg 1536w, https:\/\/www.ce.gov.br\/wp-content\/uploads\/2026\/04\/1R8A3854-2048x1365.jpg 2048w\" sizes=\"(max-width: 1200px) 100vw, 1200px\"><\/figure>\n<p>\u201cEsse \u00e9 um momento muito importante para o povo do Cruz. Estou orgulhoso de estar aqui hoje. Tudo isso s\u00f3 \u00e9 poss\u00edvel pela parceria com o nosso prefeito (Dery). Eu sei que a maior preocupa\u00e7\u00e3o do nosso povo \u00e9 a seguran\u00e7a e o que estamos fazendo hoje \u00e9 fortalecer as nossas for\u00e7as de seguran\u00e7a. Tudo o que eu puder fazer nesse sentido eu irei fazer. Viva a PMCE pelos homens e mulheres que n\u00f3s temos, s\u00e3o eles que podem nos dar mais tranquilidade para viver em paz. O nosso povo tem esse direito\u201d, destacou o governador Elmano de Freitas.<\/p>\n<div class=\"wp-block-group is-layout-grid wp-container-core-group-is-layout-baef362d wp-block-group-is-layout-grid\">\n<figure data-wp-context='{\"imageId\":\"69f018219f49b\"}' data-wp-interactive=\"core\/image\" data-wp-key=\"69f018219f49b\" class=\"wp-block-image size-large wp-lightbox-container\"><img loading=\"lazy\" loading=\"lazy\" decoding=\"async\" width=\"1200\" height=\"800\" data-wp-class--hide=\"state.isContentHidden\" data-wp-class--show=\"state.isContentVisible\" data-wp-init=\"callbacks.setButtonStyles\" data-wp-on--click=\"actions.showLightbox\" data-wp-on--load=\"callbacks.setButtonStyles\" data-wp-on-window--resize=\"callbacks.setButtonStyles\" src=\"https:\/\/www.ce.gov.br\/wp-content\/uploads\/2026\/04\/1R8A2666-1200x800.jpg\" alt=\"\" class=\"wp-image-320246\" srcset=\"https:\/\/www.ce.gov.br\/wp-content\/uploads\/2026\/04\/1R8A2666-1200x800.jpg 1200w, https:\/\/www.ce.gov.br\/wp-content\/uploads\/2026\/04\/1R8A2666-600x400.jpg 600w, https:\/\/www.ce.gov.br\/wp-content\/uploads\/2026\/04\/1R8A2666-768x512.jpg 768w, https:\/\/www.ce.gov.br\/wp-content\/uploads\/2026\/04\/1R8A2666-1536x1024.jpg 1536w, https:\/\/www.ce.gov.br\/wp-content\/uploads\/2026\/04\/1R8A2666-2048x1365.jpg 2048w\" sizes=\"auto, (max-width: 1200px) 100vw, 1200px\"><button class=\"lightbox-trigger\" type=\"button\" aria-haspopup=\"dialog\" aria-label=\"Ampliar\" data-wp-init=\"callbacks.initTriggerButton\" data-wp-on--click=\"actions.showLightbox\" data-wp-style--right=\"state.imageButtonRight\" data-wp-style--top=\"state.imageButtonTop\"><br \/>\n\t\t\t<svg xmlns=\"https:\/\/www.w3.org\/2000\/svg\" width=\"12\" height=\"12\" fill=\"none\" viewbox=\"0 0 12 12\">\n\t\t\t\t<path fill=\"#fff\" d=\"M2 0a2 2 0 0 0-2 2v2h1.5V2a.5.5 0 0 1 .5-.5h2V0H2Zm2 10.5H2a.5.5 0 0 1-.5-.5V8H0v2a2 2 0 0 0 2 2h2v-1.5ZM8 12v-1.5h2a.5.5 0 0 0 .5-.5V8H12v2a2 2 0 0 1-2 2H8Zm2-12a2 2 0 0 1 2 2v2h-1.5V2a.5.5 0 0 0-.5-.5H8V0h2Z\"><\/path>\n\t\t\t<\/svg><br \/>\n\t\t<\/button><\/figure>\n<figure data-wp-context='{\"imageId\":\"69f018219f914\"}' data-wp-interactive=\"core\/image\" data-wp-key=\"69f018219f914\" class=\"wp-block-image size-large wp-lightbox-container\"><img loading=\"lazy\" loading=\"lazy\" decoding=\"async\" width=\"1200\" height=\"800\" data-wp-class--hide=\"state.isContentHidden\" data-wp-class--show=\"state.isContentVisible\" data-wp-init=\"callbacks.setButtonStyles\" data-wp-on--click=\"actions.showLightbox\" data-wp-on--load=\"callbacks.setButtonStyles\" data-wp-on-window--resize=\"callbacks.setButtonStyles\" src=\"https:\/\/www.ce.gov.br\/wp-content\/uploads\/2026\/04\/201681e7-8190-4220-be22-513ac64de5a8-copied-media2-1200x800.jpg\" alt=\"\" class=\"wp-image-320235\" srcset=\"https:\/\/www.ce.gov.br\/wp-content\/uploads\/2026\/04\/201681e7-8190-4220-be22-513ac64de5a8-copied-media2-1200x800.jpg 1200w, https:\/\/www.ce.gov.br\/wp-content\/uploads\/2026\/04\/201681e7-8190-4220-be22-513ac64de5a8-copied-media2-600x400.jpg 600w, https:\/\/www.ce.gov.br\/wp-content\/uploads\/2026\/04\/201681e7-8190-4220-be22-513ac64de5a8-copied-media2-768x512.jpg 768w, https:\/\/www.ce.gov.br\/wp-content\/uploads\/2026\/04\/201681e7-8190-4220-be22-513ac64de5a8-copied-media2-1536x1024.jpg 1536w, https:\/\/www.ce.gov.br\/wp-content\/uploads\/2026\/04\/201681e7-8190-4220-be22-513ac64de5a8-copied-media2-2048x1365.jpg 2048w\" sizes=\"auto, (max-width: 1200px) 100vw, 1200px\"><button class=\"lightbox-trigger\" type=\"button\" aria-haspopup=\"dialog\" aria-label=\"Ampliar\" data-wp-init=\"callbacks.initTriggerButton\" data-wp-on--click=\"actions.showLightbox\" data-wp-style--right=\"state.imageButtonRight\" data-wp-style--top=\"state.imageButtonTop\"><br \/>\n\t\t\t<svg xmlns=\"https:\/\/www.w3.org\/2000\/svg\" width=\"12\" height=\"12\" fill=\"none\" viewbox=\"0 0 12 12\">\n\t\t\t\t<path fill=\"#fff\" d=\"M2 0a2 2 0 0 0-2 2v2h1.5V2a.5.5 0 0 1 .5-.5h2V0H2Zm2 10.5H2a.5.5 0 0 1-.5-.5V8H0v2a2 2 0 0 0 2 2h2v-1.5ZM8 12v-1.5h2a.5.5 0 0 0 .5-.5V8H12v2a2 2 0 0 1-2 2H8Zm2-12a2 2 0 0 1 2 2v2h-1.5V2a.5.5 0 0 0-.5-.5H8V0h2Z\"><\/path>\n\t\t\t<\/svg><br \/>\n\t\t<\/button><\/figure>\n<figure data-wp-context='{\"imageId\":\"69f018219fd5d\"}' data-wp-interactive=\"core\/image\" data-wp-key=\"69f018219fd5d\" class=\"wp-block-image size-large wp-lightbox-container\"><img loading=\"lazy\" loading=\"lazy\" decoding=\"async\" width=\"1200\" height=\"800\" data-wp-class--hide=\"state.isContentHidden\" data-wp-class--show=\"state.isContentVisible\" data-wp-init=\"callbacks.setButtonStyles\" data-wp-on--click=\"actions.showLightbox\" data-wp-on--load=\"callbacks.setButtonStyles\" data-wp-on-window--resize=\"callbacks.setButtonStyles\" src=\"https:\/\/www.ce.gov.br\/wp-content\/uploads\/2026\/04\/1R8A2484-1200x800.jpg\" alt=\"\" class=\"wp-image-320248\" srcset=\"https:\/\/www.ce.gov.br\/wp-content\/uploads\/2026\/04\/1R8A2484-1200x800.jpg 1200w, https:\/\/www.ce.gov.br\/wp-content\/uploads\/2026\/04\/1R8A2484-600x400.jpg 600w, https:\/\/www.ce.gov.br\/wp-content\/uploads\/2026\/04\/1R8A2484-768x512.jpg 768w, https:\/\/www.ce.gov.br\/wp-content\/uploads\/2026\/04\/1R8A2484-1536x1024.jpg 1536w, https:\/\/www.ce.gov.br\/wp-content\/uploads\/2026\/04\/1R8A2484-2048x1365.jpg 2048w\" sizes=\"auto, (max-width: 1200px) 100vw, 1200px\"><button class=\"lightbox-trigger\" type=\"button\" aria-haspopup=\"dialog\" aria-label=\"Ampliar\" data-wp-init=\"callbacks.initTriggerButton\" data-wp-on--click=\"actions.showLightbox\" data-wp-style--right=\"state.imageButtonRight\" data-wp-style--top=\"state.imageButtonTop\"><br \/>\n\t\t\t<svg xmlns=\"https:\/\/www.w3.org\/2000\/svg\" width=\"12\" height=\"12\" fill=\"none\" viewbox=\"0 0 12 12\">\n\t\t\t\t<path fill=\"#fff\" d=\"M2 0a2 2 0 0 0-2 2v2h1.5V2a.5.5 0 0 1 .5-.5h2V0H2Zm2 10.5H2a.5.5 0 0 1-.5-.5V8H0v2a2 2 0 0 0 2 2h2v-1.5ZM8 12v-1.5h2a.5.5 0 0 0 .5-.5V8H12v2a2 2 0 0 1-2 2H8Zm2-12a2 2 0 0 1 2 2v2h-1.5V2a.5.5 0 0 0-.5-.5H8V0h2Z\"><\/path>\n\t\t\t<\/svg><br \/>\n\t\t<\/button><\/figure>\n<figure data-wp-context='{\"imageId\":\"69f01821a0192\"}' data-wp-interactive=\"core\/image\" data-wp-key=\"69f01821a0192\" class=\"wp-block-image size-large wp-lightbox-container\"><img loading=\"lazy\" loading=\"lazy\" decoding=\"async\" width=\"1200\" height=\"800\" data-wp-class--hide=\"state.isContentHidden\" data-wp-class--show=\"state.isContentVisible\" data-wp-init=\"callbacks.setButtonStyles\" data-wp-on--click=\"actions.showLightbox\" data-wp-on--load=\"callbacks.setButtonStyles\" data-wp-on-window--resize=\"callbacks.setButtonStyles\" src=\"https:\/\/www.ce.gov.br\/wp-content\/uploads\/2026\/04\/1R8A2591-1200x800.jpg\" alt=\"\" class=\"wp-image-320249\" srcset=\"https:\/\/www.ce.gov.br\/wp-content\/uploads\/2026\/04\/1R8A2591-1200x800.jpg 1200w, https:\/\/www.ce.gov.br\/wp-content\/uploads\/2026\/04\/1R8A2591-600x400.jpg 600w, https:\/\/www.ce.gov.br\/wp-content\/uploads\/2026\/04\/1R8A2591-768x512.jpg 768w, https:\/\/www.ce.gov.br\/wp-content\/uploads\/2026\/04\/1R8A2591-1536x1024.jpg 1536w, https:\/\/www.ce.gov.br\/wp-content\/uploads\/2026\/04\/1R8A2591-2048x1365.jpg 2048w\" sizes=\"auto, (max-width: 1200px) 100vw, 1200px\"><button class=\"lightbox-trigger\" type=\"button\" aria-haspopup=\"dialog\" aria-label=\"Ampliar\" data-wp-init=\"callbacks.initTriggerButton\" data-wp-on--click=\"actions.showLightbox\" data-wp-style--right=\"state.imageButtonRight\" data-wp-style--top=\"state.imageButtonTop\"><br \/>\n\t\t\t<svg xmlns=\"https:\/\/www.w3.org\/2000\/svg\" width=\"12\" height=\"12\" fill=\"none\" viewbox=\"0 0 12 12\">\n\t\t\t\t<path fill=\"#fff\" d=\"M2 0a2 2 0 0 0-2 2v2h1.5V2a.5.5 0 0 1 .5-.5h2V0H2Zm2 10.5H2a.5.5 0 0 1-.5-.5V8H0v2a2 2 0 0 0 2 2h2v-1.5ZM8 12v-1.5h2a.5.5 0 0 0 .5-.5V8H12v2a2 2 0 0 1-2 2H8Zm2-12a2 2 0 0 1 2 2v2h-1.5V2a.5.5 0 0 0-.5-.5H8V0h2Z\"><\/path>\n\t\t\t<\/svg><br \/>\n\t\t<\/button><\/figure>\n<\/div>\n<p>Base do CPRaio de n\u00famero 82 em todo Cear\u00e1, o Batalh\u00e3o de Cruz disp\u00f5e de efetivo com 23 profissionais, oito motocicletas e uma viatura. O sistema de videomonitoramento, por sua vez, conta com 14 c\u00e2meras.<\/p>\n<figure class=\"wp-block-image size-large\"><img loading=\"lazy\" loading=\"lazy\" decoding=\"async\" width=\"1200\" height=\"800\" src=\"https:\/\/www.ce.gov.br\/wp-content\/uploads\/2026\/04\/1R8A3542-1200x800.jpg\" alt=\"\" class=\"wp-image-320227\" srcset=\"https:\/\/www.ce.gov.br\/wp-content\/uploads\/2026\/04\/1R8A3542-1200x800.jpg 1200w, https:\/\/www.ce.gov.br\/wp-content\/uploads\/2026\/04\/1R8A3542-600x400.jpg 600w, https:\/\/www.ce.gov.br\/wp-content\/uploads\/2026\/04\/1R8A3542-768x512.jpg 768w, https:\/\/www.ce.gov.br\/wp-content\/uploads\/2026\/04\/1R8A3542-1536x1024.jpg 1536w, https:\/\/www.ce.gov.br\/wp-content\/uploads\/2026\/04\/1R8A3542-2048x1365.jpg 2048w\" sizes=\"auto, (max-width: 1200px) 100vw, 1200px\"><\/figure>\n<p>Secret\u00e1rio da Seguran\u00e7a P\u00fablica e Defesa Social, Roberto S\u00e1, destacou todos os esfor\u00e7os do Governo do Cear\u00e1 para combater a criminalidade. \u201cNo nosso pa\u00eds n\u00e3o \u00e9 f\u00e1cil administrar o Estado, com tantas \u00e1reas para investir, e ainda sim obter um resultado positivo. Estamos, desde o ano passado, reduzindo os \u00edndices de criminalidade com muito suor, com muito trabalho. Eu conto muito com o profissionalismo de cada um e cada uma para que possamos ca\u00e7ar esses bandidos. Sempre combatendo a impunidade, identificando, prendendo e entregando essas pessoas para a Justi\u00e7a\u201d, afirmou.<\/p>\n<figure class=\"wp-block-image size-large\"><img loading=\"lazy\" loading=\"lazy\" decoding=\"async\" width=\"1200\" height=\"800\" src=\"https:\/\/www.ce.gov.br\/wp-content\/uploads\/2026\/04\/1R8A2709-1200x800.jpg\" alt=\"\" class=\"wp-image-320225\" srcset=\"https:\/\/www.ce.gov.br\/wp-content\/uploads\/2026\/04\/1R8A2709-1200x800.jpg 1200w, https:\/\/www.ce.gov.br\/wp-content\/uploads\/2026\/04\/1R8A2709-600x400.jpg 600w, https:\/\/www.ce.gov.br\/wp-content\/uploads\/2026\/04\/1R8A2709-768x512.jpg 768w, https:\/\/www.ce.gov.br\/wp-content\/uploads\/2026\/04\/1R8A2709-1536x1024.jpg 1536w, https:\/\/www.ce.gov.br\/wp-content\/uploads\/2026\/04\/1R8A2709-2048x1365.jpg 2048w\" sizes=\"auto, (max-width: 1200px) 100vw, 1200px\"><\/figure>\n<p>Desde 2023, j\u00e1 foram inauguradas bases do Raio nos munic\u00edpios de Nova Russas, Chorozinho, Campos Sales, Ibiapina, Novo Oriente, Forquilha, Marco, Cariria\u00e7u, Guai\u00faba, Ocara, Cedro, Aracoiaba e Cruz. At\u00e9 o fim deste ano, Reden\u00e7\u00e3o, Milagres, Independ\u00eancia e Senador Pompeu tamb\u00e9m devem receber os seus batalh\u00f5es.<\/p>\n<figure class=\"wp-block-image size-large\"><img loading=\"lazy\" loading=\"lazy\" decoding=\"async\" width=\"1200\" height=\"800\" src=\"https:\/\/www.ce.gov.br\/wp-content\/uploads\/2026\/04\/1R8A4314-1200x800.jpg\" alt=\"\" class=\"wp-image-320230\" srcset=\"https:\/\/www.ce.gov.br\/wp-content\/uploads\/2026\/04\/1R8A4314-1200x800.jpg 1200w, https:\/\/www.ce.gov.br\/wp-content\/uploads\/2026\/04\/1R8A4314-600x400.jpg 600w, https:\/\/www.ce.gov.br\/wp-content\/uploads\/2026\/04\/1R8A4314-768x512.jpg 768w, https:\/\/www.ce.gov.br\/wp-content\/uploads\/2026\/04\/1R8A4314-1536x1024.jpg 1536w, https:\/\/www.ce.gov.br\/wp-content\/uploads\/2026\/04\/1R8A4314-2048x1365.jpg 2048w\" sizes=\"auto, (max-width: 1200px) 100vw, 1200px\"><\/figure>\n<p>Comandante-geral da PMCE, coronel Sinval Sampaio ressaltou todo o crescimento das for\u00e7as de seguran\u00e7a por meio dos investimentos do Estado. \u201cQueria agradecer ao governador, ao prefeito, a todos aqueles que direta ou indiretamente foram respons\u00e1veis por essa estrutura. Quero agradecer tamb\u00e9m a esses homens e mulheres que formam o Raio. Com certeza, a miss\u00e3o do Raio de Cruz ir\u00e1 render boas hist\u00f3rias a todos voc\u00eas. Hoje, a PMCE cresce toda junta. Assim, todos os tipos de modalidades de policiamentos s\u00e3o reconhecidos. Muito obrigado aos policiais militares e viva o povo de Cruz\u201d, pontuou.<\/p>\n<figure class=\"wp-block-image size-large\"><img loading=\"lazy\" loading=\"lazy\" decoding=\"async\" width=\"1200\" height=\"800\" src=\"https:\/\/www.ce.gov.br\/wp-content\/uploads\/2026\/04\/1R8A4260-1200x800.jpg\" alt=\"\" class=\"wp-image-320229\" srcset=\"https:\/\/www.ce.gov.br\/wp-content\/uploads\/2026\/04\/1R8A4260-1200x800.jpg 1200w, https:\/\/www.ce.gov.br\/wp-content\/uploads\/2026\/04\/1R8A4260-600x400.jpg 600w, https:\/\/www.ce.gov.br\/wp-content\/uploads\/2026\/04\/1R8A4260-768x512.jpg 768w, https:\/\/www.ce.gov.br\/wp-content\/uploads\/2026\/04\/1R8A4260-1536x1024.jpg 1536w, https:\/\/www.ce.gov.br\/wp-content\/uploads\/2026\/04\/1R8A4260-2048x1365.jpg 2048w\" sizes=\"auto, (max-width: 1200px) 100vw, 1200px\"><\/figure>\n<p>O munic\u00edpio de Cruz faz parte da 4\u00aa fase de expans\u00e3o do CPRaio, que engloba cidades com popula\u00e7\u00e3o acima de 25 mil pessoas.<\/p>\n<h4 class=\"wp-block-heading\">Trabalho integrado<\/h4>\n<figure class=\"wp-block-image size-large\"><img loading=\"lazy\" loading=\"lazy\" decoding=\"async\" width=\"1200\" height=\"800\" src=\"https:\/\/www.ce.gov.br\/wp-content\/uploads\/2026\/04\/1R8A2571-1200x800.jpg\" alt=\"\" class=\"wp-image-320236\" srcset=\"https:\/\/www.ce.gov.br\/wp-content\/uploads\/2026\/04\/1R8A2571-1200x800.jpg 1200w, https:\/\/www.ce.gov.br\/wp-content\/uploads\/2026\/04\/1R8A2571-600x400.jpg 600w, https:\/\/www.ce.gov.br\/wp-content\/uploads\/2026\/04\/1R8A2571-768x512.jpg 768w, https:\/\/www.ce.gov.br\/wp-content\/uploads\/2026\/04\/1R8A2571-1536x1024.jpg 1536w, https:\/\/www.ce.gov.br\/wp-content\/uploads\/2026\/04\/1R8A2571-2048x1365.jpg 2048w\" sizes=\"auto, (max-width: 1200px) 100vw, 1200px\"><\/figure>\n<p>Comandante do Batalh\u00e3o de Cruz, o tenente Joelysson de Souza salientou a import\u00e2ncia do trabalho integrado do Raio com as demais for\u00e7as de seguran\u00e7a. \u201cHoje o Raio j\u00e1 conta com mais de 3 mil policiais. Cerca de 80% da popula\u00e7\u00e3o j\u00e1 est\u00e1 assistida com nossas for\u00e7as. O Batalh\u00e3o traz mais integra\u00e7\u00e3o para suplementar o policiamento no munic\u00edpio. Com isso, \u00e9 mais preven\u00e7\u00e3o e mais combate a criminalidade na regi\u00e3o\u201d, disse.<\/p>\n<figure class=\"wp-block-image size-large\"><img loading=\"lazy\" loading=\"lazy\" decoding=\"async\" width=\"1200\" height=\"800\" src=\"https:\/\/www.ce.gov.br\/wp-content\/uploads\/2026\/04\/1R8A2611-1200x800.jpg\" alt=\"\" class=\"wp-image-320237\" srcset=\"https:\/\/www.ce.gov.br\/wp-content\/uploads\/2026\/04\/1R8A2611-1200x800.jpg 1200w, https:\/\/www.ce.gov.br\/wp-content\/uploads\/2026\/04\/1R8A2611-600x400.jpg 600w, https:\/\/www.ce.gov.br\/wp-content\/uploads\/2026\/04\/1R8A2611-768x512.jpg 768w, https:\/\/www.ce.gov.br\/wp-content\/uploads\/2026\/04\/1R8A2611-1536x1024.jpg 1536w, https:\/\/www.ce.gov.br\/wp-content\/uploads\/2026\/04\/1R8A2611-2048x1365.jpg 2048w\" sizes=\"auto, (max-width: 1200px) 100vw, 1200px\"><\/figure>\n<p>Natural de Sobral, Emily Siebra \u00e9 soldado da PMCE h\u00e1 tr\u00eas anos e meio, ingressando no CPRaio recentemente. Ao lado de toda a fam\u00edlia na inaugura\u00e7\u00e3o do Batalh\u00e3o para onde foi destacada, a profissional realizou um sonho. \u201cDesde crian\u00e7a eu gostava de moto, de pilotagem. J\u00e1 tive esse essa identifica\u00e7\u00e3o com o Raio. N\u00e3o tenho d\u00favidas que o Batalh\u00e3o vai fortalecer o policiamento que j\u00e1 existe em Cruz. Estou extremamente feliz com esse sonho realizado e pronta para servir o povo cearense\u201d, contou.<\/p>\n<h4 class=\"wp-block-heading\">Mais seguran\u00e7a h\u00eddrica<\/h4>\n<figure class=\"wp-block-image size-large\"><img loading=\"lazy\" loading=\"lazy\" decoding=\"async\" width=\"1200\" height=\"800\" src=\"https:\/\/www.ce.gov.br\/wp-content\/uploads\/2026\/04\/1R8A3989-1200x800.jpg\" alt=\"\" class=\"wp-image-320238\" srcset=\"https:\/\/www.ce.gov.br\/wp-content\/uploads\/2026\/04\/1R8A3989-1200x800.jpg 1200w, https:\/\/www.ce.gov.br\/wp-content\/uploads\/2026\/04\/1R8A3989-600x400.jpg 600w, https:\/\/www.ce.gov.br\/wp-content\/uploads\/2026\/04\/1R8A3989-768x512.jpg 768w, https:\/\/www.ce.gov.br\/wp-content\/uploads\/2026\/04\/1R8A3989-1536x1024.jpg 1536w, https:\/\/www.ce.gov.br\/wp-content\/uploads\/2026\/04\/1R8A3989-2048x1365.jpg 2048w\" sizes=\"auto, (max-width: 1200px) 100vw, 1200px\"><\/figure>\n<p>Durante o momento, o govenador Elmano de Freitas tamb\u00e9m assinou ordem de servi\u00e7o para o in\u00edcio das obras de requalifica\u00e7\u00e3o h\u00eddrica no distrito de Lagoa dos Monteiros, beneficiando 468 fam\u00edlias. O investimento para a a\u00e7\u00e3o \u00e9 de R$ 4,9 milh\u00f5es.<\/p>\n<figure class=\"wp-block-image size-large\"><img loading=\"lazy\" loading=\"lazy\" decoding=\"async\" width=\"1200\" height=\"800\" src=\"https:\/\/www.ce.gov.br\/wp-content\/uploads\/2026\/04\/1R8A3051-1200x800.jpg\" alt=\"\" class=\"wp-image-320239\" srcset=\"https:\/\/www.ce.gov.br\/wp-content\/uploads\/2026\/04\/1R8A3051-1200x800.jpg 1200w, https:\/\/www.ce.gov.br\/wp-content\/uploads\/2026\/04\/1R8A3051-600x400.jpg 600w, https:\/\/www.ce.gov.br\/wp-content\/uploads\/2026\/04\/1R8A3051-768x512.jpg 768w, https:\/\/www.ce.gov.br\/wp-content\/uploads\/2026\/04\/1R8A3051-1536x1024.jpg 1536w, https:\/\/www.ce.gov.br\/wp-content\/uploads\/2026\/04\/1R8A3051-2048x1365.jpg 2048w\" sizes=\"auto, (max-width: 1200px) 100vw, 1200px\"><\/figure>\n<p>\u201cIremos revitalizar todo o sistema de abastecimento de \u00e1gua. Essa \u00e9 uma luta de alguns anos que vai beneficiar toda uma comunidade. Esse \u00e9 mais um motivo para parabenizar a popula\u00e7\u00e3o de Cruz e dizer que estamos \u00e0 disposi\u00e7\u00e3o para entregar essa obra o quanto antes\u201d, salientou o secret\u00e1rio das Cidades, Negreiros Bastos.<\/p>\n<p>A obra visa reformar uma tubula\u00e7\u00e3o de 31 km j\u00e1 existente, ampliando a capacidade de transporte de \u00e1gua e tamb\u00e9m melhorando a qualidade no tratamento para o fornecimento h\u00eddrico.<\/p>\n<figure class=\"wp-block-image size-large\"><img loading=\"lazy\" loading=\"lazy\" decoding=\"async\" width=\"1200\" height=\"800\" src=\"https:\/\/www.ce.gov.br\/wp-content\/uploads\/2026\/04\/1R8A3575-1200x800.jpg\" alt=\"\" class=\"wp-image-320240\" srcset=\"https:\/\/www.ce.gov.br\/wp-content\/uploads\/2026\/04\/1R8A3575-1200x800.jpg 1200w, https:\/\/www.ce.gov.br\/wp-content\/uploads\/2026\/04\/1R8A3575-600x400.jpg 600w, https:\/\/www.ce.gov.br\/wp-content\/uploads\/2026\/04\/1R8A3575-768x512.jpg 768w, https:\/\/www.ce.gov.br\/wp-content\/uploads\/2026\/04\/1R8A3575-1536x1024.jpg 1536w, https:\/\/www.ce.gov.br\/wp-content\/uploads\/2026\/04\/1R8A3575-2048x1365.jpg 2048w\" sizes=\"auto, (max-width: 1200px) 100vw, 1200px\"><\/figure>\n<p>Prefeito de Cruz, Dery Muniz, agradeceu o apoio do Estado e projetou um futuro com mais desenvolvimento. \u201cO povo de Cruz j\u00e1 esperava e est\u00e1 satisfeito com esses investimentos. Governador, Cruz lhe agradece muito por tudo isso. Eu tenho orgulho de fazer parte desse projeto. Nosso lema \u00e9 continuar e avan\u00e7ar. Seguiremos fazendo isso\u201d, comentou.<\/p>\n<\/p>\n<p>O post <a href=\"https:\/\/www.ce.gov.br\/2026\/04\/27\/em-cruz-governo-do-ceara-entrega-batalhao-do-raio-sistema-de-videomonitoramento-e-inicia-obras-de-requalificacao-hidrica\/\">Em Cruz, Governo do Cear\u00e1 entrega Batalh\u00e3o do Raio, sistema de videomonitoramento e inicia obras de requalifica\u00e7\u00e3o h\u00eddrica<\/a> apareceu primeiro em <a href=\"https:\/\/www.ce.gov.br\/\">Governo do Estado do Cear\u00e1<\/a>.<\/p>\n<\/div>\n","protected":false},"excerpt":{"rendered":"<p>Munic\u00edpio agora disp\u00f5e de efetivo com 23 profissionais do grupamento, oito motocicletas, uma viatura e 14 c\u00e2meras A noite desta segunda-feira (27) chegou para o munic\u00edpio de Cruz repleta de entregas por parte do Governo do Cear\u00e1. Em evento comandado pelo governador Elmano de Freitas, a popula\u00e7\u00e3o da cidade recebeu o Batalh\u00e3o do Comando de [&hellip;]<\/p>\n","protected":false},"author":265,"featured_media":68823,"comment_status":"closed","ping_status":"closed","sticky":false,"template":"","format":"standard","meta":{"_themeisle_gutenberg_block_has_review":false,"_jetpack_memberships_contains_paid_content":false,"footnotes":""},"categories":[4],"tags":[127,130],"class_list":{"0":"post-68822","1":"post","2":"type-post","3":"status-publish","4":"format-standard","5":"has-post-thumbnail","7":"category-regiao","8":"tag-cariri","9":"tag-ceara"},"jetpack_featured_media_url":"https:\/\/crajubaremacao.com.br\/wp-content\/uploads\/2026\/04\/1R8A3854-1200x800-1.jpg","jetpack_sharing_enabled":true,"_links":{"self":[{"href":"https:\/\/crajubaremacao.com.br\/index.php?rest_route=\/wp\/v2\/posts\/68822","targetHints":{"allow":["GET"]}}],"collection":[{"href":"https:\/\/crajubaremacao.com.br\/index.php?rest_route=\/wp\/v2\/posts"}],"about":[{"href":"https:\/\/crajubaremacao.com.br\/index.php?rest_route=\/wp\/v2\/types\/post"}],"author":[{"embeddable":true,"href":"https:\/\/crajubaremacao.com.br\/index.php?rest_route=\/wp\/v2\/users\/265"}],"replies":[{"embeddable":true,"href":"https:\/\/crajubaremacao.com.br\/index.php?rest_route=%2Fwp%2Fv2%2Fcomments&post=68822"}],"version-history":[{"count":0,"href":"https:\/\/crajubaremacao.com.br\/index.php?rest_route=\/wp\/v2\/posts\/68822\/revisions"}],"wp:featuredmedia":[{"embeddable":true,"href":"https:\/\/crajubaremacao.com.br\/index.php?rest_route=\/wp\/v2\/media\/68823"}],"wp:attachment":[{"href":"https:\/\/crajubaremacao.com.br\/index.php?rest_route=%2Fwp%2Fv2%2Fmedia&parent=68822"}],"wp:term":[{"taxonomy":"category","embeddable":true,"href":"https:\/\/crajubaremacao.com.br\/index.php?rest_route=%2Fwp%2Fv2%2Fcategories&post=68822"},{"taxonomy":"post_tag","embeddable":true,"href":"https:\/\/crajubaremacao.com.br\/index.php?rest_route=%2Fwp%2Fv2%2Ftags&post=68822"}],"curies":[{"name":"wp","href":"https:\/\/api.w.org\/{rel}","templated":true}]}}