{"id":68838,"date":"2026-04-28T12:02:08","date_gmt":"2026-04-28T15:02:08","guid":{"rendered":"https:\/\/crajubaremacao.com.br\/?p=68838"},"modified":"2026-04-28T12:02:08","modified_gmt":"2026-04-28T15:02:08","slug":"pgr-arquiva-pedido-de-zema-para-investigar-gilmar-por-homofobia","status":"publish","type":"post","link":"https:\/\/crajubaremacao.com.br\/?p=68838","title":{"rendered":"PGR arquiva pedido de Zema para investigar Gilmar por homofobia"},"content":{"rendered":"<div>\n<div style=\"margin-bottom: 15px;\"><img decoding=\"async\" class=\"type:primaryImage\" src=\"https:\/\/jpimg.com.br\/uploads\/2026\/04\/design-sem-nome-2026-04-20t141244.626-750x450.png\"><\/div>\n<p><?xml encoding=\"UTF-8\"><\/p>\n<p>A Procuradoria-Geral da Rep\u00fablica (PGR) <strong>arquivou<\/strong> na segunda-feira (27) um <strong>pedido de Romeu Zema<\/strong> (Novo) para <strong>investigar o ministro Gilmar Mendes<\/strong>, do Supremo Tribunal Federal (STF), por <strong>homofobia<\/strong> contra o ex-governador de Minas Gerais e pr\u00e9-candidato \u00e0 Presid\u00eancia.<\/p>\n<p>O pedido fazia refer\u00eancia \u00e0 uma entrevista de Gilmar ao portal Metr\u00f3poles na semana passada, na qual o magistrado <strong>criticava uma publica\u00e7\u00e3o de Zema<\/strong> sobre a s\u00e9rie \u201cOs Intoc\u00e1veis\u201d, quando perguntou se seria ofensivo fazer bonecos do ex-governador de MG como <strong>homossexual<\/strong>.<\/p>\n<p>\u201cSe come\u00e7amos a fazer piadas com coisas s\u00e9rias, com as institui\u00e7\u00f5es, imagine que comecemos a fazer bonecos do Zema como homossexual. Ser\u00e1 que n\u00e3o \u00e9 ofensivo? \u00c9 correto brincar com isso?\u201d, disse Gilmar Mendes.<\/p>\n<p>Na decis\u00e3o, o chefe de gabinete do procurador-geral da Rep\u00fablica, Ubiratan Cazetta, <strong>negou a ideia de homofobia<\/strong> alegada no pedido para abertura de uma a\u00e7\u00e3o civil p\u00fablica.<\/p>\n<p>\u201cSendo assim, n\u00e3o se identificando na presente representa\u00e7\u00e3o elementos m\u00ednimos que indiquem viola\u00e7\u00e3o relevante e atual a direitos transindividuais, il\u00edcito penal, bem como a necessidade de atua\u00e7\u00e3o institucional, arquive-se, dando-se ci\u00eancia ao representante\u201d, diz a decis\u00e3o.<\/p>\n<h2>Rea\u00e7\u00e3o de Zema<\/h2>\n<p>Zema reagiu \u00e0 fala de Gilmar e, tamb\u00e9m nas redes sociais, afirmou que o ministro do STF mostrou \u201ctodo o seu preconceito para o Brasil\u201d.<\/p>\n<blockquote class=\"twitter-tweet\">\n<p dir=\"ltr\" lang=\"pt\">Inacredit\u00e1vel. Gilmar Mendes equipara a nossa s\u00e1tira dos intoc\u00e1veis com uma poss\u00edvel s\u00e1tira do STF me representando como homossexual e ladr\u00e3o.<\/p>\n<p>Nem tenho mais palavras pra definir o que est\u00e1 acontecendo. Esse sujeito extrapola cada vez mais os limites. Se comporta como um\u2026 <a href=\"https:\/\/t.co\/BnmRndx5wR\">pic.twitter.com\/BnmRndx5wR<\/a><\/p>\n<p>\u2014 Romeu Zema (@RomeuZema) <a href=\"https:\/\/twitter.com\/RomeuZema\/status\/2047464235903463621?ref_src=twsrc%5Etfw\">April 23, 2026<\/a><\/p>\n<\/blockquote>\n<p><script async src=\"https:\/\/platform.twitter.com\/widgets.js\" charset=\"utf-8\"><\/script><\/p>\n<p>\u00a0<\/p>\n<p>Gilmar Mendes tamb\u00e9m disse que Zema fala um dialeto <strong>\u201cpr\u00f3ximo do portugu\u00eas\u201d<\/strong> ao se referir ao sotaque mineiro, j\u00e1 que muitas vezes n\u00e3o entende o que o ex-governador quer dizer.<\/p>\n<p>Romeu Zema respondeu ao ministro e disse que Gilmar n\u00e3o entende seu \u201clinguajar de brasileiro simples\u201d diferente do \u201cportugu\u00eas esnobe dos intoc\u00e1veis de Bras\u00edlia\u201d.<\/p>\n<p>Ap\u00f3s a repercuss\u00e3o, Gilmar Mendes <strong><a href=\"https:\/\/jovempan.com.br\/noticias\/politica\/gilmar-se-desculpa-apos-sugerir-que-ser-homossexual-e-ofensa-em-critica-a-zema.html\" target=\"_blank\" rel=\"noopener noreferrer\">pediu desculpas<\/a><\/strong> por\u00a0<strong>sugerir que \u201chomossexual\u201d seja ofensa<\/strong>. Em publica\u00e7\u00e3o nas redes sociais, o ministro disse que n\u00e3o tem\u00a0<strong>\u201creceio em reconhecer o erro\u201d,<\/strong>\u00a0mas ponderou que existe \u201cuma ind\u00fastria de difama\u00e7\u00e3o e de acusa\u00e7\u00f5es caluniosas contra o Supremo\u201d.<\/p>\n<h2>Entenda o conflito entre Gilmar e Zema<\/h2>\n<p>Gilmar Mendes e Romeu Zema <a href=\"https:\/\/jovempan.com.br\/noticias\/politica\/entenda-a-polemica-envolvendo-gilmar-mendes-e-romeu-zema.html\"><strong>est\u00e3o em conflito<\/strong><\/a> desde que Zema publicou um <strong>v\u00eddeo de s\u00e1tira<\/strong>, no dia 1\u00ba de mar\u00e7o, que retrata o magistrado pedindo uma <strong>troca de favores<\/strong> ao ministro Dias Toffoli em meio ao esc\u00e2ndalo do Banco Master.<\/p>\n<p>Ap\u00f3s as postagens do mineiro, Gilmar Mendes enviou uma\u00a0<strong>representa\u00e7\u00e3o ao ministro Alexandre de Moraes<\/strong> no \u00faltimo dia 20 pedindo a investiga\u00e7\u00e3o do pr\u00e9-candidato \u00e0 Presid\u00eancia. O ministro apontou a <strong>suspeita de ind\u00edcios de crime<\/strong> na publica\u00e7\u00e3o.<\/p>\n<p>Moraes pediu uma\u00a0<strong>manifesta\u00e7\u00e3o da PGR<\/strong> antes de decidir sobre a inclus\u00e3o de Zema no inqu\u00e9rito das fake news.<\/p>\n<p>O v\u00eddeo publicado por Zema retratava uma conversa entre dois bonecos, caracterizados por desenhos de fantoches, que representariam Dias Toffoli e Gilmar Mendes. Na publica\u00e7\u00e3o,<strong>\u00a0Toffoli telefona para Gilmar e pede a ele que anule as quebras de sigilo de sua empresa<\/strong>, aprovada na CPI do Crime Organizado do Senado.<\/p>\n<blockquote class=\"instagram-media\" style=\"background: #FFF; border: 0; border-radius: 3px; box-shadow: 0 0 1px 0 rgba(0,0,0,0.5),0 1px 10px 0 rgba(0,0,0,0.15); margin: 1px; max-width: 540px; min-width: 326px; padding: 0; width: calc(100% - 2px);\" data-instgrm-captioned=\"\" data-instgrm-permalink=\"https:\/\/www.instagram.com\/reel\/DVXQGiaCaXU\/?utm_source=ig_embed&amp;utm_campaign=loading\" data-instgrm-version=\"14\">\n<div style=\"padding: 16px;\">\n\u00a0<\/p>\n<div style=\"display: flex; flex-direction: row; align-items: center;\">\n<div style=\"background-color: #f4f4f4; border-radius: 50%; flex-grow: 0; height: 40px; margin-right: 14px; width: 40px;\"><\/div>\n<div style=\"display: flex; flex-direction: column; flex-grow: 1; justify-content: center;\">\n<div style=\"background-color: #f4f4f4; border-radius: 4px; flex-grow: 0; height: 14px; margin-bottom: 6px; width: 100px;\"><\/div>\n<div style=\"background-color: #f4f4f4; border-radius: 4px; flex-grow: 0; height: 14px; width: 60px;\"><\/div>\n<\/div>\n<\/div>\n<div style=\"padding: 19% 0;\"><\/div>\n<div style=\"display: block; height: 50px; margin: 0 auto 12px; width: 50px;\"><\/div>\n<div style=\"padding-top: 8px;\">\n<div style=\"color: #3897f0; font-family: Arial,sans-serif; font-size: 14px; font-style: normal; font-weight: 550; line-height: 18px;\">Ver essa foto no Instagram<\/div>\n<\/div>\n<div style=\"padding: 12.5% 0;\"><\/div>\n<div style=\"display: flex; flex-direction: row; margin-bottom: 14px; align-items: center;\">\n<div>\n<div style=\"background-color: #f4f4f4; border-radius: 50%; height: 12.5px; width: 12.5px; transform: translateX(0px) translateY(7px);\"><\/div>\n<div style=\"background-color: #f4f4f4; height: 12.5px; transform: rotate(-45deg) translateX(3px) translateY(1px); width: 12.5px; flex-grow: 0; margin-right: 14px; margin-left: 2px;\"><\/div>\n<div style=\"background-color: #f4f4f4; border-radius: 50%; height: 12.5px; width: 12.5px; transform: translateX(9px) translateY(-18px);\"><\/div>\n<\/div>\n<div style=\"margin-left: 8px;\">\n<div style=\"background-color: #f4f4f4; border-radius: 50%; flex-grow: 0; height: 20px; width: 20px;\"><\/div>\n<div style=\"width: 0; height: 0; border-top: 2px solid transparent; border-left: 6px solid #f4f4f4; border-bottom: 2px solid transparent; transform: translateX(16px) translateY(-4px) rotate(30deg);\"><\/div>\n<\/div>\n<div style=\"margin-left: auto;\">\n<div style=\"width: 0px; border-top: 8px solid #F4F4F4; border-right: 8px solid transparent; transform: translateY(16px);\"><\/div>\n<div style=\"background-color: #f4f4f4; flex-grow: 0; height: 12px; width: 16px; transform: translateY(-4px);\"><\/div>\n<div style=\"width: 0; height: 0; border-top: 8px solid #F4F4F4; border-left: 8px solid transparent; transform: translateY(-4px) translateX(8px);\"><\/div>\n<\/div>\n<\/div>\n<div style=\"display: flex; flex-direction: column; flex-grow: 1; justify-content: center; margin-bottom: 24px;\">\n<div style=\"background-color: #f4f4f4; border-radius: 4px; flex-grow: 0; height: 14px; margin-bottom: 6px; width: 224px;\"><\/div>\n<div style=\"background-color: #f4f4f4; border-radius: 4px; flex-grow: 0; height: 14px; width: 144px;\"><\/div>\n<\/div>\n<p>\u00a0<br \/>\nUm post compartilhado por Romeu Zema (@romeuzemaoficial)\n<\/p><\/div>\n<\/blockquote>\n<p><script async src=\"\/\/www.instagram.com\/embed.js\"><\/script><\/p>\n<p>\u00a0<\/p>\n<p>Tamb\u00e9m no dia 20, parlamentares da oposi\u00e7\u00e3o na C\u00e2mara dos Deputados<strong>\u00a0<a href=\"https:\/\/jovempan.com.br\/noticias\/politica\/oposicao-articula-impeachment-de-gilmar-apos-ministro-pedir-investigacao-de-zema-ao-stf.html\" target=\"_blank\" rel=\"noopener noreferrer\">anunciaram que v\u00e3o ingressar com um pedido de impeachment \u00a0<\/a><\/strong>do ministro Gilmar Mendes<strong>.<\/strong>\u00a0A iniciativa \u00e9 liderada pelo deputado federal Gilberto Silva (PL-PA), ap\u00f3s o magistrado solicitar inclus\u00e3o do ex-governador no inqu\u00e9rito das fake news.<\/p>\n<h2>Compara\u00e7\u00e3o de ministros \u00e0 coroa portuguesa<\/h2>\n<p>Um dia ap\u00f3s o envio da representa\u00e7\u00e3o de Gilmar Mendes, no dia da Inconfid\u00eancia Mineira, Zema fez mais uma publica\u00e7\u00e3o criticando o STF. O ex-governador comparou os ministros e o presidente Lula (PT) \u00e0 coroa portuguesa.<\/p>\n<p>\u201cVoc\u00ea acha que n\u00f3s somos livres de verdade?\u00a0<strong>Eu acho que n\u00e3o.<\/strong>\u00a0No lugar da Coroa Portuguesa, se sentaram os intoc\u00e1veis de Bras\u00edlia. Os pol\u00edticos vendidos, os empres\u00e1rios ladr\u00f5es e os ju\u00edzes que se acham acima do bem e do mal\u201d, diz em um trecho da publica\u00e7\u00e3o.<\/p>\n<p>A representa\u00e7\u00e3o que faz alus\u00e3o \u00e0 Inconfid\u00eancia Mineira traz imagens de intelig\u00eancia artificial com o\u00a0<strong>rosto dos ministros Gilmar Mendes <\/strong>e <strong>Alexandre de Moraes<\/strong>, al\u00e9m de <strong>Lula <\/strong>e do <strong>banqueiro Daniel Vorcaro.<\/strong><\/p>\n<blockquote class=\"instagram-media\" style=\"background: #FFF; border: 0; border-radius: 3px; box-shadow: 0 0 1px 0 rgba(0,0,0,0.5),0 1px 10px 0 rgba(0,0,0,0.15); margin: 1px; max-width: 540px; min-width: 326px; padding: 0; width: calc(100% - 2px);\" data-instgrm-captioned=\"\" data-instgrm-permalink=\"https:\/\/www.instagram.com\/reel\/DXZVRUDDuyG\/?utm_source=ig_embed&amp;utm_campaign=loading\" data-instgrm-version=\"14\">\n<div style=\"padding: 16px;\">\n\u00a0<\/p>\n<div style=\"display: flex; flex-direction: row; align-items: center;\">\n<div style=\"background-color: #f4f4f4; border-radius: 50%; flex-grow: 0; height: 40px; margin-right: 14px; width: 40px;\"><\/div>\n<div style=\"display: flex; flex-direction: column; flex-grow: 1; justify-content: center;\">\n<div style=\"background-color: #f4f4f4; border-radius: 4px; flex-grow: 0; height: 14px; margin-bottom: 6px; width: 100px;\"><\/div>\n<div style=\"background-color: #f4f4f4; border-radius: 4px; flex-grow: 0; height: 14px; width: 60px;\"><\/div>\n<\/div>\n<\/div>\n<div style=\"padding: 19% 0;\"><\/div>\n<div style=\"display: block; height: 50px; margin: 0 auto 12px; width: 50px;\"><\/div>\n<div style=\"padding-top: 8px;\">\n<div style=\"color: #3897f0; font-family: Arial,sans-serif; font-size: 14px; font-style: normal; font-weight: 550; line-height: 18px;\">Ver essa foto no Instagram<\/div>\n<\/div>\n<div style=\"padding: 12.5% 0;\"><\/div>\n<div style=\"display: flex; flex-direction: row; margin-bottom: 14px; align-items: center;\">\n<div>\n<div style=\"background-color: #f4f4f4; border-radius: 50%; height: 12.5px; width: 12.5px; transform: translateX(0px) translateY(7px);\"><\/div>\n<div style=\"background-color: #f4f4f4; height: 12.5px; transform: rotate(-45deg) translateX(3px) translateY(1px); width: 12.5px; flex-grow: 0; margin-right: 14px; margin-left: 2px;\"><\/div>\n<div style=\"background-color: #f4f4f4; border-radius: 50%; height: 12.5px; width: 12.5px; transform: translateX(9px) translateY(-18px);\"><\/div>\n<\/div>\n<div style=\"margin-left: 8px;\">\n<div style=\"background-color: #f4f4f4; border-radius: 50%; flex-grow: 0; height: 20px; width: 20px;\"><\/div>\n<div style=\"width: 0; height: 0; border-top: 2px solid transparent; border-left: 6px solid #f4f4f4; border-bottom: 2px solid transparent; transform: translateX(16px) translateY(-4px) rotate(30deg);\"><\/div>\n<\/div>\n<div style=\"margin-left: auto;\">\n<div style=\"width: 0px; border-top: 8px solid #F4F4F4; border-right: 8px solid transparent; transform: translateY(16px);\"><\/div>\n<div style=\"background-color: #f4f4f4; flex-grow: 0; height: 12px; width: 16px; transform: translateY(-4px);\"><\/div>\n<div style=\"width: 0; height: 0; border-top: 8px solid #F4F4F4; border-left: 8px solid transparent; transform: translateY(-4px) translateX(8px);\"><\/div>\n<\/div>\n<\/div>\n<div style=\"display: flex; flex-direction: column; flex-grow: 1; justify-content: center; margin-bottom: 24px;\">\n<div style=\"background-color: #f4f4f4; border-radius: 4px; flex-grow: 0; height: 14px; margin-bottom: 6px; width: 224px;\"><\/div>\n<div style=\"background-color: #f4f4f4; border-radius: 4px; flex-grow: 0; height: 14px; width: 144px;\"><\/div>\n<\/div>\n<p>\u00a0<br \/>\nUm post compartilhado por Romeu Zema (@romeuzemaoficial)\n<\/p><\/div>\n<\/blockquote>\n<p><script async src=\"\/\/www.instagram.com\/embed.js\"><\/script><\/p>\n<p>\u00a0<\/p>\n<p>No mesmo dia, Zema tamb\u00e9m compartilhou na rede social X um v\u00eddeo de esquete do canal \u201cPorta dos Fundos\u201d, de 2018. O v\u00eddeo satiriza Gilmar Mendes e o retrata como algu\u00e9m na Corte a quem recorrer sobre todos os tipos de problemas jur\u00eddicos. \u201cComo eu disse, se quiserem prender todos que criticarem os intoc\u00e1veis, pode comprar mais caneta que v\u00e3o precisar prender o Brasil inteiro\u201d, escreveu Zema ao compartilhar a publica\u00e7\u00e3o.<\/p>\n<blockquote class=\"twitter-tweet\">\n<p dir=\"ltr\" lang=\"pt\">V\u00eddeo de 2018 do <a href=\"https:\/\/twitter.com\/portadosfundos?ref_src=twsrc%5Etfw\">@portadosfundos<\/a> . Como eu disse, se quiserem prender todos que criticarem os intoc\u00e1veis, pode comprar mais caneta que v\u00e3o precisar prender o Brasil inteiro. <a href=\"https:\/\/t.co\/BtPrJrU4h1\">pic.twitter.com\/BtPrJrU4h1<\/a><\/p>\n<p>\u2014 Romeu Zema (@RomeuZema) <a href=\"https:\/\/twitter.com\/RomeuZema\/status\/2046696436473962638?ref_src=twsrc%5Etfw\">April 21, 2026<\/a><\/p>\n<\/blockquote>\n<p><script async src=\"https:\/\/platform.twitter.com\/widgets.js\" charset=\"utf-8\"><\/script><\/p>\n<\/div>\n","protected":false},"excerpt":{"rendered":"<p>A Procuradoria-Geral da Rep\u00fablica (PGR) arquivou na segunda-feira (27) um pedido de Romeu Zema (Novo) para investigar o ministro Gilmar Mendes, do Supremo Tribunal Federal (STF), por homofobia contra o ex-governador de Minas Gerais e pr\u00e9-candidato \u00e0 Presid\u00eancia. O pedido fazia refer\u00eancia \u00e0 uma entrevista de Gilmar ao portal Metr\u00f3poles na semana passada, na qual [&hellip;]<\/p>\n","protected":false},"author":117,"featured_media":68839,"comment_status":"closed","ping_status":"closed","sticky":false,"template":"","format":"standard","meta":{"_themeisle_gutenberg_block_has_review":false,"_jetpack_memberships_contains_paid_content":false,"footnotes":""},"categories":[9],"tags":[129],"class_list":{"0":"post-68838","1":"post","2":"type-post","3":"status-publish","4":"format-standard","5":"has-post-thumbnail","7":"category-politica","8":"tag-politica"},"jetpack_featured_media_url":"https:\/\/crajubaremacao.com.br\/wp-content\/uploads\/2026\/04\/design-sem-nome-2026-04-20t141244626-750x450-1.png","jetpack_sharing_enabled":true,"_links":{"self":[{"href":"https:\/\/crajubaremacao.com.br\/index.php?rest_route=\/wp\/v2\/posts\/68838","targetHints":{"allow":["GET"]}}],"collection":[{"href":"https:\/\/crajubaremacao.com.br\/index.php?rest_route=\/wp\/v2\/posts"}],"about":[{"href":"https:\/\/crajubaremacao.com.br\/index.php?rest_route=\/wp\/v2\/types\/post"}],"author":[{"embeddable":true,"href":"https:\/\/crajubaremacao.com.br\/index.php?rest_route=\/wp\/v2\/users\/117"}],"replies":[{"embeddable":true,"href":"https:\/\/crajubaremacao.com.br\/index.php?rest_route=%2Fwp%2Fv2%2Fcomments&post=68838"}],"version-history":[{"count":0,"href":"https:\/\/crajubaremacao.com.br\/index.php?rest_route=\/wp\/v2\/posts\/68838\/revisions"}],"wp:featuredmedia":[{"embeddable":true,"href":"https:\/\/crajubaremacao.com.br\/index.php?rest_route=\/wp\/v2\/media\/68839"}],"wp:attachment":[{"href":"https:\/\/crajubaremacao.com.br\/index.php?rest_route=%2Fwp%2Fv2%2Fmedia&parent=68838"}],"wp:term":[{"taxonomy":"category","embeddable":true,"href":"https:\/\/crajubaremacao.com.br\/index.php?rest_route=%2Fwp%2Fv2%2Fcategories&post=68838"},{"taxonomy":"post_tag","embeddable":true,"href":"https:\/\/crajubaremacao.com.br\/index.php?rest_route=%2Fwp%2Fv2%2Ftags&post=68838"}],"curies":[{"name":"wp","href":"https:\/\/api.w.org\/{rel}","templated":true}]}}