{"id":68854,"date":"2026-04-28T18:04:12","date_gmt":"2026-04-28T21:04:12","guid":{"rendered":"https:\/\/crajubaremacao.com.br\/?p=68854"},"modified":"2026-04-28T18:04:12","modified_gmt":"2026-04-28T21:04:12","slug":"casa-branca-posta-foto-de-trump-com-charles-iii-e-escreve-dois-reis","status":"publish","type":"post","link":"https:\/\/crajubaremacao.com.br\/?p=68854","title":{"rendered":"Casa Branca posta foto de Trump com Charles III e escreve: &#8216;Dois reis&#8217;"},"content":{"rendered":"<div><img decoding=\"async\" src=\"https:\/\/s2-g1.glbimg.com\/eshbSFhL1a_sSxZ13Xon6AKENGc=\/i.s3.glbimg.com\/v1\/AUTH_59edd422c0c84a879bd37670ae4f538a\/internal_photos\/bs\/2026\/D\/6\/UafyFhQt6sdK9oEvDbFw\/captura-de-tela-2026-04-28-175144.png\"><br \/>     Post da Casa Branca traz Charles III e Trump com a legenda &#8216;dois reis&#8217;<br \/>\nReprodu\u00e7\u00e3o\/X<br \/>\nA Casa Branca compartilhou, nesta ter\u00e7a-feira (28), uma imagem do presidente dos Estados Unidos, Donald Trump, ao lado do rei Charles III. Na legenda, o governo norte-americano escreveu: &#8220;Dois reis&#8221;.<br \/>\n&#x2705; Siga o canal de not\u00edcias internacionais do g1 no WhatsApp<br \/>\nA publica\u00e7\u00e3o foi feita durante visita de Estado do monarca brit\u00e2nico a Washington. Charles se reuniu com Trump e discursou no Congresso americano.<br \/>\nO post tamb\u00e9m foi feito exatamente um m\u00eas ap\u00f3s manifestantes anti-Trump realizarem atos em grandes cidades dos EUA como parte do movimento &#8220;No Kings&#8221; (&#8220;Sem Reis&#8221;). O grupo surgiu em 2025, ap\u00f3s Trump retornar \u00e0 Casa Branca.<br \/>\nA publica\u00e7\u00e3o da Casa Branca foi criticada nas redes sociais. Em respostas ao post no X, usu\u00e1rios chamaram a legenda de &#8220;pat\u00e9tica&#8221; e &#8220;lixo&#8221;.<br \/>\n&#8220;Pare com isso. Trump n\u00e3o \u00e9 um rei. Lutamos uma guerra revolucion\u00e1ria para n\u00e3o sermos governados por reis&#8221;, escreveu uma usu\u00e1ria.<br \/>\n&#8220;Acho que esses palha\u00e7os querem mesmo perder as elei\u00e7\u00f5es de meio de mandato e a pr\u00f3xima elei\u00e7\u00e3o. Isso n\u00e3o ajuda em nada&#8221;, escreveu outro.<br \/>\nOutros coment\u00e1rios afirmaram que Jesus \u00e9 o \u00fanico rei. Tamb\u00e9m circularam montagens feitas com intelig\u00eancia artificial para zombar da imagem de Charles com Trump.<br \/>\nInitial plugin text<br \/>\nV\u00cdDEOS: mais assistidos do g1<\/div>\n","protected":false},"excerpt":{"rendered":"<p>Post da Casa Branca traz Charles III e Trump com a legenda &#8216;dois reis&#8217; Reprodu\u00e7\u00e3o\/X A Casa Branca compartilhou, nesta ter\u00e7a-feira (28), uma imagem do presidente dos Estados Unidos, Donald Trump, ao lado do rei Charles III. Na legenda, o governo norte-americano escreveu: &#8220;Dois reis&#8221;. &#x2705; Siga o canal de not\u00edcias internacionais do g1 no [&hellip;]<\/p>\n","protected":false},"author":261,"featured_media":68855,"comment_status":"closed","ping_status":"closed","sticky":false,"template":"","format":"standard","meta":{"_themeisle_gutenberg_block_has_review":false,"_jetpack_memberships_contains_paid_content":false,"footnotes":""},"categories":[5],"tags":[155],"class_list":{"0":"post-68854","1":"post","2":"type-post","3":"status-publish","4":"format-standard","5":"has-post-thumbnail","7":"category-internacionais","8":"tag-mundo"},"jetpack_featured_media_url":"https:\/\/crajubaremacao.com.br\/wp-content\/uploads\/2026\/04\/captura-de-tela-2026-04-28-175144.png","jetpack_sharing_enabled":true,"_links":{"self":[{"href":"https:\/\/crajubaremacao.com.br\/index.php?rest_route=\/wp\/v2\/posts\/68854","targetHints":{"allow":["GET"]}}],"collection":[{"href":"https:\/\/crajubaremacao.com.br\/index.php?rest_route=\/wp\/v2\/posts"}],"about":[{"href":"https:\/\/crajubaremacao.com.br\/index.php?rest_route=\/wp\/v2\/types\/post"}],"author":[{"embeddable":true,"href":"https:\/\/crajubaremacao.com.br\/index.php?rest_route=\/wp\/v2\/users\/261"}],"replies":[{"embeddable":true,"href":"https:\/\/crajubaremacao.com.br\/index.php?rest_route=%2Fwp%2Fv2%2Fcomments&post=68854"}],"version-history":[{"count":0,"href":"https:\/\/crajubaremacao.com.br\/index.php?rest_route=\/wp\/v2\/posts\/68854\/revisions"}],"wp:featuredmedia":[{"embeddable":true,"href":"https:\/\/crajubaremacao.com.br\/index.php?rest_route=\/wp\/v2\/media\/68855"}],"wp:attachment":[{"href":"https:\/\/crajubaremacao.com.br\/index.php?rest_route=%2Fwp%2Fv2%2Fmedia&parent=68854"}],"wp:term":[{"taxonomy":"category","embeddable":true,"href":"https:\/\/crajubaremacao.com.br\/index.php?rest_route=%2Fwp%2Fv2%2Fcategories&post=68854"},{"taxonomy":"post_tag","embeddable":true,"href":"https:\/\/crajubaremacao.com.br\/index.php?rest_route=%2Fwp%2Fv2%2Ftags&post=68854"}],"curies":[{"name":"wp","href":"https:\/\/api.w.org\/{rel}","templated":true}]}}