{"id":68879,"date":"2026-04-29T06:06:05","date_gmt":"2026-04-29T09:06:05","guid":{"rendered":"https:\/\/crajubaremacao.com.br\/?p=68879"},"modified":"2026-04-29T06:06:05","modified_gmt":"2026-04-29T09:06:05","slug":"apos-adiamento-por-alcolumbre-ccj-do-senado-sabatina-jorge-messias-para-stf-nesta-quarta","status":"publish","type":"post","link":"https:\/\/crajubaremacao.com.br\/?p=68879","title":{"rendered":"Ap\u00f3s adiamento por Alcolumbre, CCJ do Senado sabatina Jorge Messias para STF nesta quarta"},"content":{"rendered":"<div>\n<div style=\"margin-bottom: 15px;\"><img decoding=\"async\" class=\"type:primaryImage\" src=\"https:\/\/jpimg.com.br\/uploads\/2026\/04\/jorge-messias-1-750x500.jpg\"><\/div>\n<p><?xml encoding=\"UTF-8\"><\/p>\n<p>A Comiss\u00e3o de Constitui\u00e7\u00e3o e Justi\u00e7a (CCJ) do Senado <strong>sabatina<\/strong> nesta quarta-feira (29) o advogado-geral da Uni\u00e3o, <strong>Jorge Messias<\/strong>, para o Supremo Tribunal Federal (STF). <strong>A expectativa geral \u00e9 de que o AGU seja aprovado para a vaga deixada pelo ex-ministro Luis Roberto Barroso<\/strong>. Entretanto, a <strong>oposi\u00e7\u00e3o<\/strong> ao governo do presidente Luiz In\u00e1cio Lula da Silva (PT) se<strong> movimenta para tentar barrar a indica\u00e7\u00e3o<\/strong>.<\/p>\n<p>Ao colunista Bruno Pinheiro, da\u00a0<strong>Jovem Pan<\/strong>, o l\u00edder da oposi\u00e7\u00e3o na C\u00e2mara dos Deputados, o deputado federal Cabo Gilberto Silva (PL-PB), declarou ter <strong>trabalhado<\/strong> <strong>para convencer colegas no Senado a\u00a0barrar Messias<\/strong>. A ala mais alinhada ao bolsonarismo ainda <strong><a href=\"https:\/\/jovempan.com.br\/opiniao-jovem-pan\/comentaristas\/bruno-pinheiro\/ze-trovao-diz-que-senado-foi-comprado-para-aprovar-indicacao-de-messias-ao-stf.html\">acusa o Planalto de ter \u201ccomprado\u201d apoios<\/a><\/strong> para garantir a aprova\u00e7\u00e3o do AGU.<\/p>\n<p>Na segunda-feira (27), o senador Izalci Lucas (PL-DF) disse que <strong>o Partido Liberal<\/strong> (PL) <strong>votar\u00e1 contra a indica\u00e7\u00e3o de Messias<\/strong>. Tamb\u00e9m fecharam oposi\u00e7\u00e3o ao nome do AGU o Novo e o Avante. Assim, <strong>o bloco Vanguarda, formado por 18 parlamentares da legenda, vai rejeitar o indicado por Lula<\/strong>.<\/p>\n<p>Senadores falaram ao colunista Bruno Pinheiro, da <strong>Jovem Pan<\/strong>, em <strong><a href=\"https:\/\/jovempan.com.br\/opiniao-jovem-pan\/comentaristas\/bruno-pinheiro\/oposicao-se-mobiliza-e-torna-sabatina-de-messias-a-maior-batalha-de-lula-no-congresso.html\">placar apertado<\/a><\/strong>. Para ser aprovado ao STF, <strong>o AGU<\/strong> <strong>precisa receber aprova\u00e7\u00e3o da maioria absoluta do Senado<\/strong>. Ou seja, o aval de pelo menos <strong>41 senadores<\/strong>.<\/p>\n<p>Na ter\u00e7a-feira (28), o l\u00edder do governo no Congresso, o senador Randolfe Rodrigues (PT-AP), disse estimar que o Plen\u00e1rio do Senado <strong><a href=\"https:\/\/jovempan.com.br\/noticias\/politica\/randolfe-rodrigues-estima-aprovacao-de-messias-ao-stf-com-ao-menos-45-votos.html\">aprove a indica\u00e7\u00e3o de Messias ao Supremo com ao menos 45 votos<\/a><\/strong>. Segundo o parlamentar, em um <strong>cen\u00e1rio \u201cotimista\u201d<\/strong>, o AGU pode chegar a <strong>receber aval de 48 a 49 senadores<\/strong>.<\/p>\n<p><strong><a href=\"https:\/\/jovempan.com.br\/noticias\/politica\/sabatina-de-messias-para-o-stf-sera-realizada-em-29-de-abril-diz-relator.html\">Em entrevista a jornalistas, em 9 de abril<\/a><\/strong>, perguntado sobre o placar da vota\u00e7\u00e3o no Plen\u00e1rio, o relator do processo, o senador Weverton Rocha (PDT-MA), n\u00e3o arriscou antecipar uma prov\u00e1vel configura\u00e7\u00e3o, mas <strong>avaliou que o clima entre os colegas \u00e9 favor\u00e1vel \u00e0 aprova\u00e7\u00e3o de Messias<\/strong>. \u00c0 CCJ, o parlamentar\u00a0 <a href=\"https:\/\/jovempan.com.br\/noticias\/politica\/relator-apresenta-relatorio-favoravel-a-aprovacao-de-messias-para-o-stf.html\"><strong>apresentou relat\u00f3rio a favor do AGU<\/strong><\/a>.<\/p>\n<h2><strong>Mudan\u00e7a de data<\/strong><\/h2>\n<p>Em 9 de abril, Weverton comunicou que havia <strong><a href=\"https:\/\/jovempan.com.br\/noticias\/politica\/sabatina-de-messias-para-o-stf-sera-realizada-em-29-de-abril-diz-relator.html\">acertado o calend\u00e1rio<\/a><\/strong> com os presidentes do Senado, Davi Alcolumbre (Uni\u00e3o Brasil-AP), e da CCJ do Senado, o senador Otto Alencar (PSD-BA), <strong>para o Senado apreciar a indica\u00e7\u00e3o de Messias<\/strong>. Na ocasi\u00e3o, o parlamentar informou que a <strong>sabatina estaria marcada para esta quarta-feira<\/strong>.<\/p>\n<p>Na sess\u00e3o do colegiado de 15 de abril, <strong>os senadores pediram para adiantar os questionamentos do AGU em um dia<\/strong>, para a ter\u00e7a-feira, <strong>em raz\u00e3o da proximidade do feriado de 1\u00ba de maio<\/strong>. Posteriormente, <strong>o presidente da CCJ entendeu que a data comemorativa n\u00e3o atrapalharia os trabalhos<\/strong> do Legislativo e <strong><a href=\"https:\/\/jovempan.com.br\/noticias\/politica\/sabatina-de-jorge-messias-para-o-stf-retorna-ao-dia-29-de-abril.html\">reagendou a sabatina<\/a><\/strong>.<\/p>\n<h2><strong>Adiamento por Alcolumbre<\/strong><\/h2>\n<p>Lula indicou Messias para o cargo de ministro do STF em<strong> 21 de novembro de 2025<\/strong>. No m\u00eas seguinte, Alcolumbre <strong><a href=\"https:\/\/jovempan.com.br\/noticias\/politica\/alcolumbre-adia-sabatina-de-messias-para-vaga-no-stf-e-critica-lula.html\">decidiu adiar a sabatina do AGU<\/a><\/strong>.<\/p>\n<p>Oficialmente, o presidente do Senado declarou que<strong> o governo federal n\u00e3o havia enviado a mensagem de indica\u00e7\u00e3o<\/strong>. O governo s\u00f3 fez o <strong><a href=\"https:\/\/jovempan.com.br\/noticias\/politica\/governo-entrega-ao-senado-indicacao-de-messias-ao-stf.html\">envio do documento dias antes da Semana Santa<\/a><\/strong>.<\/p>\n<p>Apesar disso, Alcolumbre tinha <strong>prefer\u00eancia pelo senador Rodrigo Pacheco<\/strong> (PSB-MG) para a vaga de Barroso.<\/p>\n<h2><strong>Quem \u00e9 Jorge Messias?<\/strong><\/h2>\n<p>O AGU <strong>ganhou notoriedade em 2016<\/strong>, quando a ent\u00e3o presidente <strong>Dilma Rousseff<\/strong> disse a <strong>Lula<\/strong>, em liga\u00e7\u00e3o gravada pela Pol\u00edcia Federal (PF), que iria <strong>enviar o \u201cBessias\u201d<\/strong> para levar o termo de posse \u201cem caso de necessidade\u201d. \u00c0 \u00e9poca, Messias era subchefe para Assuntos Jur\u00eddicos da Presid\u00eancia da Rep\u00fablica e o <strong>atual chefe do Executivo era investigado pela Opera\u00e7\u00e3o Lava Jato<\/strong>.<\/p>\n<p>Jorge Rodrigo Ara\u00fajo Messias, 46 anos, nasceu em Recife, Pernambuco. Formou-se em <strong>direito<\/strong> pela Universidade Federal de Pernambuco (UFPE). Possui t\u00edtulos de <strong>mestre e doutor<\/strong> em desenvolvimento, sociedade e coopera\u00e7\u00e3o internacional pela Universidade de Bras\u00edlia (UnB). Desde 2007, \u00e9 <strong>procurador concursado<\/strong> da Fazenda Nacional.<\/p>\n<p>Messias tamb\u00e9m foi <strong>subchefe <\/strong>de An\u00e1lise e Acompanhamento de Pol\u00edticas Governamentais<strong> da Casa Civil<\/strong>, <strong>secret\u00e1rio<\/strong> de Regula\u00e7\u00e3o e Supervis\u00e3o <strong>do Minist\u00e9rio da Sa\u00fade<\/strong> e <strong>consultor jur\u00eddico das pastas da Educa\u00e7\u00e3o e da Ci\u00eancia, Tecnologia e Inova\u00e7\u00e3o<\/strong>. O AGU ainda trabalhou na <strong>Procuradoria-Geral da Fazenda Nacional e na Procuradoria do Banco Central<\/strong>.<\/p>\n<p>Em 1\u00ba de janeiro de 2023, Messias assumiu a Advocacia-Geral da Uni\u00e3o. Casado e pai de dois filhos, ele \u00e9 <strong>evang\u00e9lico<\/strong> e frequenta a Igreja Batista. Em raz\u00e3o da religi\u00e3o do AGU, a sua indica\u00e7\u00e3o foi vista como <strong>aceno de Lula \u00e0 comunidade<\/strong>.<\/p>\n<\/div>\n","protected":false},"excerpt":{"rendered":"<p>A Comiss\u00e3o de Constitui\u00e7\u00e3o e Justi\u00e7a (CCJ) do Senado sabatina nesta quarta-feira (29) o advogado-geral da Uni\u00e3o, Jorge Messias, para o Supremo Tribunal Federal (STF). A expectativa geral \u00e9 de que o AGU seja aprovado para a vaga deixada pelo ex-ministro Luis Roberto Barroso. Entretanto, a oposi\u00e7\u00e3o ao governo do presidente Luiz In\u00e1cio Lula da [&hellip;]<\/p>\n","protected":false},"author":117,"featured_media":68880,"comment_status":"closed","ping_status":"closed","sticky":false,"template":"","format":"standard","meta":{"_themeisle_gutenberg_block_has_review":false,"_jetpack_memberships_contains_paid_content":false,"footnotes":""},"categories":[9],"tags":[129],"class_list":{"0":"post-68879","1":"post","2":"type-post","3":"status-publish","4":"format-standard","5":"has-post-thumbnail","7":"category-politica","8":"tag-politica"},"jetpack_featured_media_url":"https:\/\/crajubaremacao.com.br\/wp-content\/uploads\/2026\/04\/jorge-messias-1-750x500-1.jpg","jetpack_sharing_enabled":true,"_links":{"self":[{"href":"https:\/\/crajubaremacao.com.br\/index.php?rest_route=\/wp\/v2\/posts\/68879","targetHints":{"allow":["GET"]}}],"collection":[{"href":"https:\/\/crajubaremacao.com.br\/index.php?rest_route=\/wp\/v2\/posts"}],"about":[{"href":"https:\/\/crajubaremacao.com.br\/index.php?rest_route=\/wp\/v2\/types\/post"}],"author":[{"embeddable":true,"href":"https:\/\/crajubaremacao.com.br\/index.php?rest_route=\/wp\/v2\/users\/117"}],"replies":[{"embeddable":true,"href":"https:\/\/crajubaremacao.com.br\/index.php?rest_route=%2Fwp%2Fv2%2Fcomments&post=68879"}],"version-history":[{"count":0,"href":"https:\/\/crajubaremacao.com.br\/index.php?rest_route=\/wp\/v2\/posts\/68879\/revisions"}],"wp:featuredmedia":[{"embeddable":true,"href":"https:\/\/crajubaremacao.com.br\/index.php?rest_route=\/wp\/v2\/media\/68880"}],"wp:attachment":[{"href":"https:\/\/crajubaremacao.com.br\/index.php?rest_route=%2Fwp%2Fv2%2Fmedia&parent=68879"}],"wp:term":[{"taxonomy":"category","embeddable":true,"href":"https:\/\/crajubaremacao.com.br\/index.php?rest_route=%2Fwp%2Fv2%2Fcategories&post=68879"},{"taxonomy":"post_tag","embeddable":true,"href":"https:\/\/crajubaremacao.com.br\/index.php?rest_route=%2Fwp%2Fv2%2Ftags&post=68879"}],"curies":[{"name":"wp","href":"https:\/\/api.w.org\/{rel}","templated":true}]}}