{"id":68888,"date":"2026-04-29T12:01:00","date_gmt":"2026-04-29T15:01:00","guid":{"rendered":"https:\/\/crajubaremacao.com.br\/?p=68888"},"modified":"2026-04-29T12:01:00","modified_gmt":"2026-04-29T15:01:00","slug":"mprj-ouve-familiares-de-mortos-na-operacao-que-deixou-122-mortos","status":"publish","type":"post","link":"https:\/\/crajubaremacao.com.br\/?p=68888","title":{"rendered":"MPRJ ouve familiares de mortos na opera\u00e7\u00e3o que deixou 122 mortos"},"content":{"rendered":"<div>\n<div style=\"margin-bottom: 15px;\"><img decoding=\"async\" class=\"type:primaryImage\" src=\"https:\/\/crajubaremacao.com.br\/wp-content\/uploads\/2026\/04\/age20251029018-750x500-1.jpg\"><\/div>\n<p><?xml encoding=\"UTF-8\"><\/p>\n<p><strong>Parentes de pessoas mortas durante a Opera\u00e7\u00e3o Conten\u00e7\u00e3o,<\/strong> realizada em outubro de 2025, nos Complexos da Penha e do Alem\u00e3o, na zona norte do Rio de Janeiro, que <strong>causou a morte de 122 pessoas, entre elas, cinco policiais civis e militares<\/strong>, foram atendidos, nesta ter\u00e7a-feira (28), pelos promotores de Justi\u00e7a do Grupo de Atua\u00e7\u00e3o Especializada em Seguran\u00e7a P\u00fablica do Minist\u00e9rio P\u00fablico do estado (Gaesp\/MPRJ), com o apoio de equipes da ouvidoria itinerante da institui\u00e7\u00e3o, no quartel do Corpo de Bombeiros da Penha.<\/p>\n<p>\u201cDesde o in\u00edcio das investiga\u00e7\u00f5es, o MPRJ realiza a busca ativa de familiares dos mortos, com a finalidade de esclarecer as circunst\u00e2ncias dos fatos ocorridos durante a a\u00e7\u00e3o, al\u00e9m de permitir o acompanhamento institucional dos interessados em receber informa\u00e7\u00f5es sobre o andamento das apura\u00e7\u00f5es\u201d.<\/p>\n<p><strong>O objetivo principal do encontro foi ouvir os parentes dos mortos em rela\u00e7\u00e3o \u00e0 din\u00e2mica da a\u00e7\u00e3o, a fim de auxiliar o MP na elucida\u00e7\u00e3o dos fatos<\/strong>. \u201cA instala\u00e7\u00e3o da estrutura de atendimento, pr\u00f3xima ao local onde ocorreu a a\u00e7\u00e3o policial, seguiu crit\u00e9rios de amplia\u00e7\u00e3o do acesso \u00e0 justi\u00e7a e efetividade investigativa, uma vez que o deslocamento at\u00e9 a sede do MP poderia representar um obst\u00e1culo para que as pessoas fossem ouvidas\u201d, diz a nota do MPRJ).<\/p>\n<p>\u201cA escuta dos familiares, realizada hoje e no dia 24 de mar\u00e7o \u00faltimo, no Corpo de Bombeiros, \u00e9 extremamente relevante no \u00e2mbito da investiga\u00e7\u00e3o aut\u00f4noma que vem sendo conduzida pelo Gaesp. A apura\u00e7\u00e3o demanda essas informa\u00e7\u00f5es, para que se entenda quem eram as pessoas mortas durante a opera\u00e7\u00e3o e se tirar uma compreens\u00e3o melhor dos fatos\u201d.<\/p>\n<p>A assistente do Gaesp, Laura Minc disse que \u201cessa iniciativa \u00e9 uma forma de aumentar a ades\u00e3o de familiares que, por algum motivo, seja de incompatibilidade de agendas ou alguma outra dificuldade de acesso, n\u00e3o puderam atender \u00e0s notifica\u00e7\u00f5es emitidas para comparecimento ao MP\u201d, afirmou.<\/p>\n<p><strong>O ouvidor do MPRJ, David Faria, destacou a import\u00e2ncia de ouvir os parentes das v\u00edtimas.<\/strong> \u201cA Ouvidoria \u00e9 a porta de entrada do cidad\u00e3o que busca o MPRJ. Viemos aqui auxiliar o Gaesp na escuta ativa de familiares, refor\u00e7ando o papel institucional de aproxima\u00e7\u00e3o da popula\u00e7\u00e3o com o MPRJ e de prote\u00e7\u00e3o dos direitos humanos\u201d, disse.<\/p>\n<p>\u201cNo bojo da ADPF 635 [Argui\u00e7\u00e3o de Descumprimento de Preceito Fundamental] foi determinado que o MP atue, da forma mais ampla poss\u00edvel, para esclarecer fatos decorrentes de a\u00e7\u00f5es que causem letalidade policial. E \u00e9 isso que est\u00e1 sendo feito\u201d, completou.<\/p>\n<h2>Opera\u00e7\u00e3o Conten\u00e7\u00e3o<\/h2>\n<p>Ap\u00f3s a Opera\u00e7\u00e3o Conten\u00e7\u00e3o,<strong> a partir da investiga\u00e7\u00e3o independente conduzida pelo Gaesp, o MPRJ adotou uma s\u00e9rie de medidas.<\/strong> Entre as provid\u00eancias iniciais, est\u00e3o \u201ca instaura\u00e7\u00e3o de Procedimento Investigat\u00f3rio Criminal (PIC) aut\u00f4nomo, o monitoramento em tempo real pelo plant\u00e3o de opera\u00e7\u00f5es e o acionamento dos protocolos previstos na ADPF 635\u201d, diz a nota.<\/p>\n<p>\u201cNa fase inicial, foram requisitados dados e documentos \u00e0 Secretaria de Pol\u00edcia Militar e \u00e0 Secretaria de Pol\u00edcia Civil, ouvidos agentes p\u00fablicos respons\u00e1veis pelo planejamento e que exerceram fun\u00e7\u00f5es decis\u00f3rias no dia dos fatos, e realizadas per\u00edcias pr\u00f3prias e complementares no Instituto M\u00e9dico Legal\u201d.<\/p>\n<h2>Outras medidas<\/h2>\n<p>O Gaesp, em conjunto com a Divis\u00e3o de Evid\u00eancias Digitais e Tecnologia da Coordenadoria de Intelig\u00eancia da Investiga\u00e7\u00e3o (Dedit), <strong>produziu tamb\u00e9m \u201claudos relativos \u00e0s v\u00edtimas da opera\u00e7\u00e3o e analisa mais de 3.600 horas de grava\u00e7\u00f5es das c\u00e2meras corporais da Pol\u00edcia Militar\u201d.<\/strong><\/p>\n<p>Na \u00e1rea de preven\u00e7\u00e3o e de controle externo, o Gaesp\/MPRJ recomendou, em dezembro de 2025, aos secret\u00e1rios de Seguran\u00e7a P\u00fablica, Pol\u00edcia Civil e Pol\u00edcia Militar a \u201cedi\u00e7\u00e3o de protocolo conjunto de atua\u00e7\u00e3o em opera\u00e7\u00f5es policiais, com medidas de redu\u00e7\u00e3o de riscos, mitiga\u00e7\u00e3o de danos e conten\u00e7\u00e3o da letalidade\u201d.<\/p>\n<p>Em mar\u00e7o de 2026, nova recomenda\u00e7\u00e3o foi dirigida \u00e0s mesmas autoridades, para o aprimoramento do planejamento, execu\u00e7\u00e3o e monitoramento do uso das c\u00e2meras operacionais port\u00e1teis, visando \u00e0 maior efic\u00e1cia dessa ferramenta tecnol\u00f3gica.<\/p>\n<h2>Den\u00fancias<\/h2>\n<p>At\u00e9 o momento, o Gaesp e as promotorias de justi\u00e7a junto \u00e0 Auditoria da Justi\u00e7a Militar apresentaram \u201c<strong>oito den\u00fancias contra 27 policiais militares por ilegalidades praticadas durante a opera\u00e7\u00e3o,<\/strong> envolvendo apropria\u00e7\u00e3o de armamento, furto de pe\u00e7as de ve\u00edculos, invas\u00f5es de domic\u00edlio, constrangimento de moradores, subtra\u00e7\u00e3o de bens e tentativas de obstru\u00e7\u00e3o ou desligamento de c\u00e2meras corporais\u201d.<\/p>\n<p>*Ag\u00eancia Brasil<\/p>\n<\/div>\n","protected":false},"excerpt":{"rendered":"<p>Parentes de pessoas mortas durante a Opera\u00e7\u00e3o Conten\u00e7\u00e3o, realizada em outubro de 2025, nos Complexos da Penha e do Alem\u00e3o, na zona norte do Rio de Janeiro, que causou a morte de 122 pessoas, entre elas, cinco policiais civis e militares, foram atendidos, nesta ter\u00e7a-feira (28), pelos promotores de Justi\u00e7a do Grupo de Atua\u00e7\u00e3o Especializada [&hellip;]<\/p>\n","protected":false},"author":117,"featured_media":68889,"comment_status":"closed","ping_status":"closed","sticky":false,"template":"","format":"standard","meta":{"_themeisle_gutenberg_block_has_review":false,"_jetpack_memberships_contains_paid_content":false,"footnotes":""},"categories":[2],"tags":[150],"class_list":{"0":"post-68888","1":"post","2":"type-post","3":"status-publish","4":"format-standard","5":"has-post-thumbnail","7":"category-brasil","8":"tag-brasil"},"jetpack_featured_media_url":"https:\/\/crajubaremacao.com.br\/wp-content\/uploads\/2026\/04\/age20251029018-750x500-1.jpg","jetpack_sharing_enabled":true,"_links":{"self":[{"href":"https:\/\/crajubaremacao.com.br\/index.php?rest_route=\/wp\/v2\/posts\/68888","targetHints":{"allow":["GET"]}}],"collection":[{"href":"https:\/\/crajubaremacao.com.br\/index.php?rest_route=\/wp\/v2\/posts"}],"about":[{"href":"https:\/\/crajubaremacao.com.br\/index.php?rest_route=\/wp\/v2\/types\/post"}],"author":[{"embeddable":true,"href":"https:\/\/crajubaremacao.com.br\/index.php?rest_route=\/wp\/v2\/users\/117"}],"replies":[{"embeddable":true,"href":"https:\/\/crajubaremacao.com.br\/index.php?rest_route=%2Fwp%2Fv2%2Fcomments&post=68888"}],"version-history":[{"count":0,"href":"https:\/\/crajubaremacao.com.br\/index.php?rest_route=\/wp\/v2\/posts\/68888\/revisions"}],"wp:featuredmedia":[{"embeddable":true,"href":"https:\/\/crajubaremacao.com.br\/index.php?rest_route=\/wp\/v2\/media\/68889"}],"wp:attachment":[{"href":"https:\/\/crajubaremacao.com.br\/index.php?rest_route=%2Fwp%2Fv2%2Fmedia&parent=68888"}],"wp:term":[{"taxonomy":"category","embeddable":true,"href":"https:\/\/crajubaremacao.com.br\/index.php?rest_route=%2Fwp%2Fv2%2Fcategories&post=68888"},{"taxonomy":"post_tag","embeddable":true,"href":"https:\/\/crajubaremacao.com.br\/index.php?rest_route=%2Fwp%2Fv2%2Ftags&post=68888"}],"curies":[{"name":"wp","href":"https:\/\/api.w.org\/{rel}","templated":true}]}}