{"id":68890,"date":"2026-04-29T12:01:09","date_gmt":"2026-04-29T15:01:09","guid":{"rendered":"https:\/\/crajubaremacao.com.br\/?p=68890"},"modified":"2026-04-29T12:01:09","modified_gmt":"2026-04-29T15:01:09","slug":"sou-totalmente-contra-o-aborto-diz-messias-durante-sabatina-da-ccj","status":"publish","type":"post","link":"https:\/\/crajubaremacao.com.br\/?p=68890","title":{"rendered":"\u2018Sou totalmente contra o aborto\u2019, diz Messias durante sabatina da CCJ"},"content":{"rendered":"<div>\n<div style=\"margin-bottom: 15px;\"><img decoding=\"async\" class=\"type:primaryImage\" src=\"https:\/\/jpimg.com.br\/uploads\/2025\/12\/imagem-jvp-91-750x450.png\"><\/div>\n<p><?xml encoding=\"UTF-8\"><\/p>\n<p>O indicado do presidente Lula (PT) ao STF, Jorge Messias, afirmou nesta quarta-feira (29) ser <strong>totalmente contra o aborto<\/strong>. \u201cDa minha parte, n\u00e3o haver\u00e1 qualquer tipo de ativismo referente ao aborto. Quero deixar Vossas Excel\u00eancias tranquilas referentes a isso\u201d.<\/p>\n<p>Em sabatina na Comiss\u00e3o de Constitui\u00e7\u00e3o e Justi\u00e7a (CCJ) no Senado Federal, o Advogado-Geral da Uni\u00e3o (AGU) ressaltou que o <strong>aborto deve ser \u201cobjeto de reprimenda\u201d<\/strong>. \u201cQuero at\u00e9 dizer que nenhuma pr\u00e1tica de aborto pode ser comemorada ou celebrada, muito pelo contr\u00e1rio, deve ser objeto de reprimenda. Mas isso \u00e9 a minha concep\u00e7\u00e3o pessoal, filos\u00f3fica, crist\u00e3\u201d.<\/p>\n<p>\u201cQualquer que seja a circunst\u00e2ncia, \u00e9 uma trag\u00e9dia humana. Agora, a gente precisa olhar tamb\u00e9m com humanidade \u00e0 mulher, \u00e0 adolescente, \u00e0 crian\u00e7a, a uma vida. \u00c9 por isso que a lei estabeleceu hip\u00f3teses muito restritas de excludentes da ilicitude\u201d, disse o AGU, em resposta ao senador Weverton Rocha (PDT-MA).<\/p>\n<p>Messias relembrou o parecer que enviou ao STF, onde defendeu a compet\u00eancia do Congresso Nacional para legislar sobre o aborto. \u201cNa condi\u00e7\u00e3o de Advogado-Geral da Uni\u00e3o, apresentei um parecer perante o Supremo Tribunal Federal (STF) em que defendi, de forma muito clara e categ\u00f3rica, a compet\u00eancia privativa do Congresso Nacional para legislar sobre o tema do aborto\u201d, continua.<\/p>\n<h2>Sabatina na CCJ<\/h2>\n<p>O indicado de Lula a uma vaga no STF est\u00e1 passando pela sabatina na CCJ do Senado nesta quarta-feira (29). Em sua apresenta\u00e7\u00e3o inicial, Messias afirmou que o Supremo precisa se <strong>manter aberta ao aperfei\u00e7oamento<\/strong>. \u201cA credibilidade do STF \u00e9 um <strong>compromisso<\/strong> e uma <strong>necessidade<\/strong>\u201c, disse o AGU, citando o senador de oposi\u00e7\u00e3o Magno Malta (PL-ES).<\/p>\n<p>\u201cPrecisamos por sua import\u00e2ncia, de que o STF se mantenha aberto ao aperfei\u00e7oamento. A percep\u00e7\u00e3o p\u00fablica de que Cortes supremas resistem \u00e0 autocr\u00edticas e ao aperfei\u00e7oamento institucional tendem a pressionar da rela\u00e7\u00e3o entre a jurisdi\u00e7\u00e3o e a nossa democracia\u201d, afirmou Messias.<\/p>\n<p>\u201cEm uma Rep\u00fablica, todo poder deve ser sujeitar a regras e conten\u00e7\u00f5es\u201d, completou.<\/p>\n<div class=\"PostItem\">\n<div id=\"7bf2e9ff-5ab5-4b83-b68d-a4083c0cc099\" class=\"PostItemScreen cb-post codex-card codex-card--yell codex-card--static\" data-acceptance=\"post\">\n<div class=\"cb-post-content\">\n<div class=\"cb-post__body\">\n<div class=\"post-view\">\n<div class=\"post-view__content mtr-megadraft-block\">\n<div id=\"post-view\" class=\"post-view__wrapper\">\n<p class=\"content-text__container codex-paragraph codex-paragraph--medium\" aria-hidden=\"false\" data-mrf-recirculation=\"Mat\u00e9ria - Links no Texto\">Messias aproveitou a fala inicial para fazer <strong>acenos ao Congresso<\/strong>, ap\u00f3s conflitos entre os Poderes Executivo, Judici\u00e1rio e Legislativo. \u201c\u00c9 o que me comprometo a exercitar caso venha ser aprovado por vossas excel\u00eancias. O papel da jurisdi\u00e7\u00e3o constitucional est\u00e1 exatamente colocado no processo de equil\u00edbrio entre os Poderes\u201d.<\/p>\n<\/div>\n<\/div>\n<\/div>\n<\/div>\n<\/div>\n<\/div>\n<\/div>\n<p>\u201cA justi\u00e7a n\u00e3o toma partido. N\u00e3o \u00e9 a favor ou contra. N\u00e3o aplaude e n\u00e3o censura. Acredito que esse acatamento respeitoso \u00e9 o ponto de partida para uma intera\u00e7\u00e3o sadia entre a jurisdi\u00e7\u00e3o constitucional e a pol\u00edtica\u201d.<\/p>\n<h2>\u2018Princ\u00edpios crist\u00e3os\u2019<\/h2>\n<p>Evang\u00e9lico e frequentador da Igreja Batista, Messias citou a religi\u00e3o em sua fala e afirmou que os <strong>valores crist\u00e3os o acompanham por toda jornada de sua vida<\/strong>.<\/p>\n<p>\u201cDevo lhe dizer, como servo de Deus, que os princ\u00edpios crist\u00e3o me acompanham em qualquer jornada da minha vida. Tenho certeza que o Estado laico n\u00e3o interdita considerar a base \u00e9tica crist\u00e3 que se meta \u00e0 nossa Constitui\u00e7\u00e3o. \u00c9 poss\u00edvel interpretar a Constitui\u00e7\u00e3o com f\u00e9, e n\u00e3o pela f\u00e9\u201d, disse.<\/p>\n<p>O AGU ressaltou que chegou a esse momento sem tradi\u00e7\u00e3o heredit\u00e1ria na Justi\u00e7a, mas com <strong>estudo<\/strong> e <strong>trabalho<\/strong>.<\/p>\n<p>\u201cSou nordestino, evang\u00e9lico, filho da classe m\u00e9dia brasileira, sem tradi\u00e7\u00e3o heredit\u00e1ria no Poder Judici\u00e1rio. Chego aqui pelo estudo, pelo trabalho, pela minha fam\u00edlia, pelos meus amigos, irm\u00e3os pela f\u00e9 em Deus. E, consequentemente, pela confian\u00e7a da minha trajet\u00f3ria de vida. Uma vida de disciplina e humildade, portanto uma vida verdadeiramente crist\u00e3.\u201d<\/p>\n<h2>Assista \u00e0 sabatina ao vivo:<\/h2>\n<div class=\"video-container\">\n<div class=\"youtube-video\" id=\"sAh62Cz-JZM\"><\/div>\n<\/div>\n<p><em>*Mat\u00e9ria em atualiza\u00e7\u00e3o<\/em><\/p>\n<\/div>\n","protected":false},"excerpt":{"rendered":"<p>O indicado do presidente Lula (PT) ao STF, Jorge Messias, afirmou nesta quarta-feira (29) ser totalmente contra o aborto. \u201cDa minha parte, n\u00e3o haver\u00e1 qualquer tipo de ativismo referente ao aborto. Quero deixar Vossas Excel\u00eancias tranquilas referentes a isso\u201d. Em sabatina na Comiss\u00e3o de Constitui\u00e7\u00e3o e Justi\u00e7a (CCJ) no Senado Federal, o Advogado-Geral da Uni\u00e3o [&hellip;]<\/p>\n","protected":false},"author":117,"featured_media":68891,"comment_status":"closed","ping_status":"closed","sticky":false,"template":"","format":"standard","meta":{"_themeisle_gutenberg_block_has_review":false,"_jetpack_memberships_contains_paid_content":false,"footnotes":""},"categories":[9],"tags":[129],"class_list":{"0":"post-68890","1":"post","2":"type-post","3":"status-publish","4":"format-standard","5":"has-post-thumbnail","7":"category-politica","8":"tag-politica"},"jetpack_featured_media_url":"https:\/\/crajubaremacao.com.br\/wp-content\/uploads\/2026\/04\/imagem-jvp-91-750x450-2.png","jetpack_sharing_enabled":true,"_links":{"self":[{"href":"https:\/\/crajubaremacao.com.br\/index.php?rest_route=\/wp\/v2\/posts\/68890","targetHints":{"allow":["GET"]}}],"collection":[{"href":"https:\/\/crajubaremacao.com.br\/index.php?rest_route=\/wp\/v2\/posts"}],"about":[{"href":"https:\/\/crajubaremacao.com.br\/index.php?rest_route=\/wp\/v2\/types\/post"}],"author":[{"embeddable":true,"href":"https:\/\/crajubaremacao.com.br\/index.php?rest_route=\/wp\/v2\/users\/117"}],"replies":[{"embeddable":true,"href":"https:\/\/crajubaremacao.com.br\/index.php?rest_route=%2Fwp%2Fv2%2Fcomments&post=68890"}],"version-history":[{"count":0,"href":"https:\/\/crajubaremacao.com.br\/index.php?rest_route=\/wp\/v2\/posts\/68890\/revisions"}],"wp:featuredmedia":[{"embeddable":true,"href":"https:\/\/crajubaremacao.com.br\/index.php?rest_route=\/wp\/v2\/media\/68891"}],"wp:attachment":[{"href":"https:\/\/crajubaremacao.com.br\/index.php?rest_route=%2Fwp%2Fv2%2Fmedia&parent=68890"}],"wp:term":[{"taxonomy":"category","embeddable":true,"href":"https:\/\/crajubaremacao.com.br\/index.php?rest_route=%2Fwp%2Fv2%2Fcategories&post=68890"},{"taxonomy":"post_tag","embeddable":true,"href":"https:\/\/crajubaremacao.com.br\/index.php?rest_route=%2Fwp%2Fv2%2Ftags&post=68890"}],"curies":[{"name":"wp","href":"https:\/\/api.w.org\/{rel}","templated":true}]}}