{"id":68913,"date":"2026-04-29T21:37:29","date_gmt":"2026-04-30T00:37:29","guid":{"rendered":"https:\/\/crajubaremacao.com.br\/?p=68913"},"modified":"2026-04-29T21:37:29","modified_gmt":"2026-04-30T00:37:29","slug":"feira-de-trabalhabilidade-conecta-profissionais-e-empresas-no-cariri","status":"publish","type":"post","link":"https:\/\/crajubaremacao.com.br\/?p=68913","title":{"rendered":"Feira de Trabalhabilidade conecta profissionais e empresas no Cariri"},"content":{"rendered":"<p>&nbsp;<\/p>\n<p>Imagem: L\u00edvia Monteiro\/UNINASSAU<\/p>\n<p>Evento gratuito conta com a presen\u00e7a de empresas parceiras, consultorias gratuitas de carreira e servi\u00e7os abertos ao p\u00fablico<\/p>\n<p>Em busca de aumentar o acesso a vagas de emprego e oferecer novas oportunidades para a sociedade, o UNINASSAU \u2013 Centro Universit\u00e1rio Maur\u00edcio de Nassau Juazeiro do Norte, realiza a Feira de Trabalhabilidade 2026.1. Com quase 30 empresas cadastradas, a iniciativa \u00e9 aberta ao p\u00fablico e gratuita. Ela acontece no dia 5 de maio, das 8h \u00e0s 12h, no campus S\u00e3o Miguel, localizado na Rua S\u00e3o Francisco, 1224.<\/p>\n<p>A programa\u00e7\u00e3o inclui orienta\u00e7\u00f5es sobre mercado de trabalho e entrevistas, informa\u00e7\u00f5es sobre programas de aprendizagem, minicursos, elabora\u00e7\u00e3o de curr\u00edculo, palestras, workshop e network profissional. Al\u00e9m disso, a Feira conta com stands de empresas parceiras recebendo curr\u00edculos para empregos e est\u00e1gios, al\u00e9m da possibilidade de cadastro direto na plataforma Peixe30, rede social voltada \u00e0 empregabilidade.<\/p>\n<p>Nesta edi\u00e7\u00e3o, empresas de diferentes ramos j\u00e1 confirmaram presen\u00e7a. Entre elas, est\u00e3o Caju\u00edna S\u00e3o Geraldo, CIEE, UPA, ISBET, Jodibe, Jua\u00e7o, A&amp;C, Caf\u00e9 3 Cora\u00e7\u00f5es, Col\u00e9gio Objetivo, Sine\/IDT, Farm\u00e1cia Roval, Laborat\u00f3rio Vicente Lemos e Grupo Evolu\u00e7\u00e3o. A diretora acad\u00eamica nacional da Companhia Ser Educacional \u2013 mantenedora da UNINASSAU -, Simone B\u00e9rgamo, refor\u00e7a que o objetivo desse evento \u00e9 preparar pessoas para um mercado de trabalho cada vez mais din\u00e2mico e exigente.<\/p>\n<p>\u201cA proposta vai al\u00e9m da busca imediata por uma vaga, pois tamb\u00e9m trabalha o desenvolvimento de compet\u00eancias. Promover iniciativas como essa \u00e9 cumprir o nosso papel social enquanto Institui\u00e7\u00e3o de Ensino Superior. A empregabilidade \u00e9 um dos grandes desafios da atualidade e precisamos atuar de forma ativa nesse processo, preparando nossos alunos e a comunidade para o mercado de trabalho. A Feira nasce com o intuito de conectar talentos, ampliar horizontes e contribuir para a constru\u00e7\u00e3o de trajet\u00f3rias profissionais mais s\u00f3lidas e promissoras\u201d, destaca Simone.<\/p>\n<p>N\u00e3o \u00e9 necess\u00e1rio se inscrever para participar, basta comparecer na unidade no hor\u00e1rio e na data da iniciativa. A programa\u00e7\u00e3o completa pode ser consultada por meio da conta oficial da UNINASSAU no Instagram (@uninassaujuazeirodonorte) ou do WhatsApp (88) 9.9990-3208.<\/p>\n<p>\u201cA Feira de Trabalhabilidade j\u00e1 se consolidou como uma refer\u00eancia na regi\u00e3o por promover a conex\u00e3o entre empresas e a comunidade. Nosso objetivo \u00e9 incentivar a troca de conhecimentos, ampliando as oportunidades de desenvolvimentos social, econ\u00f4mico e humano. Espero que, a partir deste momento, surjam novas oportunidades, parcerias e caminhos para fortalecer n\u00e3o apenas carreiras individuais, mas toda a comunidade\u201d, declara Milana Drumond, reitora da UNINASSAU Juazeiro do Norte.<\/p>\n<p>Pauta L\u00edvia Monteiro, assessora de imprensa da UNINASSAU Juazeiro do Norte<\/p>\n","protected":false},"excerpt":{"rendered":"<p>&nbsp; Imagem: L\u00edvia Monteiro\/UNINASSAU Evento gratuito conta com a presen\u00e7a de empresas parceiras, consultorias gratuitas de carreira e servi\u00e7os abertos ao p\u00fablico Em busca de aumentar o acesso a vagas de emprego e oferecer novas oportunidades para a sociedade, o UNINASSAU \u2013 Centro Universit\u00e1rio Maur\u00edcio de Nassau Juazeiro do Norte, realiza a Feira de Trabalhabilidade [&hellip;]<\/p>\n","protected":false},"author":130,"featured_media":68914,"comment_status":"open","ping_status":"open","sticky":false,"template":"","format":"standard","meta":{"_themeisle_gutenberg_block_has_review":false,"_jetpack_memberships_contains_paid_content":false,"footnotes":""},"categories":[4,13,123,1],"tags":[],"class_list":{"0":"post-68913","1":"post","2":"type-post","3":"status-publish","4":"format-standard","5":"has-post-thumbnail","7":"category-regiao","8":"category-economia","9":"category-educacao","10":"category-todas-noticias"},"jetpack_featured_media_url":"https:\/\/crajubaremacao.com.br\/wp-content\/uploads\/2026\/04\/IMG-20260429-WA1922.jpg","jetpack_sharing_enabled":true,"_links":{"self":[{"href":"https:\/\/crajubaremacao.com.br\/index.php?rest_route=\/wp\/v2\/posts\/68913","targetHints":{"allow":["GET"]}}],"collection":[{"href":"https:\/\/crajubaremacao.com.br\/index.php?rest_route=\/wp\/v2\/posts"}],"about":[{"href":"https:\/\/crajubaremacao.com.br\/index.php?rest_route=\/wp\/v2\/types\/post"}],"author":[{"embeddable":true,"href":"https:\/\/crajubaremacao.com.br\/index.php?rest_route=\/wp\/v2\/users\/130"}],"replies":[{"embeddable":true,"href":"https:\/\/crajubaremacao.com.br\/index.php?rest_route=%2Fwp%2Fv2%2Fcomments&post=68913"}],"version-history":[{"count":1,"href":"https:\/\/crajubaremacao.com.br\/index.php?rest_route=\/wp\/v2\/posts\/68913\/revisions"}],"predecessor-version":[{"id":68915,"href":"https:\/\/crajubaremacao.com.br\/index.php?rest_route=\/wp\/v2\/posts\/68913\/revisions\/68915"}],"wp:featuredmedia":[{"embeddable":true,"href":"https:\/\/crajubaremacao.com.br\/index.php?rest_route=\/wp\/v2\/media\/68914"}],"wp:attachment":[{"href":"https:\/\/crajubaremacao.com.br\/index.php?rest_route=%2Fwp%2Fv2%2Fmedia&parent=68913"}],"wp:term":[{"taxonomy":"category","embeddable":true,"href":"https:\/\/crajubaremacao.com.br\/index.php?rest_route=%2Fwp%2Fv2%2Fcategories&post=68913"},{"taxonomy":"post_tag","embeddable":true,"href":"https:\/\/crajubaremacao.com.br\/index.php?rest_route=%2Fwp%2Fv2%2Ftags&post=68913"}],"curies":[{"name":"wp","href":"https:\/\/api.w.org\/{rel}","templated":true}]}}