{"id":68923,"date":"2026-04-30T00:01:40","date_gmt":"2026-04-30T03:01:40","guid":{"rendered":"https:\/\/crajubaremacao.com.br\/?p=68923"},"modified":"2026-04-30T00:01:40","modified_gmt":"2026-04-30T03:01:40","slug":"derrota-historica-duro-reves-como-a-imprensa-internacional-noticiou-a-rejeicao-de-jorge-messias-ao-stf","status":"publish","type":"post","link":"https:\/\/crajubaremacao.com.br\/?p=68923","title":{"rendered":"&#8216;Derrota hist\u00f3rica&#8217;, &#8216;duro rev\u00e9s&#8217;: como a imprensa internacional noticiou a rejei\u00e7\u00e3o de Jorge Messias ao STF"},"content":{"rendered":"<div><img decoding=\"async\" src=\"https:\/\/s2-g1.glbimg.com\/RtmbAaiHJY3JRi1ETMcjMqIhwoQ=\/i.s3.glbimg.com\/v1\/AUTH_59edd422c0c84a879bd37670ae4f538a\/internal_photos\/bs\/2026\/i\/m\/GX27Z8Q6qAxeqjhVMVBg\/reuters.jpg\"><br \/>     Em derrota hist\u00f3rica, Senado rejeita a indica\u00e7\u00e3o de Jorge Messias para o STF<br \/>\nA rejei\u00e7\u00e3o da indica\u00e7\u00e3o de Jorge Messias para o cargo de ministro do Supremo Tribunal Federal (STF), nesta quarta-feira (29), foi noticiada pela imprensa internacional. Ve\u00edculos estrangeiros classificaram o placar no Senado como uma \u201cderrota hist\u00f3rica\u201d para o presidente Lula (PT).<br \/>\n&#x2705; Siga o canal de not\u00edcias internacionais do g1 no WhatsApp<br \/>\nMessias foi rejeitado por 42 votos a 34, com uma absten\u00e7\u00e3o, no Senado. A vota\u00e7\u00e3o foi secreta. O indicado de Lula precisava de ao menos 41 dos 81 votos, maioria absoluta.<br \/>\nVeja, a seguir, como alguns ve\u00edculos de imprensa internacional repercutiram a not\u00edcia.<br \/>\nThe Washington Post<br \/>\nNot\u00edcia sobre a rejei\u00e7\u00e3o de Messias ao STF no The Washington Post<br \/>\nReprodu\u00e7\u00e3o<br \/>\nO The Washington Post afirmou que o Senado brasileiro imp\u00f4s um duro golpe pol\u00edtico a Lula com a rejei\u00e7\u00e3o. O jornal norte-americano destacou que essa foi a primeira vez em mais de 130 anos que um nome indicado ao STF foi rejeitado.<br \/>\n\u201cA \u00faltima vez que o Senado brasileiro rejeitou um indicado ao Supremo Tribunal Federal foi em 1894, quando o segundo presidente do pa\u00eds, Floriano Peixoto, estava em desacordo com parlamentares\u201d, diz a reportagem.<br \/>\nBloomberg<br \/>\nNot\u00edcia da Bloomberg sobre a vota\u00e7\u00e3o da indica\u00e7\u00e3o de Messias aos STF<br \/>\nReprodu\u00e7\u00e3o<br \/>\nA ag\u00eancia de not\u00edcias Bloomberg disse que o placar desfavor\u00e1vel foi um &#8220;duro rev\u00e9s&#8221; para Lula, que est\u00e1 em busca da reelei\u00e7\u00e3o. A reportagem explica que Messias \u00e9 um dos principais assessores jur\u00eddico de Lula e um proeminente crist\u00e3o evang\u00e9lico.<br \/>\n&#8220;A indica\u00e7\u00e3o de Messias por Lula para substituir o ministro aposentado Lu\u00eds Roberto Barroso fazia parte de um esfor\u00e7o mais amplo para alcan\u00e7ar um grupo religioso e pol\u00edtico em r\u00e1pido crescimento. Visto como uma ponte com os evang\u00e9licos, Messias teria sido a terceira escolha do presidente para o tribunal no atual mandato&#8221;, afirma.<br \/>\nAinda segundo a ag\u00eancia, a derrota deve agravar as tens\u00f5es entre o governo Lula e o Legislativo.<br \/>\nReuters<br \/>\nAg\u00eancia Reuters noticia rejei\u00e7\u00e3o de Jorge Messias ao Senado<br \/>\nReprodu\u00e7\u00e3o<br \/>\nJ\u00e1 a ag\u00eancia Reuters noticiou que o epis\u00f3dio desta quarta-feira representa uma \u201cderrota pesada\u201d para Lula.<br \/>\n&#8220;O governo Lula montou, nos \u00faltimos meses, um esfor\u00e7o de articula\u00e7\u00e3o sem precedentes para tentar garantir a aprova\u00e7\u00e3o de Messias, ap\u00f3s parlamentares reagirem negativamente \u00e0 indica\u00e7\u00e3o feita em novembro pelo l\u00edder de esquerda&#8221;, diz.<br \/>\nA ag\u00eancia afirmou ainda que a indica\u00e7\u00e3o de Messias irritou o presidente do Senado, Davi Alcolumbre, que pressionava por outro nome.<br \/>\nSIC Not\u00edcias<br \/>\nJorge Messias rejeitado no Senado foi not\u00edcia na SIC Not\u00edcias<br \/>\nReprodu\u00e7\u00e3o<br \/>\nA emissora portuguesa SIC Not\u00edcias tamb\u00e9m classificou a rejei\u00e7\u00e3o de Messias como uma \u201cderrota hist\u00f3rica\u201d. A reportagem lembra que Lula indicou o advogado-geral da Uni\u00e3o para o cargo em novembro e que Alcolumbre sempre se mostrou contr\u00e1rio ao nome.<br \/>\n&#8220;Ao longo desta quarta-feira, Jorge Messias passou pela sabatina de mais de oito horas na Comiss\u00e3o de Constitui\u00e7\u00e3o e Justi\u00e7a (CCJ) do Senado, a mais importante da Casa, e fez sinaliza\u00e7\u00f5es conservadoras como forma de tentar ganhar votos da direita e da extrema-direita&#8221;, diz o texto.<br \/>\nInfobae<br \/>\nInfobae noticia rev\u00e9s de Lula com indica\u00e7\u00e3o ao STF<br \/>\nReprodu\u00e7\u00e3o<br \/>\nO site argentino Infobae destacou que a decis\u00e3o do Senado representa um fato in\u00e9dito na hist\u00f3ria recente do pa\u00eds. O texto tamb\u00e9m destaca que a derrota obriga Lula a apresentar um novo nome, que ter\u00e1 de passar novamente por todo o processo de avalia\u00e7\u00e3o e vota\u00e7\u00e3o na Casa.<br \/>\n&#8220;A nomea\u00e7\u00e3o de Messias foi anunciada em novembro, mas a sess\u00e3o foi adiada por meses devido \u00e0s rela\u00e7\u00f5es tensas entre o governo e o Senado, dominado por for\u00e7as de direita e centro-direita. A oposi\u00e7\u00e3o defende que a vaga no Supremo Tribunal Federal seja preenchida ap\u00f3s as elei\u00e7\u00f5es.&#8221;<br \/>\nO site tamb\u00e9m menciona que o cen\u00e1rio pol\u00edtico foi influenciado pela proximidade das elei\u00e7\u00f5es presidenciais, nas quais Lula busca a reelei\u00e7\u00e3o.<br \/>\nV\u00cdDEOS: mais assistidos do g1<\/div>\n","protected":false},"excerpt":{"rendered":"<p>Em derrota hist\u00f3rica, Senado rejeita a indica\u00e7\u00e3o de Jorge Messias para o STF A rejei\u00e7\u00e3o da indica\u00e7\u00e3o de Jorge Messias para o cargo de ministro do Supremo Tribunal Federal (STF), nesta quarta-feira (29), foi noticiada pela imprensa internacional. Ve\u00edculos estrangeiros classificaram o placar no Senado como uma \u201cderrota hist\u00f3rica\u201d para o presidente Lula (PT). &#x2705; [&hellip;]<\/p>\n","protected":false},"author":261,"featured_media":68924,"comment_status":"closed","ping_status":"closed","sticky":false,"template":"","format":"standard","meta":{"_themeisle_gutenberg_block_has_review":false,"_jetpack_memberships_contains_paid_content":false,"footnotes":""},"categories":[5],"tags":[155],"class_list":{"0":"post-68923","1":"post","2":"type-post","3":"status-publish","4":"format-standard","5":"has-post-thumbnail","7":"category-internacionais","8":"tag-mundo"},"jetpack_featured_media_url":"https:\/\/crajubaremacao.com.br\/wp-content\/uploads\/2026\/04\/reuters.jpg","jetpack_sharing_enabled":true,"_links":{"self":[{"href":"https:\/\/crajubaremacao.com.br\/index.php?rest_route=\/wp\/v2\/posts\/68923","targetHints":{"allow":["GET"]}}],"collection":[{"href":"https:\/\/crajubaremacao.com.br\/index.php?rest_route=\/wp\/v2\/posts"}],"about":[{"href":"https:\/\/crajubaremacao.com.br\/index.php?rest_route=\/wp\/v2\/types\/post"}],"author":[{"embeddable":true,"href":"https:\/\/crajubaremacao.com.br\/index.php?rest_route=\/wp\/v2\/users\/261"}],"replies":[{"embeddable":true,"href":"https:\/\/crajubaremacao.com.br\/index.php?rest_route=%2Fwp%2Fv2%2Fcomments&post=68923"}],"version-history":[{"count":0,"href":"https:\/\/crajubaremacao.com.br\/index.php?rest_route=\/wp\/v2\/posts\/68923\/revisions"}],"wp:featuredmedia":[{"embeddable":true,"href":"https:\/\/crajubaremacao.com.br\/index.php?rest_route=\/wp\/v2\/media\/68924"}],"wp:attachment":[{"href":"https:\/\/crajubaremacao.com.br\/index.php?rest_route=%2Fwp%2Fv2%2Fmedia&parent=68923"}],"wp:term":[{"taxonomy":"category","embeddable":true,"href":"https:\/\/crajubaremacao.com.br\/index.php?rest_route=%2Fwp%2Fv2%2Fcategories&post=68923"},{"taxonomy":"post_tag","embeddable":true,"href":"https:\/\/crajubaremacao.com.br\/index.php?rest_route=%2Fwp%2Fv2%2Ftags&post=68923"}],"curies":[{"name":"wp","href":"https:\/\/api.w.org\/{rel}","templated":true}]}}