{"id":68925,"date":"2026-04-30T03:00:22","date_gmt":"2026-04-30T06:00:22","guid":{"rendered":"https:\/\/crajubaremacao.com.br\/?p=68925"},"modified":"2026-04-30T03:00:22","modified_gmt":"2026-04-30T06:00:22","slug":"policia-confirma-terceira-morte-apos-ataque-a-tiros-em-festa-organizada-por-faccao-no-crato","status":"publish","type":"post","link":"https:\/\/crajubaremacao.com.br\/?p=68925","title":{"rendered":"Pol\u00edcia confirma terceira morte ap\u00f3s ataque a tiros em festa organizada por fac\u00e7\u00e3o no Crato"},"content":{"rendered":"<div><img decoding=\"async\" src=\"https:\/\/s2-g1.glbimg.com\/NkQb-hCmdIsUxC0ZFoYMnYo7SAc=\/i.s3.glbimg.com\/v1\/AUTH_59edd422c0c84a879bd37670ae4f538a\/internal_photos\/bs\/2026\/K\/N\/Cs4mpZTEW7HJCU46hVTg\/whatsapp-image-2026-04-26-at-12.26.39.jpeg\"><br \/>     Ataque a tiros deixa um morto e seis feridos durante festa de fac\u00e7\u00e3o no Cear\u00e1<br \/>\nSubiu para tr\u00eas o n\u00famero de mortos ap\u00f3s um ataque a tiros durante uma festa organizada por uma fac\u00e7\u00e3o no Crato, na regi\u00e3o do Cariri. O crime aconteceu no \u00faltimo domingo (26) e um homem de 22 anos morreu no local. Outras seis pessoas ficaram feridas. Entre elas, dois adolescentes de 16 anos, que morreram nos dias seguintes.<br \/>\nA morte de um adolescente foi confirmada nesta quarta-feira (29). O homem que morreu no local foi identificado como Vinicius Regiano de Oliveira &#8211; enquanto as outras v\u00edtimas n\u00e3o tiveram a identidade revelada.<\/p>\n<p>Clique aqui para seguir o canal do g1 Cear\u00e1 no WhatsApp<br \/>\nO ataque ocorreu por volta das 0h40 do domingo. Segundo informa\u00e7\u00f5es policiais, os suspeitos chegaram ao local, uma ch\u00e1cara, for\u00e7aram a entrada e atiraram contra os participantes da comemora\u00e7\u00e3o.<br \/>\nAl\u00e9m da morte registrada no local, seis jovens, com idades entre 16 e 18 anos, foram baleados e socorridas para unidades de sa\u00fade do munic\u00edpio.<br \/>\nLEIA TAMB\u00c9M:<br \/>\nNamorado suspeito de agredir e sequestrar adolescente de 17 anos \u00e9 encontrado morto no Cear\u00e1<br \/>\nPol\u00edcia prende 11 criminosos em opera\u00e7\u00e3o contra fac\u00e7\u00e3o em Juazeiro do Norte, no Cear\u00e1<br \/>\nOs suspeitos de envolvimento no crime ainda n\u00e3o foram identificados nem capturados. A Secretaria de Seguran\u00e7a P\u00fablica e Defesa Social (SSPDS) informou que &#8220;a Pol\u00edcia Militar segue com opera\u00e7\u00f5es ostensivas na regi\u00e3o. Os trabalhos de investiga\u00e7\u00e3o est\u00e3o a cargo da Delegacia de Pol\u00edcia Civil de Crato e do Departamento de Pol\u00edcia Judici\u00e1ria do Interior Sul (DPJI &#8211; Sul)&#8221;.<br \/>\nNo local do crime, estiveram no local da ocorr\u00eancia equipes da For\u00e7a T\u00e1tica (FT) e do Policiamento Ostensivo Geral (POG) pertencentes ao 2\u00ba Batalh\u00e3o da Pol\u00edcia Militar (2\u00ba BPM), do Batalh\u00e3o de Pol\u00edcia de Choque (BPChoque) e do Batalh\u00e3o Especializado em Policiamento do Interior (Bepi), unidades especializadas da Pol\u00edcia Militar, al\u00e9m da Per\u00edcia Forense e da Pol\u00edcia Civil.<br \/>\nSete pessoas s\u00e3o baleadas em ataque a festa de fac\u00e7\u00e3o no Crato<br \/>\nReprodu\u00e7\u00e3o<br \/>\nAssista aos v\u00eddeos mais vistos no Cear\u00e1:<\/p><\/div>\n","protected":false},"excerpt":{"rendered":"<p>Ataque a tiros deixa um morto e seis feridos durante festa de fac\u00e7\u00e3o no Cear\u00e1 Subiu para tr\u00eas o n\u00famero de mortos ap\u00f3s um ataque a tiros durante uma festa organizada por uma fac\u00e7\u00e3o no Crato, na regi\u00e3o do Cariri. O crime aconteceu no \u00faltimo domingo (26) e um homem de 22 anos morreu no [&hellip;]<\/p>\n","protected":false},"author":264,"featured_media":68926,"comment_status":"closed","ping_status":"closed","sticky":false,"template":"","format":"standard","meta":{"_themeisle_gutenberg_block_has_review":false,"_jetpack_memberships_contains_paid_content":false,"footnotes":""},"categories":[4],"tags":[127,130],"class_list":{"0":"post-68925","1":"post","2":"type-post","3":"status-publish","4":"format-standard","5":"has-post-thumbnail","7":"category-regiao","8":"tag-cariri","9":"tag-ceara"},"jetpack_featured_media_url":"https:\/\/crajubaremacao.com.br\/wp-content\/uploads\/2026\/04\/whatsapp-image-2026-04-26-at-122639.jpeg","jetpack_sharing_enabled":true,"_links":{"self":[{"href":"https:\/\/crajubaremacao.com.br\/index.php?rest_route=\/wp\/v2\/posts\/68925","targetHints":{"allow":["GET"]}}],"collection":[{"href":"https:\/\/crajubaremacao.com.br\/index.php?rest_route=\/wp\/v2\/posts"}],"about":[{"href":"https:\/\/crajubaremacao.com.br\/index.php?rest_route=\/wp\/v2\/types\/post"}],"author":[{"embeddable":true,"href":"https:\/\/crajubaremacao.com.br\/index.php?rest_route=\/wp\/v2\/users\/264"}],"replies":[{"embeddable":true,"href":"https:\/\/crajubaremacao.com.br\/index.php?rest_route=%2Fwp%2Fv2%2Fcomments&post=68925"}],"version-history":[{"count":0,"href":"https:\/\/crajubaremacao.com.br\/index.php?rest_route=\/wp\/v2\/posts\/68925\/revisions"}],"wp:featuredmedia":[{"embeddable":true,"href":"https:\/\/crajubaremacao.com.br\/index.php?rest_route=\/wp\/v2\/media\/68926"}],"wp:attachment":[{"href":"https:\/\/crajubaremacao.com.br\/index.php?rest_route=%2Fwp%2Fv2%2Fmedia&parent=68925"}],"wp:term":[{"taxonomy":"category","embeddable":true,"href":"https:\/\/crajubaremacao.com.br\/index.php?rest_route=%2Fwp%2Fv2%2Fcategories&post=68925"},{"taxonomy":"post_tag","embeddable":true,"href":"https:\/\/crajubaremacao.com.br\/index.php?rest_route=%2Fwp%2Fv2%2Ftags&post=68925"}],"curies":[{"name":"wp","href":"https:\/\/api.w.org\/{rel}","templated":true}]}}