{"id":68929,"date":"2026-04-30T03:00:40","date_gmt":"2026-04-30T06:00:40","guid":{"rendered":"https:\/\/crajubaremacao.com.br\/?p=68929"},"modified":"2026-04-30T03:00:40","modified_gmt":"2026-04-30T06:00:40","slug":"camara-aprova-projeto-que-regulamenta-a-jornada-de-trabalho-de-policiais-e-bombeiros-militares-proposta-limita-a-jornada-comum-a-144-horas-mensais-texto-vai-ao-senado-compartilhe-versao-para-impress","status":"publish","type":"post","link":"https:\/\/crajubaremacao.com.br\/?p=68929","title":{"rendered":"C\u00e2mara aprova projeto que regulamenta a jornada de trabalho de policiais e bombeiros militares Proposta limita a jornada comum a 144 horas mensais; texto vai ao Senado  Compartilhe Vers\u00e3o para impress\u00e3o   Fonte: Ag\u00eancia C\u00e2mara de Not\u00edcias"},"content":{"rendered":"<div>\n<p>\u00a0<img decoding=\"async\" alt=\"Discuss\u00e3o e vota\u00e7\u00e3o de propostas legislativas. Dep. Coronel Meira (PL - PE)\" src=\"https:\/\/www.camara.leg.br\/midias\/image\/2026\/04\/img20260429212835155-768x473.jpg\" style=\"height: auto; width: 100%;\"><\/p>\n<div class=\"image-container\" data-midia=\"1267750\" id=\"image-container-1267750\" style=\"float: none; margin: 45px 0px; width: 100%;\">\n<div class=\"midia-legenda\">Coronel Meira: a proposta corrige distor\u00e7\u00e3o hist\u00f3rica na organiza\u00e7\u00e3o da jornada de trabalho<\/div>\n<\/p><\/div>\n<p>A C\u00e2mara dos Deputados aprovou projeto de lei que limita a 144 horas mensais a jornada de trabalho de policiais militares e bombeiros militares. A proposta ser\u00e1 enviada ao Senado.<\/p>\n<p>De autoria do deputado Sargento Portugal (Pode-RJ) e <a href=\"https:\/\/www.camara.leg.br\/proposicoesWeb\/prop_autores?idProposicao=2412181\" rel=\"noopener noreferrer\" target=\"_blank\">outros<\/a>, o Projeto de Lei 5967\/23 foi aprovado na forma de <span class=\"termoGlossario\" contenteditable=\"false\" data-original-title=\"Nome que se d\u00e1 ao texto que altera substancialmente o conte\u00fado original da proposta. O substitutivo \u00e9 apresentado pelo relator e tem prefer\u00eancia na vota\u00e7\u00e3o sobre o projeto original.\" data-placement=\"top\" data-toggle=\"tooltip\" id=\"4098\" title=\"\">substitutivo<\/span> do relator, deputado Coronel Meira (PL-PE).<\/p>\n<p>O texto fixa a jornada de trabalho normal nessas 144 horas mensais, exceto para as escalas dos servi\u00e7os ordin\u00e1rios com carga hor\u00e1ria de 24 horas por plant\u00e3o. Nesses casos, o limite mensal de horas ser\u00e1 de 192 horas devido \u00e0 natureza das atividades e car\u00e1ter do servi\u00e7o.<\/p>\n<p>Quando a rotina ordin\u00e1ria de servi\u00e7o trabalhada exceder as 144 horas mensais, o excesso dever\u00e1 ser adicionado a banco de horas como cr\u00e9dito de horas extras. Se o trabalho a mais ocorrer em domingos e feriados, a contagem das horas do banco ser\u00e1 em dobro.<\/p>\n<p>Coronel Meira afirmou que a proposta corrige distor\u00e7\u00e3o hist\u00f3rica na organiza\u00e7\u00e3o da jornada de trabalho dos policiais e bombeiros militares. &#8220;A lacuna na legisla\u00e7\u00e3o federal tem permitido a consolida\u00e7\u00e3o de escalas que, n\u00e3o raras vezes, ultrapassam limites razo\u00e1veis de resist\u00eancia f\u00edsica e mental&#8221;, disse, ao citar que essas jornadas muitas vezes atingem quem trabalha diretamente nas ruas.<\/p>\n<p>Segundo Meira, a disponibilidade integral exigida pela natureza das atividades exercidas por policiais e bombeiros n\u00e3o pode ser confundida com exaust\u00e3o permanente, principalmente porque a fadiga cr\u00f4nica afeta a capacidade de resposta e fragiliza a prote\u00e7\u00e3o da sociedade. &#8220;Seguran\u00e7a p\u00fablica forte pressup\u00f5e profissionais respeitados, protegidos e submetidos a condi\u00e7\u00f5es de trabalho dignas&#8221;, declarou.<\/p>\n<p>Meira afirmou que nenhuma corpora\u00e7\u00e3o se fortalece &#8220;moendo&#8221; seus pr\u00f3prios integrantes. Para ele, o texto impede que a excepcionalidade vire regra e reconhece o excesso da jornada no banco de horas. &#8220;Quem protege a sociedade tamb\u00e9m precisa ser protegido pelo Estado&#8221;, disse.<\/p>\n<p>O projeto altera o <a class=\"linkLegislacao\" href=\"https:\/\/www2.camara.gov.br\/legin\/fed\/declei\/1960-1969\/decreto-lei-667-2-julho-1969-374170-norma-pe.html\">Decreto-Lei 667\/69<\/a>, que reorganizou \u00e0 \u00e9poca as carreiras. Atualmente, o artigo do decreto-lei no qual s\u00e3o feitas as mudan\u00e7as remete a disciplina de direitos desses profissionais a leis espec\u00edficas dos estados e do Distrito Federal.<\/p>\n<p><strong>Turnos adicionais<\/strong><br \/>\n\t\t\t\tO texto aprovado condiciona a convoca\u00e7\u00e3o dos policiais e bombeiros militares para cumprir turnos adicionais e extraordin\u00e1rios de servi\u00e7o de forma compuls\u00f3ria a casos listados como motivos para atender necessidades tempor\u00e1rias de recursos humanos, necessidades imperiosas de servi\u00e7o, extrema necessidade do servi\u00e7o e demais nomenclaturas correlatas da administra\u00e7\u00e3o p\u00fablica:<\/p>\n<ul>\n<li>estado de s\u00edtio;<\/li>\n<li>estado de defesa;<\/li>\n<li>estado de guerra;<\/li>\n<li>estado de calamidade p\u00fablica;<\/li>\n<li>interven\u00e7\u00e3o federal.<\/li>\n<\/ul>\n<p><strong>Debate em Plen\u00e1rio<\/strong><br \/>\n\t\t\t\tDurante o debate em Plen\u00e1rio, o deputado Sargento Gon\u00e7alves (PL-RN) afirmou que a proposta &#8220;liberta policiais e bombeiros militares de uma escravid\u00e3o&#8221;. Gon\u00e7alves \u00e9 um dos autores da proposta.<\/p>\n<p>J\u00e1 o deputado Sargento Fahur (PL-PR) disse que nunca recebeu hora extra quando precisou ir al\u00e9m da jornada por alguma ocorr\u00eancia mais demorada. &#8220;Chega de explorar o policial e o bombeiro militar. Chega de escravid\u00e3o para o profissional de seguran\u00e7a p\u00fablica. Hoje arrebentamos essa corrente&#8221;, declarou o deputado, que tamb\u00e9m \u00e9 autor do projeto.<\/p>\n<p>Para o deputado Helder Salom\u00e3o (PT-ES), no entanto, a proposta pode ser questionada sobre sua constitucionalidade. &#8220;A compet\u00eancia sobre o legislar para policiais e bombeiros militares \u00e9 do governo estadual&#8221;, declarou, ressaltando ser a favor do texto.<\/p>\n<p><a href=\"https:\/\/www.camara.leg.br\/noticias\/573454-SAIBA-MAIS-SOBRE-A-TRAMITACAO-DE-PROJETOS-DE-LEI\">Saiba mais sobre a tramita\u00e7\u00e3o de projetos de lei<\/a><\/p>\n<\/p>\n<p style=\"font-size: 0.8rem; font-weight: 700;\">Reportagem \u2013 Eduardo Piovesan e Tiago Miranda<br \/>Edi\u00e7\u00e3o \u2013 Pierre Triboli<\/p>\n<p>Fonte: Ag\u00eancia C\u00e2mara de Not\u00edcias<\/p>\n<\/div>\n","protected":false},"excerpt":{"rendered":"<p>\u00a0 Coronel Meira: a proposta corrige distor\u00e7\u00e3o hist\u00f3rica na organiza\u00e7\u00e3o da jornada de trabalho A C\u00e2mara dos Deputados aprovou projeto de lei que limita a 144 horas mensais a jornada de trabalho de policiais militares e bombeiros militares. A proposta ser\u00e1 enviada ao Senado. De autoria do deputado Sargento Portugal (Pode-RJ) e outros, o Projeto [&hellip;]<\/p>\n","protected":false},"author":88,"featured_media":68930,"comment_status":"closed","ping_status":"closed","sticky":false,"template":"","format":"standard","meta":{"_themeisle_gutenberg_block_has_review":false,"_jetpack_memberships_contains_paid_content":false,"footnotes":""},"categories":[4],"tags":[127,130],"class_list":{"0":"post-68929","1":"post","2":"type-post","3":"status-publish","4":"format-standard","5":"has-post-thumbnail","7":"category-regiao","8":"tag-cariri","9":"tag-ceara"},"jetpack_featured_media_url":"https:\/\/crajubaremacao.com.br\/wp-content\/uploads\/2026\/04\/img20260429212835155-768x473-1.jpg","jetpack_sharing_enabled":true,"_links":{"self":[{"href":"https:\/\/crajubaremacao.com.br\/index.php?rest_route=\/wp\/v2\/posts\/68929","targetHints":{"allow":["GET"]}}],"collection":[{"href":"https:\/\/crajubaremacao.com.br\/index.php?rest_route=\/wp\/v2\/posts"}],"about":[{"href":"https:\/\/crajubaremacao.com.br\/index.php?rest_route=\/wp\/v2\/types\/post"}],"author":[{"embeddable":true,"href":"https:\/\/crajubaremacao.com.br\/index.php?rest_route=\/wp\/v2\/users\/88"}],"replies":[{"embeddable":true,"href":"https:\/\/crajubaremacao.com.br\/index.php?rest_route=%2Fwp%2Fv2%2Fcomments&post=68929"}],"version-history":[{"count":0,"href":"https:\/\/crajubaremacao.com.br\/index.php?rest_route=\/wp\/v2\/posts\/68929\/revisions"}],"wp:featuredmedia":[{"embeddable":true,"href":"https:\/\/crajubaremacao.com.br\/index.php?rest_route=\/wp\/v2\/media\/68930"}],"wp:attachment":[{"href":"https:\/\/crajubaremacao.com.br\/index.php?rest_route=%2Fwp%2Fv2%2Fmedia&parent=68929"}],"wp:term":[{"taxonomy":"category","embeddable":true,"href":"https:\/\/crajubaremacao.com.br\/index.php?rest_route=%2Fwp%2Fv2%2Fcategories&post=68929"},{"taxonomy":"post_tag","embeddable":true,"href":"https:\/\/crajubaremacao.com.br\/index.php?rest_route=%2Fwp%2Fv2%2Ftags&post=68929"}],"curies":[{"name":"wp","href":"https:\/\/api.w.org\/{rel}","templated":true}]}}