{"id":68933,"date":"2026-04-30T06:00:21","date_gmt":"2026-04-30T09:00:21","guid":{"rendered":"https:\/\/crajubaremacao.com.br\/?p=68933"},"modified":"2026-04-30T06:00:21","modified_gmt":"2026-04-30T09:00:21","slug":"os-maiores-artilheiros-da-selecao-da-croacia-na-historia-das-copas-do-mundo","status":"publish","type":"post","link":"https:\/\/crajubaremacao.com.br\/?p=68933","title":{"rendered":"Os maiores artilheiros da sele\u00e7\u00e3o da Cro\u00e1cia na hist\u00f3ria das Copas do Mundo"},"content":{"rendered":"<div>\n<div style=\"margin-bottom: 15px;\"><img decoding=\"async\" class=\"type:primaryImage\" src=\"https:\/\/jpimg.com.br\/uploads\/2026\/04\/davor-Suker-e-ivan-perisic-750x423.jpg\"><\/div>\n<p><?xml encoding=\"UTF-8\"><\/p>\n<p><span style=\"font-weight: 400;\">Se voc\u00ea chegou aqui se perguntando <\/span><b>quem \u00e9 o maior artilheiro da sele\u00e7\u00e3o da Cro\u00e1cia na hist\u00f3ria das copas do mundo<\/b><span style=\"font-weight: 400;\">, a resposta exata revela um empate hist\u00f3rico. O lend\u00e1rio atacante <\/span><b>Davor \u0160uker<\/b><span style=\"font-weight: 400;\"> e o vers\u00e1til ponta <\/span><b>Ivan Peri\u0161i\u0107<\/b><span style=\"font-weight: 400;\"> dividem o topo dessa estat\u00edstica, ambos com <\/span><b>seis gols marcados no torneio<\/b><span style=\"font-weight: 400;\">. A grande diferen\u00e7a entre eles \u00e9 o tempo necess\u00e1rio para atingir o recorde: enquanto \u0160uker cravou seu nome em uma \u00fanica e avassaladora edi\u00e7\u00e3o, Peri\u0161i\u0107 construiu seu legado somando tentos ao longo de tr\u00eas mundiais consecutivos.<\/span><\/p>\n<h2><span style=\"font-weight: 400;\">Duas gera\u00e7\u00f5es no topo: a explos\u00e3o de \u0160uker e a regularidade de Peri\u0161i\u0107<\/span><\/h2>\n<p><span style=\"font-weight: 400;\">Para entender o tamanho desse feito, \u00e9 fundamental olhar para contextos de \u00e9pocas distintas. Na <\/span><b>Copa da Fran\u00e7a em 1998<\/b><span style=\"font-weight: 400;\">, a Cro\u00e1cia disputava a competi\u00e7\u00e3o de forma in\u00e9dita como na\u00e7\u00e3o independente. Foi exatamente nesse palco que <\/span><b>Davor \u0160uker anotou seis gols<\/b><span style=\"font-weight: 400;\"> em sete partidas disputadas. Ele n\u00e3o s\u00f3 conduziu o time a um impressionante terceiro lugar, como tamb\u00e9m faturou a <\/span><b>Chuteira de Ouro daquele ano<\/b><span style=\"font-weight: 400;\">, superando estrelas globais ao vazar as defesas da Alemanha, Fran\u00e7a e Holanda.<\/span><\/p>\n<p><span style=\"font-weight: 400;\">Duas d\u00e9cadas mais tarde, <\/span><b>Ivan Peri\u0161i\u0107<\/b><span style=\"font-weight: 400;\"> pavimentou uma trajet\u00f3ria diferente para encostar na lenda. O atual camisa 4 croata come\u00e7ou a contagem balan\u00e7ando as redes <\/span><b>duas vezes no Brasil em 2014<\/b><span style=\"font-weight: 400;\">. Na edi\u00e7\u00e3o seguinte, provou sua veia decisiva com <\/span><b>tr\u00eas gols na R\u00fassia em 2018<\/b><span style=\"font-weight: 400;\">, incluindo o gol de empate na final contra os franceses. A marca hist\u00f3rica foi consolidada ao <\/span><b>anotar seu sexto gol no Catar em 2022<\/b><span style=\"font-weight: 400;\">, num tenso duelo de oitavas de final contra o Jap\u00e3o.<\/span><\/p>\n<h2><span style=\"font-weight: 400;\">Ranking completo dos goleadores croatas em mundiais<\/span><\/h2>\n<p><span style=\"font-weight: 400;\">Abaixo dos l\u00edderes absolutos, a rela\u00e7\u00e3o de <\/span><b>jogadores mais letais da sele\u00e7\u00e3o europeia<\/b><span style=\"font-weight: 400;\"> \u00e9 composta por atletas que marcaram a \u00faltima d\u00e9cada do esporte e impulsionaram as melhores campanhas do pa\u00eds.<\/span><\/p>\n<h3><span style=\"font-weight: 400;\">1\u00ba lugar: Davor \u0160uker (6 gols)<\/span><\/h3>\n<p><span style=\"font-weight: 400;\">O lend\u00e1rio ex-jogador do Real Madrid precisou de <\/span><b>uma \u00fanica edi\u00e7\u00e3o do torneio<\/b><span style=\"font-weight: 400;\"> para estabelecer a marca que duraria d\u00e9cadas, transformando-se no rosto do futebol croata nos anos 1990.<\/span><\/p>\n<h3><span style=\"font-weight: 400;\">1\u00ba lugar: Ivan Peri\u0161i\u0107 (6 gols)<\/span><\/h3>\n<p><span style=\"font-weight: 400;\">O atacante de beirada provou sua import\u00e2ncia t\u00e1tica ao manter <\/span><b>alta produtividade em tr\u00eas Copas<\/b><span style=\"font-weight: 400;\">. Ele det\u00e9m o recorde de participa\u00e7\u00f5es diretas em gols da sele\u00e7\u00e3o em grandes competi\u00e7\u00f5es.<\/span><\/p>\n<h3><span style=\"font-weight: 400;\">3\u00ba lugar: Mario Mand\u017euki\u0107 (5 gols)<\/span><\/h3>\n<p><span style=\"font-weight: 400;\">Pilar fundamental da equipe vice-campe\u00e3, o centroavante foi letal na grande \u00e1rea. Mand\u017euki\u0107 cravou <\/span><b>dois gols em 2014 e tr\u00eas em 2018<\/b><span style=\"font-weight: 400;\">, com destaque absoluto para o gol da classifica\u00e7\u00e3o na prorroga\u00e7\u00e3o contra a Inglaterra.<\/span><\/p>\n<h3><span style=\"font-weight: 400;\">4\u00ba lugar: Andrej Kramari\u0107 (3 gols)<\/span><\/h3>\n<p><span style=\"font-weight: 400;\">Conhecido por seu posicionamento inteligente, o atacante <\/span><b>deixou sua marca na R\u00fassia<\/b><span style=\"font-weight: 400;\"> e brilhou com <\/span><b>dois gols no Catar<\/b><span style=\"font-weight: 400;\">, liderando o setor ofensivo do atual ciclo sob o comando de Zlatko Dali\u0107.<\/span><\/p>\n<h3><span style=\"font-weight: 400;\">5\u00ba lugar: Empate triplo (2 gols cada)<\/span><\/h3>\n<p><span style=\"font-weight: 400;\">A base do ranking traz um empate entre tr\u00eas nomes hist\u00f3ricos. O meia <\/span><b>Luka Modri\u0107<\/b><span style=\"font-weight: 400;\"> (eleito o melhor jogador do mundial de 2018), o explosivo atacante <\/span><b>Ivica Oli\u0107<\/b><span style=\"font-weight: 400;\"> e o habilidoso <\/span><b>Robert Prosine\u010dki<\/b><span style=\"font-weight: 400;\"> fecham a lista, cada um somando dois tentos em edi\u00e7\u00f5es de Copa do Mundo.<\/span><\/p>\n<h2><span style=\"font-weight: 400;\">O atual cen\u00e1rio de quebra de recordes no futebol croata<\/span><\/h2>\n<p><span style=\"font-weight: 400;\">Pensando no futuro imediato e na <\/span><b>Copa do Mundo de 2026<\/b><span style=\"font-weight: 400;\">, a estrutura desse p\u00f3dio tem grandes chances de passar por atualiza\u00e7\u00f5es. Como a sele\u00e7\u00e3o croata j\u00e1 confirmou sua presen\u00e7a no torneio ap\u00f3s sobrar no Grupo L das eliminat\u00f3rias europeias, <\/span><b>Andrej Kramari\u0107<\/b><span style=\"font-weight: 400;\"> surge como o atleta em atividade com a maior probabilidade matem\u00e1tica de encostar nos l\u00edderes.<\/span><\/p>\n<p><span style=\"font-weight: 400;\">As aten\u00e7\u00f5es, no entanto, tamb\u00e9m se voltam para a pr\u00f3pria ponta da tabela. A presen\u00e7a de <\/span><b>Ivan Peri\u0161i\u0107 no pr\u00f3ximo mundial<\/b><span style=\"font-weight: 400;\"> significa que o recorde geral pode finalmente pertencer a um \u00fanico atleta. Se o experiente jogador conseguir marcar apenas mais uma vez nos gramados norte-americanos, ele ultrapassar\u00e1 \u0160uker para se tornar, <\/span><b>de forma totalmente isolada<\/b><span style=\"font-weight: 400;\">, o detentor m\u00e1ximo dessa honraria no pa\u00eds.<\/span><\/p>\n<p><span style=\"font-weight: 400;\">O ac\u00famulo de jogadores recentes nas primeiras posi\u00e7\u00f5es deste ranking comprova que o futebol croata, mesmo lidando com uma base populacional reduzida, consolidou um <\/span><b>sistema de revela\u00e7\u00e3o de talentos<\/b><span style=\"font-weight: 400;\"> incrivelmente eficiente. Os gols que colocaram a equipe na rota das medalhas evidenciam um projeto esportivo forte, que se recusa a assumir o papel de mero coadjuvante nos palcos mais pesados do futebol mundial.<\/span><\/p>\n<\/div>\n","protected":false},"excerpt":{"rendered":"<p>Se voc\u00ea chegou aqui se perguntando quem \u00e9 o maior artilheiro da sele\u00e7\u00e3o da Cro\u00e1cia na hist\u00f3ria das copas do mundo, a resposta exata revela um empate hist\u00f3rico. O lend\u00e1rio atacante Davor \u0160uker e o vers\u00e1til ponta Ivan Peri\u0161i\u0107 dividem o topo dessa estat\u00edstica, ambos com seis gols marcados no torneio. A grande diferen\u00e7a entre [&hellip;]<\/p>\n","protected":false},"author":260,"featured_media":68934,"comment_status":"closed","ping_status":"closed","sticky":false,"template":"","format":"standard","meta":{"_themeisle_gutenberg_block_has_review":false,"_jetpack_memberships_contains_paid_content":false,"footnotes":""},"categories":[12],"tags":[153],"class_list":{"0":"post-68933","1":"post","2":"type-post","3":"status-publish","4":"format-standard","5":"has-post-thumbnail","7":"category-esportes","8":"tag-esportes"},"jetpack_featured_media_url":"https:\/\/crajubaremacao.com.br\/wp-content\/uploads\/2026\/04\/davor-Suker-e-ivan-perisic-750x423-1.jpg","jetpack_sharing_enabled":true,"_links":{"self":[{"href":"https:\/\/crajubaremacao.com.br\/index.php?rest_route=\/wp\/v2\/posts\/68933","targetHints":{"allow":["GET"]}}],"collection":[{"href":"https:\/\/crajubaremacao.com.br\/index.php?rest_route=\/wp\/v2\/posts"}],"about":[{"href":"https:\/\/crajubaremacao.com.br\/index.php?rest_route=\/wp\/v2\/types\/post"}],"author":[{"embeddable":true,"href":"https:\/\/crajubaremacao.com.br\/index.php?rest_route=\/wp\/v2\/users\/260"}],"replies":[{"embeddable":true,"href":"https:\/\/crajubaremacao.com.br\/index.php?rest_route=%2Fwp%2Fv2%2Fcomments&post=68933"}],"version-history":[{"count":0,"href":"https:\/\/crajubaremacao.com.br\/index.php?rest_route=\/wp\/v2\/posts\/68933\/revisions"}],"wp:featuredmedia":[{"embeddable":true,"href":"https:\/\/crajubaremacao.com.br\/index.php?rest_route=\/wp\/v2\/media\/68934"}],"wp:attachment":[{"href":"https:\/\/crajubaremacao.com.br\/index.php?rest_route=%2Fwp%2Fv2%2Fmedia&parent=68933"}],"wp:term":[{"taxonomy":"category","embeddable":true,"href":"https:\/\/crajubaremacao.com.br\/index.php?rest_route=%2Fwp%2Fv2%2Fcategories&post=68933"},{"taxonomy":"post_tag","embeddable":true,"href":"https:\/\/crajubaremacao.com.br\/index.php?rest_route=%2Fwp%2Fv2%2Ftags&post=68933"}],"curies":[{"name":"wp","href":"https:\/\/api.w.org\/{rel}","templated":true}]}}